{"id":48963,"date":"2025-05-30T15:24:48","date_gmt":"2025-05-30T18:24:48","guid":{"rendered":"https:\/\/atecordoba.org\/?p=48963"},"modified":"2025-06-02T10:44:34","modified_gmt":"2025-06-02T13:44:34","slug":"radio-abierta-en-tribunales-acompano-la-declaracion-de-federico-giuliani-en-la-causa-armada-por-el-fiscal-de-aragon","status":"publish","type":"post","link":"https:\/\/atecordoba.org\/?p=48963","title":{"rendered":"Radio Abierta en Tribunales acompa\u00f1\u00f3 la declaraci\u00f3n de Federico Giuliani en la causa armada por el fiscal De Arag\u00f3n"},"content":{"rendered":"<p><img loading=\"lazy\" decoding=\"async\" class=\"aligncenter wp-image-48964 size-full\" src=\"https:\/\/atecordoba.org\/wp-content\/uploads\/2025\/05\/Captura-de-pantalla-2025-05-30-150757.png\" alt=\"\" width=\"602\" height=\"326\" srcset=\"https:\/\/atecordoba.org\/wp-content\/uploads\/2025\/05\/Captura-de-pantalla-2025-05-30-150757.png 602w, https:\/\/atecordoba.org\/wp-content\/uploads\/2025\/05\/Captura-de-pantalla-2025-05-30-150757-300x162.png 300w\" sizes=\"auto, (max-width: 602px) 100vw, 602px\" \/>Hoy se realiz\u00f3 una Radio Abierta en la puerta de Tribunales II, en el marco de la declaraci\u00f3n que debi\u00f3 llevar a cabo el secretario General de ATE C\u00f3rdoba, Federico Giuliani, por la causa penal armada por el fiscal provincial Ernesto De Arag\u00f3n por participar el dirigente estatal en una protesta contra la presencia del Presidente Milei en C\u00f3rdoba, el 25 de mayo de 2024.<\/p>\n<p>Giuliani cont\u00f3 en la oportunidad de numeros sectores de trabajo, dirigentes de ATE y referentes de distintas organizaciones sociales, sindicales y pol\u00edticas. Se destac\u00f3 la numerosa presencia de militancia de la FENAT-CTAA, encabezada por su secretaria General, Silvia Alcoba.<img loading=\"lazy\" decoding=\"async\" class=\"aligncenter wp-image-48965 size-full\" src=\"https:\/\/atecordoba.org\/wp-content\/uploads\/2025\/05\/Captura-de-pantalla-2025-05-30-150532.png\" alt=\"\" width=\"600\" height=\"422\" srcset=\"https:\/\/atecordoba.org\/wp-content\/uploads\/2025\/05\/Captura-de-pantalla-2025-05-30-150532.png 600w, https:\/\/atecordoba.org\/wp-content\/uploads\/2025\/05\/Captura-de-pantalla-2025-05-30-150532-300x211.png 300w\" sizes=\"auto, (max-width: 600px) 100vw, 600px\" \/><\/p>\n<p>Tras realizar su declaraci\u00f3n en la fiscal\u00eda, acompa\u00f1ado por los abogados Eugenio Biafore y Claudio Orosz, Giuliani afirm\u00f3 que &#8220;es una causa que deriv\u00f3 en el allanamiento de mi domicilio y nos quitaran el celular a m\u00ed y a mi hijo m\u00e1s chico y que nos costara una fianza de 10 millones de pesos&#8221;.<\/p>\n<p>El dirigente asegur\u00f3 que &#8220;vinimos con mucho orgullo y mucha fuerza, tenemos un reservorio moral muy grande. Seguimos diciendo que protestar no es un delito sino un derecho. Tambi\u00e9n tenemos legitimidad porque luchar por una vida digna para nuestra gente nos lo da y que seguiremos estando permanentemente en la calle&#8221;.<img loading=\"lazy\" decoding=\"async\" class=\"aligncenter wp-image-48967 size-full\" src=\"https:\/\/atecordoba.org\/wp-content\/uploads\/2025\/05\/Captura-de-pantalla-2025-05-30-150840.png\" alt=\"\" width=\"599\" height=\"438\" srcset=\"https:\/\/atecordoba.org\/wp-content\/uploads\/2025\/05\/Captura-de-pantalla-2025-05-30-150840.png 599w, https:\/\/atecordoba.org\/wp-content\/uploads\/2025\/05\/Captura-de-pantalla-2025-05-30-150840-300x219.png 300w\" sizes=\"auto, (max-width: 599px) 100vw, 599px\" \/><\/p>\n<p>Y fustig\u00f3 al Ministerio P\u00fablico Fiscal y el Gobierno de C\u00f3rdoba, al se\u00f1alar que &#8220;eso mismo no lo pueden decir ni el fiscal De Arag\u00f3n ni el ministro de Seguridad Juan Pablo Quinteros, que pide mano dura y termina siendo cipayo de las corporaciones econ\u00f3micas&#8221;.<\/p>\n<p>&#8220;Hicimos una radio abierta para dejar en claro que no nos van a amedrentar ni debilitar y que vamos a seguir luchando por una sociedad m\u00e1s justa&#8221;, concluy\u00f3 Giuliani.<\/p>\n<div id='gallery_1' class='gallery galleryid-48963 gallery-columns-3 gallery-size-thumbnail'><figure class='gallery-item'>\n                <div class='gallery-icon landscape'>\n                    <a href='https:\/\/atecordoba.org\/wp-content\/uploads\/2025\/05\/Captura-de-pantalla-2025-05-30-150657-1.png'><img loading=\"lazy\" decoding=\"async\" width=\"150\" height=\"150\" src=\"\" class=\"attachment-thumbnail size-thumbnail lazyload\" alt=\"\" data-src=\"https:\/\/atecordoba.org\/wp-content\/uploads\/2025\/05\/Captura-de-pantalla-2025-05-30-150657-1-150x150.png\" data-sizes=\"auto\" data-srcset=\"https:\/\/atecordoba.org\/wp-content\/uploads\/2025\/05\/Captura-de-pantalla-2025-05-30-150657-1-150x150.png 150w, https:\/\/atecordoba.org\/wp-content\/uploads\/2025\/05\/Captura-de-pantalla-2025-05-30-150657-1-75x75.png 75w, https:\/\/atecordoba.org\/wp-content\/uploads\/2025\/05\/Captura-de-pantalla-2025-05-30-150657-1-350x350.png 350w\" data-expand=\"700\" \/><\/a>\n                <\/div><\/figure><figure class='gallery-item'>\n                <div class='gallery-icon landscape'>\n                    <a href='https:\/\/atecordoba.org\/wp-content\/uploads\/2025\/05\/Captura-de-pantalla-2025-05-30-150718.png'><img loading=\"lazy\" decoding=\"async\" width=\"150\" height=\"150\" src=\"\" class=\"attachment-thumbnail size-thumbnail lazyload\" alt=\"\" data-src=\"https:\/\/atecordoba.org\/wp-content\/uploads\/2025\/05\/Captura-de-pantalla-2025-05-30-150718-150x150.png\" data-sizes=\"auto\" data-srcset=\"https:\/\/atecordoba.org\/wp-content\/uploads\/2025\/05\/Captura-de-pantalla-2025-05-30-150718-150x150.png 150w, https:\/\/atecordoba.org\/wp-content\/uploads\/2025\/05\/Captura-de-pantalla-2025-05-30-150718-75x75.png 75w, https:\/\/atecordoba.org\/wp-content\/uploads\/2025\/05\/Captura-de-pantalla-2025-05-30-150718-350x350.png 350w\" data-expand=\"700\" \/><\/a>\n                <\/div><\/figure><figure class='gallery-item'>\n                <div class='gallery-icon portrait'>\n                    <a href='https:\/\/atecordoba.org\/wp-content\/uploads\/2025\/05\/Captura-de-pantalla-2025-05-30-150911.png'><img loading=\"lazy\" decoding=\"async\" width=\"150\" height=\"150\" src=\"\" class=\"attachment-thumbnail size-thumbnail lazyload\" alt=\"\" data-src=\"https:\/\/atecordoba.org\/wp-content\/uploads\/2025\/05\/Captura-de-pantalla-2025-05-30-150911-150x150.png\" data-sizes=\"auto\" data-srcset=\"https:\/\/atecordoba.org\/wp-content\/uploads\/2025\/05\/Captura-de-pantalla-2025-05-30-150911-150x150.png 150w, https:\/\/atecordoba.org\/wp-content\/uploads\/2025\/05\/Captura-de-pantalla-2025-05-30-150911-560x560.png 560w, https:\/\/atecordoba.org\/wp-content\/uploads\/2025\/05\/Captura-de-pantalla-2025-05-30-150911-75x75.png 75w, https:\/\/atecordoba.org\/wp-content\/uploads\/2025\/05\/Captura-de-pantalla-2025-05-30-150911-350x350.png 350w\" data-expand=\"700\" \/><\/a>\n                <\/div><\/figure><br style=\"clear: both\" \/><figure class='gallery-item'>\n                <div class='gallery-icon landscape'>\n                    <a href='https:\/\/atecordoba.org\/wp-content\/uploads\/2025\/05\/Captura-de-pantalla-2025-05-30-150936.png'><img loading=\"lazy\" decoding=\"async\" width=\"150\" height=\"150\" src=\"\" class=\"attachment-thumbnail size-thumbnail lazyload\" alt=\"\" data-src=\"https:\/\/atecordoba.org\/wp-content\/uploads\/2025\/05\/Captura-de-pantalla-2025-05-30-150936-150x150.png\" data-sizes=\"auto\" data-srcset=\"https:\/\/atecordoba.org\/wp-content\/uploads\/2025\/05\/Captura-de-pantalla-2025-05-30-150936-150x150.png 150w, https:\/\/atecordoba.org\/wp-content\/uploads\/2025\/05\/Captura-de-pantalla-2025-05-30-150936-300x300.png 300w, https:\/\/atecordoba.org\/wp-content\/uploads\/2025\/05\/Captura-de-pantalla-2025-05-30-150936-560x560.png 560w, https:\/\/atecordoba.org\/wp-content\/uploads\/2025\/05\/Captura-de-pantalla-2025-05-30-150936-75x75.png 75w, https:\/\/atecordoba.org\/wp-content\/uploads\/2025\/05\/Captura-de-pantalla-2025-05-30-150936-350x350.png 350w, https:\/\/atecordoba.org\/wp-content\/uploads\/2025\/05\/Captura-de-pantalla-2025-05-30-150936.png 597w\" data-expand=\"700\" \/><\/a>\n                <\/div><\/figure><figure class='gallery-item'>\n                <div class='gallery-icon portrait'>\n                    <a href='https:\/\/atecordoba.org\/wp-content\/uploads\/2025\/05\/Captura-de-pantalla-2025-05-30-150954.png'><img loading=\"lazy\" decoding=\"async\" width=\"150\" height=\"150\" src=\"\" class=\"attachment-thumbnail size-thumbnail lazyload\" alt=\"\" data-src=\"https:\/\/atecordoba.org\/wp-content\/uploads\/2025\/05\/Captura-de-pantalla-2025-05-30-150954-150x150.png\" data-sizes=\"auto\" data-srcset=\"https:\/\/atecordoba.org\/wp-content\/uploads\/2025\/05\/Captura-de-pantalla-2025-05-30-150954-150x150.png 150w, https:\/\/atecordoba.org\/wp-content\/uploads\/2025\/05\/Captura-de-pantalla-2025-05-30-150954-300x300.png 300w, https:\/\/atecordoba.org\/wp-content\/uploads\/2025\/05\/Captura-de-pantalla-2025-05-30-150954-560x560.png 560w, https:\/\/atecordoba.org\/wp-content\/uploads\/2025\/05\/Captura-de-pantalla-2025-05-30-150954-75x75.png 75w, https:\/\/atecordoba.org\/wp-content\/uploads\/2025\/05\/Captura-de-pantalla-2025-05-30-150954-350x350.png 350w, https:\/\/atecordoba.org\/wp-content\/uploads\/2025\/05\/Captura-de-pantalla-2025-05-30-150954.png 598w\" data-expand=\"700\" \/><\/a>\n                <\/div><\/figure><figure class='gallery-item'>\n                <div class='gallery-icon landscape'>\n                    <a href='https:\/\/atecordoba.org\/wp-content\/uploads\/2025\/05\/Captura-de-pantalla-2025-05-30-151015.png'><img loading=\"lazy\" decoding=\"async\" width=\"150\" height=\"150\" src=\"\" class=\"attachment-thumbnail size-thumbnail lazyload\" alt=\"\" data-src=\"https:\/\/atecordoba.org\/wp-content\/uploads\/2025\/05\/Captura-de-pantalla-2025-05-30-151015-150x150.png\" data-sizes=\"auto\" data-srcset=\"https:\/\/atecordoba.org\/wp-content\/uploads\/2025\/05\/Captura-de-pantalla-2025-05-30-151015-150x150.png 150w, https:\/\/atecordoba.org\/wp-content\/uploads\/2025\/05\/Captura-de-pantalla-2025-05-30-151015-300x300.png 300w, https:\/\/atecordoba.org\/wp-content\/uploads\/2025\/05\/Captura-de-pantalla-2025-05-30-151015-560x560.png 560w, https:\/\/atecordoba.org\/wp-content\/uploads\/2025\/05\/Captura-de-pantalla-2025-05-30-151015-75x75.png 75w, https:\/\/atecordoba.org\/wp-content\/uploads\/2025\/05\/Captura-de-pantalla-2025-05-30-151015-350x350.png 350w, https:\/\/atecordoba.org\/wp-content\/uploads\/2025\/05\/Captura-de-pantalla-2025-05-30-151015.png 596w\" data-expand=\"700\" \/><\/a>\n                <\/div><\/figure><br style=\"clear: both\" \/><figure class='gallery-item'>\n                <div class='gallery-icon landscape'>\n                    <a href='https:\/\/atecordoba.org\/wp-content\/uploads\/2025\/05\/Captura-de-pantalla-2025-05-30-151032.png'><img loading=\"lazy\" decoding=\"async\" width=\"150\" height=\"150\" src=\"\" class=\"attachment-thumbnail size-thumbnail lazyload\" alt=\"\" data-src=\"https:\/\/atecordoba.org\/wp-content\/uploads\/2025\/05\/Captura-de-pantalla-2025-05-30-151032-150x150.png\" data-sizes=\"auto\" data-srcset=\"https:\/\/atecordoba.org\/wp-content\/uploads\/2025\/05\/Captura-de-pantalla-2025-05-30-151032-150x150.png 150w, https:\/\/atecordoba.org\/wp-content\/uploads\/2025\/05\/Captura-de-pantalla-2025-05-30-151032-300x300.png 300w, https:\/\/atecordoba.org\/wp-content\/uploads\/2025\/05\/Captura-de-pantalla-2025-05-30-151032-560x560.png 560w, https:\/\/atecordoba.org\/wp-content\/uploads\/2025\/05\/Captura-de-pantalla-2025-05-30-151032-75x75.png 75w, https:\/\/atecordoba.org\/wp-content\/uploads\/2025\/05\/Captura-de-pantalla-2025-05-30-151032-350x350.png 350w, https:\/\/atecordoba.org\/wp-content\/uploads\/2025\/05\/Captura-de-pantalla-2025-05-30-151032.png 595w\" data-expand=\"700\" \/><\/a>\n                <\/div><\/figure><figure class='gallery-item'>\n                <div class='gallery-icon landscape'>\n                    <a href='https:\/\/atecordoba.org\/wp-content\/uploads\/2025\/05\/Captura-de-pantalla-2025-05-30-151050.png'><img loading=\"lazy\" decoding=\"async\" width=\"150\" height=\"150\" src=\"\" class=\"attachment-thumbnail size-thumbnail lazyload\" alt=\"\" data-src=\"https:\/\/atecordoba.org\/wp-content\/uploads\/2025\/05\/Captura-de-pantalla-2025-05-30-151050-150x150.png\" data-sizes=\"auto\" data-srcset=\"https:\/\/atecordoba.org\/wp-content\/uploads\/2025\/05\/Captura-de-pantalla-2025-05-30-151050-150x150.png 150w, https:\/\/atecordoba.org\/wp-content\/uploads\/2025\/05\/Captura-de-pantalla-2025-05-30-151050-300x300.png 300w, https:\/\/atecordoba.org\/wp-content\/uploads\/2025\/05\/Captura-de-pantalla-2025-05-30-151050-560x560.png 560w, https:\/\/atecordoba.org\/wp-content\/uploads\/2025\/05\/Captura-de-pantalla-2025-05-30-151050-75x75.png 75w, https:\/\/atecordoba.org\/wp-content\/uploads\/2025\/05\/Captura-de-pantalla-2025-05-30-151050-350x350.png 350w, https:\/\/atecordoba.org\/wp-content\/uploads\/2025\/05\/Captura-de-pantalla-2025-05-30-151050.png 600w\" data-expand=\"700\" \/><\/a>\n                <\/div><\/figure><figure class='gallery-item'>\n                <div class='gallery-icon landscape'>\n                    <a href='https:\/\/atecordoba.org\/wp-content\/uploads\/2025\/05\/Captura-de-pantalla-2025-05-30-150602.png'><img loading=\"lazy\" decoding=\"async\" width=\"150\" height=\"150\" src=\"\" class=\"attachment-thumbnail size-thumbnail lazyload\" alt=\"\" data-src=\"https:\/\/atecordoba.org\/wp-content\/uploads\/2025\/05\/Captura-de-pantalla-2025-05-30-150602-150x150.png\" data-sizes=\"auto\" data-srcset=\"https:\/\/atecordoba.org\/wp-content\/uploads\/2025\/05\/Captura-de-pantalla-2025-05-30-150602-150x150.png 150w, https:\/\/atecordoba.org\/wp-content\/uploads\/2025\/05\/Captura-de-pantalla-2025-05-30-150602-75x75.png 75w, https:\/\/atecordoba.org\/wp-content\/uploads\/2025\/05\/Captura-de-pantalla-2025-05-30-150602-350x350.png 350w\" data-expand=\"700\" \/><\/a>\n                <\/div><\/figure><br style=\"clear: both\" \/><figure class='gallery-item'>\n                <div class='gallery-icon landscape'>\n                    <a href='https:\/\/atecordoba.org\/wp-content\/uploads\/2025\/05\/Captura-de-pantalla-2025-05-30-150632.png'><img loading=\"lazy\" decoding=\"async\" width=\"150\" height=\"150\" src=\"\" class=\"attachment-thumbnail size-thumbnail lazyload\" alt=\"\" data-src=\"https:\/\/atecordoba.org\/wp-content\/uploads\/2025\/05\/Captura-de-pantalla-2025-05-30-150632-150x150.png\" data-sizes=\"auto\" data-srcset=\"https:\/\/atecordoba.org\/wp-content\/uploads\/2025\/05\/Captura-de-pantalla-2025-05-30-150632-150x150.png 150w, https:\/\/atecordoba.org\/wp-content\/uploads\/2025\/05\/Captura-de-pantalla-2025-05-30-150632-75x75.png 75w, https:\/\/atecordoba.org\/wp-content\/uploads\/2025\/05\/Captura-de-pantalla-2025-05-30-150632-350x350.png 350w\" data-expand=\"700\" \/><\/a>\n                <\/div><\/figure>\n                <br style='clear: both' \/>\n            <\/div>\n\n","protected":false},"excerpt":{"rendered":"<p>Hoy se realiz\u00f3 una Radio Abierta en la puerta de Tribunales II, en el marco de la declaraci\u00f3n que debi\u00f3 llevar a cabo el secretario General de ATE C\u00f3rdoba, Federico Giuliani, por la causa penal armada por el fiscal provincial Ernesto De Arag\u00f3n por participar el dirigente estatal en una protesta contra la presencia del [&hellip;]<\/p>\n","protected":false},"author":7,"featured_media":48980,"comment_status":"open","ping_status":"open","sticky":false,"template":"","format":"standard","meta":{"_exactmetrics_skip_tracking":false,"_exactmetrics_sitenote_active":false,"_exactmetrics_sitenote_note":"","_exactmetrics_sitenote_category":0,"jnews-multi-image_gallery":[],"jnews_single_post":{"format":"standard","override":[{"template":"1","parallax":"1","fullscreen":"1","layout":"no-sidebar-narrow","sidebar":"default-sidebar","second_sidebar":"default-sidebar","sticky_sidebar":"1","share_position":"bottom","share_float_style":"share-monocrhome","show_share_counter":"1","show_view_counter":"1","show_post_meta":"1","show_post_author_image":"1","show_post_date":"1","post_date_format":"default","post_date_format_custom":"Y\/m\/d","show_post_category":"1","show_post_reading_time":"0","post_reading_time_wpm":"300","post_calculate_word_method":"str_word_count","show_zoom_button":"0","zoom_button_out_step":"2","zoom_button_in_step":"3","show_post_tag":"1","number_popup_post":"1","show_post_related":"1","show_inline_post_related":"0"}],"image_override":[{"single_post_thumbnail_size":"crop-500","single_post_gallery_size":"crop-500"}],"trending_post_position":"meta","trending_post_label":"Trending","sponsored_post_label":"Sponsored by","disable_ad":"0"},"jnews_primary_category":[],"jnews_social_meta":[],"jnews_review":[],"enable_review":"","type":"percentage","name":"","summary":"","brand":"","sku":"","good":[],"bad":[],"score_override":"","override_value":"","rating":[],"price":[],"jnews_override_counter":{"view_counter_number":"0","share_counter_number":"0","like_counter_number":"0","dislike_counter_number":"0"},"jnews_post_split":{"post_split":[{"template":"1","tag":"h2","numbering":"asc","mode":"normal","first":"0","enable_toc":"0","toc_type":"normal"}]},"footnotes":""},"categories":[10],"tags":[],"class_list":["post-48963","post","type-post","status-publish","format-standard","has-post-thumbnail","hentry","category-accion-politica"],"jetpack_featured_media_url":"https:\/\/atecordoba.org\/wp-content\/uploads\/2025\/05\/Captura-de-pantalla-2025-05-30-150657-2.png","_links":{"self":[{"href":"https:\/\/atecordoba.org\/index.php?rest_route=\/wp\/v2\/posts\/48963","targetHints":{"allow":["GET"]}}],"collection":[{"href":"https:\/\/atecordoba.org\/index.php?rest_route=\/wp\/v2\/posts"}],"about":[{"href":"https:\/\/atecordoba.org\/index.php?rest_route=\/wp\/v2\/types\/post"}],"author":[{"embeddable":true,"href":"https:\/\/atecordoba.org\/index.php?rest_route=\/wp\/v2\/users\/7"}],"replies":[{"embeddable":true,"href":"https:\/\/atecordoba.org\/index.php?rest_route=%2Fwp%2Fv2%2Fcomments&post=48963"}],"version-history":[{"count":1,"href":"https:\/\/atecordoba.org\/index.php?rest_route=\/wp\/v2\/posts\/48963\/revisions"}],"predecessor-version":[{"id":48978,"href":"https:\/\/atecordoba.org\/index.php?rest_route=\/wp\/v2\/posts\/48963\/revisions\/48978"}],"wp:featuredmedia":[{"embeddable":true,"href":"https:\/\/atecordoba.org\/index.php?rest_route=\/wp\/v2\/media\/48980"}],"wp:attachment":[{"href":"https:\/\/atecordoba.org\/index.php?rest_route=%2Fwp%2Fv2%2Fmedia&parent=48963"}],"wp:term":[{"taxonomy":"category","embeddable":true,"href":"https:\/\/atecordoba.org\/index.php?rest_route=%2Fwp%2Fv2%2Fcategories&post=48963"},{"taxonomy":"post_tag","embeddable":true,"href":"https:\/\/atecordoba.org\/index.php?rest_route=%2Fwp%2Fv2%2Ftags&post=48963"}],"curies":[{"name":"wp","href":"https:\/\/api.w.org\/{rel}","templated":true}]}}