{"id":48947,"date":"2025-05-30T14:49:36","date_gmt":"2025-05-30T17:49:36","guid":{"rendered":"https:\/\/atecordoba.org\/?p=48947"},"modified":"2025-05-30T14:49:36","modified_gmt":"2025-05-30T17:49:36","slug":"unidad-charla-sobre-el-cordobazo-en-ate-congrego-a-dirigentes-comprometidos-con-la-lucha","status":"publish","type":"post","link":"https:\/\/atecordoba.org\/?p=48947","title":{"rendered":"Unidad: charla sobre el Cordobazo en ATE congreg\u00f3 a dirigentes comprometidos con la lucha"},"content":{"rendered":"<p><img loading=\"lazy\" decoding=\"async\" class=\"aligncenter wp-image-48948 \" src=\"https:\/\/atecordoba.org\/wp-content\/uploads\/2025\/05\/IMG-20250530-WA0056-1024x768.jpg\" alt=\"\" width=\"611\" height=\"459\" \/>Ayer se llev\u00f3 adelante en ATE C\u00f3rdoba una importante charla debate sobre la realidad del movimiento obrero en el marco del homenaje al Cordobazo, al cumplirse otro aniversario el 29 de mayo de la gesta hist\u00f3rica que termin\u00f3 volteando a la dictadura de Juan Carlos Ongan\u00eda.<\/p>\n<p>En la oportunidad, el secretario General de ATE, Federico Giuliani, hizo las veces de anfitri\u00f3n de las y los compa\u00f1eros Daniel Yofra, secretario General de la Federaci\u00f3n de Aceiteros, su par de APA C\u00f3rdoba Luis Ortega, la ex secretaria General del gremio de Judiciales Irina Santesteban, el referente de la comisi\u00f3n Interna ACINDAR_UOM Villa Constituci\u00f3n Silvio Acosta, el secretario Gremial del sindicato de Petroqu\u00edmicos de R\u00edo Tercero Lucas Felici y el delegado de Luz y Fuerza C\u00f3rdoba Tom\u00e1s Di Toffino.<img loading=\"lazy\" decoding=\"async\" class=\"aligncenter wp-image-48949 \" src=\"https:\/\/atecordoba.org\/wp-content\/uploads\/2025\/05\/IMG-20250530-WA0051-1024x478.jpg\" alt=\"\" width=\"622\" height=\"290\" srcset=\"https:\/\/atecordoba.org\/wp-content\/uploads\/2025\/05\/IMG-20250530-WA0051-1024x478.jpg 1024w, https:\/\/atecordoba.org\/wp-content\/uploads\/2025\/05\/IMG-20250530-WA0051-300x140.jpg 300w, https:\/\/atecordoba.org\/wp-content\/uploads\/2025\/05\/IMG-20250530-WA0051-768x358.jpg 768w, https:\/\/atecordoba.org\/wp-content\/uploads\/2025\/05\/IMG-20250530-WA0051-750x350.jpg 750w, https:\/\/atecordoba.org\/wp-content\/uploads\/2025\/05\/IMG-20250530-WA0051-1140x532.jpg 1140w, https:\/\/atecordoba.org\/wp-content\/uploads\/2025\/05\/IMG-20250530-WA0051.jpg 1280w\" sizes=\"auto, (max-width: 622px) 100vw, 622px\" \/><\/p>\n<p>La concurrencia llen\u00f3 a pleno el sal\u00f3n de actos del Consejo Directivo Provincial H\u00e9ctor la Perra Castro.<\/p>\n<p>La conversaci\u00f3n gir\u00f3 en torno a la necesidad de lograr la unidad de las organizaciones sindicales combativas. En resumen, las y los dirigentes presentes expresaron:<\/p>\n<ul>\n<li><strong>Silvio Costa<\/strong><\/li>\n<\/ul>\n<p>&#8220;Es una rica experiencia estar hoy ac\u00e1. Parte del debate que se tiene que dar el movimiento obrero organizado en unidad es qu\u00e9 tareas tenemos para adelante, c\u00f3mo podemos defender la industria, los salarios y los puestos de trabajo. Muy agradecido por la invitaci\u00f3n&#8221;.<img loading=\"lazy\" decoding=\"async\" class=\"aligncenter wp-image-48950 \" src=\"https:\/\/atecordoba.org\/wp-content\/uploads\/2025\/05\/IMG-20250530-WA0054-1024x768.jpg\" alt=\"\" width=\"614\" height=\"461\" srcset=\"https:\/\/atecordoba.org\/wp-content\/uploads\/2025\/05\/IMG-20250530-WA0054-1024x768.jpg 1024w, https:\/\/atecordoba.org\/wp-content\/uploads\/2025\/05\/IMG-20250530-WA0054-300x225.jpg 300w, https:\/\/atecordoba.org\/wp-content\/uploads\/2025\/05\/IMG-20250530-WA0054-768x576.jpg 768w, https:\/\/atecordoba.org\/wp-content\/uploads\/2025\/05\/IMG-20250530-WA0054-1536x1152.jpg 1536w, https:\/\/atecordoba.org\/wp-content\/uploads\/2025\/05\/IMG-20250530-WA0054-750x563.jpg 750w, https:\/\/atecordoba.org\/wp-content\/uploads\/2025\/05\/IMG-20250530-WA0054-1140x855.jpg 1140w, https:\/\/atecordoba.org\/wp-content\/uploads\/2025\/05\/IMG-20250530-WA0054.jpg 1600w\" sizes=\"auto, (max-width: 614px) 100vw, 614px\" \/><\/p>\n<ul>\n<li><strong>Federico Giuliani<\/strong><\/li>\n<\/ul>\n<p>&#8220;Hemos llevado adelante una charla debate con dirigentes de organizaciones sindicales combativas, tanto del \u00e1mbito estatal como privado, conmemorando el Cordobazo, ese hecho hist\u00f3rico que signific\u00f3 la unidad obrera-estudiantil y que se llev\u00f3 puesta una dictadura. El desaf\u00edo el debate es c\u00f3mo tomamos esa referencia para enfrentar la realidad de hoy, haciendo carne la unidad de la lucha popular.<\/p>\n<p>En ese sentido, entendemos que los elementos m\u00e1s valiosos que surgieron es la necesidad que el sindicalismo recupere la pol\u00edtica porque los poderosos tienen las armas, la plata, los medios de comunicaci\u00f3n, compran senadores y diputados. Nosotros tenemos que recuperar la pol\u00edtica porque es la \u00fanica herramienta que hay para dar vuelta la tortilla&#8221;.<img loading=\"lazy\" decoding=\"async\" class=\"aligncenter wp-image-48951 \" src=\"https:\/\/atecordoba.org\/wp-content\/uploads\/2025\/05\/IMG-20250530-WA0057-1024x768.jpg\" alt=\"\" width=\"622\" height=\"467\" srcset=\"https:\/\/atecordoba.org\/wp-content\/uploads\/2025\/05\/IMG-20250530-WA0057-1024x768.jpg 1024w, https:\/\/atecordoba.org\/wp-content\/uploads\/2025\/05\/IMG-20250530-WA0057-300x225.jpg 300w, https:\/\/atecordoba.org\/wp-content\/uploads\/2025\/05\/IMG-20250530-WA0057-768x576.jpg 768w, https:\/\/atecordoba.org\/wp-content\/uploads\/2025\/05\/IMG-20250530-WA0057-1536x1152.jpg 1536w, https:\/\/atecordoba.org\/wp-content\/uploads\/2025\/05\/IMG-20250530-WA0057-750x563.jpg 750w, https:\/\/atecordoba.org\/wp-content\/uploads\/2025\/05\/IMG-20250530-WA0057-1140x855.jpg 1140w, https:\/\/atecordoba.org\/wp-content\/uploads\/2025\/05\/IMG-20250530-WA0057.jpg 1600w\" sizes=\"auto, (max-width: 622px) 100vw, 622px\" \/><\/p>\n<ul>\n<li><strong>Daniel Yofra<\/strong><\/li>\n<\/ul>\n<p>&#8220;Estos espacios son necesarios porque nos ayudan a ver una realidad que es totalmente diferente, de gremios que luchan, y mas con estas nuevas normas que hay desde que asumi\u00f3 el gobierno totalmente antiobrero, que vino a romper el contrato social. Creo que debemos responder con m\u00e1s huelga al derecho que nos quieren restringir. Esta actividad nos da la posibilidad de interactuar con compa\u00f1eros y compa\u00f1eras de otros sectores que tambi\u00e9n luchan. Tenemos en com\u00fan la huelga, tomar las calles. Hay que tener cuidado con aquellos dirigentes que son sometidos por la Justicia, como es el caso del compa\u00f1ero Federico Giuliani, porque el problema no es personal contra \u00e9l sino de toda la clase trabajadora&#8221;.<img loading=\"lazy\" decoding=\"async\" class=\"aligncenter wp-image-48952 \" src=\"https:\/\/atecordoba.org\/wp-content\/uploads\/2025\/05\/IMG-20250530-WA0044-1024x576.jpg\" alt=\"\" width=\"624\" height=\"351\" srcset=\"https:\/\/atecordoba.org\/wp-content\/uploads\/2025\/05\/IMG-20250530-WA0044-1024x576.jpg 1024w, https:\/\/atecordoba.org\/wp-content\/uploads\/2025\/05\/IMG-20250530-WA0044-300x169.jpg 300w, https:\/\/atecordoba.org\/wp-content\/uploads\/2025\/05\/IMG-20250530-WA0044-768x432.jpg 768w, https:\/\/atecordoba.org\/wp-content\/uploads\/2025\/05\/IMG-20250530-WA0044-750x422.jpg 750w, https:\/\/atecordoba.org\/wp-content\/uploads\/2025\/05\/IMG-20250530-WA0044-1140x641.jpg 1140w, https:\/\/atecordoba.org\/wp-content\/uploads\/2025\/05\/IMG-20250530-WA0044.jpg 1280w\" sizes=\"auto, (max-width: 624px) 100vw, 624px\" \/><\/p>\n<ul>\n<li><strong>Tomas Di Toffino<\/strong><\/li>\n<\/ul>\n<p>&#8220;Participamos de este conversatorio muy importante, en el marco de un nuevo aniversario del Cordobazo y Coincidimos todos los que hablamos de que hay que recrear los principios de construcci\u00f3n de esa unidad en la lucha para enfrentar este modelo de ajuste del gobierno nacional y a uno sus mejores alumnos que es el gobierno de la provincia de C\u00f3rdoba. Se ha planteado a trav\u00e9s de la transformaci\u00f3n de EPEC en una sociedad an\u00f3nima la privatizaci\u00f3n oculta, siguiendo la l\u00ednea que hizo Milei con el Banco Naci\u00f3n. Planteamos que ning\u00fan sector se puede salvar solo y que es necesario la unidad en la lucha y es el mejor homenaje que podemos hacerle a los compa\u00f1eros del Cordobazo: mantener ese principio de construcci\u00f3n sindical y social para poder enfrentar estas pol\u00edticas de ajuste&#8221;.<img loading=\"lazy\" decoding=\"async\" class=\"aligncenter wp-image-48953 \" src=\"https:\/\/atecordoba.org\/wp-content\/uploads\/2025\/05\/IMG-20250530-WA0060-1024x768.jpg\" alt=\"\" width=\"610\" height=\"458\" srcset=\"https:\/\/atecordoba.org\/wp-content\/uploads\/2025\/05\/IMG-20250530-WA0060-1024x768.jpg 1024w, https:\/\/atecordoba.org\/wp-content\/uploads\/2025\/05\/IMG-20250530-WA0060-300x225.jpg 300w, https:\/\/atecordoba.org\/wp-content\/uploads\/2025\/05\/IMG-20250530-WA0060-768x576.jpg 768w, https:\/\/atecordoba.org\/wp-content\/uploads\/2025\/05\/IMG-20250530-WA0060-1536x1152.jpg 1536w, https:\/\/atecordoba.org\/wp-content\/uploads\/2025\/05\/IMG-20250530-WA0060-750x563.jpg 750w, https:\/\/atecordoba.org\/wp-content\/uploads\/2025\/05\/IMG-20250530-WA0060-1140x855.jpg 1140w, https:\/\/atecordoba.org\/wp-content\/uploads\/2025\/05\/IMG-20250530-WA0060.jpg 1600w\" sizes=\"auto, (max-width: 610px) 100vw, 610px\" \/><\/p>\n<ul>\n<li><strong>Irina Santesteban<\/strong><\/li>\n<\/ul>\n<p>&#8220;La gesta hist\u00f3rica del Cordobazo no va a ser olvidada, est\u00e1 en la memoria hist\u00f3rica de nuestro movimiento obrero y los sectores populares porque mucho tenemos que aprender de aquella rebeli\u00f3n popular.\u00a0Hoy se expresaron las experiencias de lucha que demuestra que la clase trabajadora sigue de pie en C\u00f3rdoba, estamos peleando por salarios y en contra del ajuste que aplican el gobierno de Milei y de Llaryora, contra el FMI.\u00a0Rescato de esta charla el consenso alrededor de la unidad, con dirigentes que no se venden ni se entregan. Es lo que nos ense\u00f1\u00f3 Agust\u00edn Tosco, Atilio L\u00f3pez y debemos seguir poniendo en pr\u00e1ctica en nuestra C\u00f3rdoba&#8221;.<\/p>\n<ul>\n<li><strong>Lucas Felici<\/strong><\/li>\n<\/ul>\n<p>&#8220;Nos juntamos en una mesa repleta de luchadores para debatir qu\u00e9 podemos tomar del Cordobazo y la rebeli\u00f3n popular para trasladarlo a hoy en d\u00eda. Frente a un ataque feroz de un gobierno que ataque a la clase trabajadora, necesitamos una gran autocr\u00edtica \u00a0el sindicalismo y el movimiento obrero, que sea profunda para lograr la unidad del movimiento obrero con el pueblo argentino para de una vez por todas reunir la fuerza necesaria que enfrente este gobierno y lo derroque&#8221;.<\/p>\n<p><img loading=\"lazy\" decoding=\"async\" class=\"alignnone size-medium wp-image-48954\" src=\"https:\/\/atecordoba.org\/wp-content\/uploads\/2025\/05\/IMG-20250530-WA0059-225x300.jpg\" alt=\"\" width=\"225\" height=\"300\" srcset=\"https:\/\/atecordoba.org\/wp-content\/uploads\/2025\/05\/IMG-20250530-WA0059-225x300.jpg 225w, https:\/\/atecordoba.org\/wp-content\/uploads\/2025\/05\/IMG-20250530-WA0059-768x1024.jpg 768w, https:\/\/atecordoba.org\/wp-content\/uploads\/2025\/05\/IMG-20250530-WA0059-1152x1536.jpg 1152w, https:\/\/atecordoba.org\/wp-content\/uploads\/2025\/05\/IMG-20250530-WA0059-750x1000.jpg 750w, https:\/\/atecordoba.org\/wp-content\/uploads\/2025\/05\/IMG-20250530-WA0059-1140x1520.jpg 1140w, https:\/\/atecordoba.org\/wp-content\/uploads\/2025\/05\/IMG-20250530-WA0059.jpg 1200w\" sizes=\"auto, (max-width: 225px) 100vw, 225px\" \/> <img loading=\"lazy\" decoding=\"async\" class=\"alignnone size-medium wp-image-48955\" src=\"https:\/\/atecordoba.org\/wp-content\/uploads\/2025\/05\/IMG-20250530-WA0048-140x300.jpg\" alt=\"\" width=\"140\" height=\"300\" srcset=\"https:\/\/atecordoba.org\/wp-content\/uploads\/2025\/05\/IMG-20250530-WA0048-140x300.jpg 140w, https:\/\/atecordoba.org\/wp-content\/uploads\/2025\/05\/IMG-20250530-WA0048-478x1024.jpg 478w, https:\/\/atecordoba.org\/wp-content\/uploads\/2025\/05\/IMG-20250530-WA0048.jpg 597w\" sizes=\"auto, (max-width: 140px) 100vw, 140px\" \/> <img loading=\"lazy\" decoding=\"async\" class=\"alignnone size-medium wp-image-48956\" src=\"https:\/\/atecordoba.org\/wp-content\/uploads\/2025\/05\/IMG-20250530-WA0049-140x300.jpg\" alt=\"\" width=\"140\" height=\"300\" srcset=\"https:\/\/atecordoba.org\/wp-content\/uploads\/2025\/05\/IMG-20250530-WA0049-140x300.jpg 140w, https:\/\/atecordoba.org\/wp-content\/uploads\/2025\/05\/IMG-20250530-WA0049-478x1024.jpg 478w, https:\/\/atecordoba.org\/wp-content\/uploads\/2025\/05\/IMG-20250530-WA0049.jpg 597w\" sizes=\"auto, (max-width: 140px) 100vw, 140px\" \/> <img loading=\"lazy\" decoding=\"async\" class=\"alignnone size-medium wp-image-48957\" src=\"https:\/\/atecordoba.org\/wp-content\/uploads\/2025\/05\/IMG-20250530-WA0055-225x300.jpg\" alt=\"\" width=\"225\" height=\"300\" srcset=\"https:\/\/atecordoba.org\/wp-content\/uploads\/2025\/05\/IMG-20250530-WA0055-225x300.jpg 225w, https:\/\/atecordoba.org\/wp-content\/uploads\/2025\/05\/IMG-20250530-WA0055-768x1024.jpg 768w, https:\/\/atecordoba.org\/wp-content\/uploads\/2025\/05\/IMG-20250530-WA0055-750x1000.jpg 750w, https:\/\/atecordoba.org\/wp-content\/uploads\/2025\/05\/IMG-20250530-WA0055.jpg 960w\" sizes=\"auto, (max-width: 225px) 100vw, 225px\" \/> <img loading=\"lazy\" decoding=\"async\" class=\"alignnone size-medium wp-image-48958\" src=\"https:\/\/atecordoba.org\/wp-content\/uploads\/2025\/05\/IMG-20250530-WA0058-225x300.jpg\" alt=\"\" width=\"225\" height=\"300\" srcset=\"https:\/\/atecordoba.org\/wp-content\/uploads\/2025\/05\/IMG-20250530-WA0058-225x300.jpg 225w, https:\/\/atecordoba.org\/wp-content\/uploads\/2025\/05\/IMG-20250530-WA0058-768x1024.jpg 768w, https:\/\/atecordoba.org\/wp-content\/uploads\/2025\/05\/IMG-20250530-WA0058-1152x1536.jpg 1152w, https:\/\/atecordoba.org\/wp-content\/uploads\/2025\/05\/IMG-20250530-WA0058-750x1000.jpg 750w, https:\/\/atecordoba.org\/wp-content\/uploads\/2025\/05\/IMG-20250530-WA0058-1140x1520.jpg 1140w, https:\/\/atecordoba.org\/wp-content\/uploads\/2025\/05\/IMG-20250530-WA0058.jpg 1200w\" sizes=\"auto, (max-width: 225px) 100vw, 225px\" \/><\/p>\n","protected":false},"excerpt":{"rendered":"<p>Ayer se llev\u00f3 adelante en ATE C\u00f3rdoba una importante charla debate sobre la realidad del movimiento obrero en el marco del homenaje al Cordobazo, al cumplirse otro aniversario el 29 de mayo de la gesta hist\u00f3rica que termin\u00f3 volteando a la dictadura de Juan Carlos Ongan\u00eda. En la oportunidad, el secretario General de ATE, Federico [&hellip;]<\/p>\n","protected":false},"author":7,"featured_media":48948,"comment_status":"open","ping_status":"open","sticky":false,"template":"","format":"standard","meta":{"_exactmetrics_skip_tracking":false,"_exactmetrics_sitenote_active":false,"_exactmetrics_sitenote_note":"","_exactmetrics_sitenote_category":0,"jnews-multi-image_gallery":[],"jnews_single_post":{"format":"standard","override":[{"template":"1","parallax":"1","fullscreen":"1","layout":"no-sidebar-narrow","sidebar":"default-sidebar","second_sidebar":"default-sidebar","sticky_sidebar":"1","share_position":"bottom","share_float_style":"share-monocrhome","show_share_counter":"1","show_view_counter":"1","show_post_meta":"1","show_post_author_image":"1","show_post_date":"1","post_date_format":"default","post_date_format_custom":"Y\/m\/d","show_post_category":"1","show_post_reading_time":"0","post_reading_time_wpm":"300","post_calculate_word_method":"str_word_count","show_zoom_button":"0","zoom_button_out_step":"2","zoom_button_in_step":"3","show_post_tag":"1","number_popup_post":"1","show_post_related":"1","show_inline_post_related":"0"}],"image_override":[{"single_post_thumbnail_size":"crop-500","single_post_gallery_size":"crop-500"}],"trending_post_position":"meta","trending_post_label":"Trending","sponsored_post_label":"Sponsored by","disable_ad":"0"},"jnews_primary_category":[],"jnews_social_meta":[],"jnews_review":[],"enable_review":"","type":"percentage","name":"","summary":"","brand":"","sku":"","good":[],"bad":[],"score_override":"","override_value":"","rating":[],"price":[],"jnews_override_counter":{"view_counter_number":"0","share_counter_number":"0","like_counter_number":"0","dislike_counter_number":"0"},"jnews_post_split":{"post_split":[{"template":"1","tag":"h2","numbering":"asc","mode":"normal","first":"0","enable_toc":"0","toc_type":"normal"}]},"footnotes":""},"categories":[10],"tags":[],"class_list":["post-48947","post","type-post","status-publish","format-standard","has-post-thumbnail","hentry","category-accion-politica"],"jetpack_featured_media_url":"https:\/\/atecordoba.org\/wp-content\/uploads\/2025\/05\/IMG-20250530-WA0056-e1748627368598.jpg","_links":{"self":[{"href":"https:\/\/atecordoba.org\/index.php?rest_route=\/wp\/v2\/posts\/48947","targetHints":{"allow":["GET"]}}],"collection":[{"href":"https:\/\/atecordoba.org\/index.php?rest_route=\/wp\/v2\/posts"}],"about":[{"href":"https:\/\/atecordoba.org\/index.php?rest_route=\/wp\/v2\/types\/post"}],"author":[{"embeddable":true,"href":"https:\/\/atecordoba.org\/index.php?rest_route=\/wp\/v2\/users\/7"}],"replies":[{"embeddable":true,"href":"https:\/\/atecordoba.org\/index.php?rest_route=%2Fwp%2Fv2%2Fcomments&post=48947"}],"version-history":[{"count":1,"href":"https:\/\/atecordoba.org\/index.php?rest_route=\/wp\/v2\/posts\/48947\/revisions"}],"predecessor-version":[{"id":48960,"href":"https:\/\/atecordoba.org\/index.php?rest_route=\/wp\/v2\/posts\/48947\/revisions\/48960"}],"wp:featuredmedia":[{"embeddable":true,"href":"https:\/\/atecordoba.org\/index.php?rest_route=\/wp\/v2\/media\/48948"}],"wp:attachment":[{"href":"https:\/\/atecordoba.org\/index.php?rest_route=%2Fwp%2Fv2%2Fmedia&parent=48947"}],"wp:term":[{"taxonomy":"category","embeddable":true,"href":"https:\/\/atecordoba.org\/index.php?rest_route=%2Fwp%2Fv2%2Fcategories&post=48947"},{"taxonomy":"post_tag","embeddable":true,"href":"https:\/\/atecordoba.org\/index.php?rest_route=%2Fwp%2Fv2%2Ftags&post=48947"}],"curies":[{"name":"wp","href":"https:\/\/api.w.org\/{rel}","templated":true}]}}