{"id":48927,"date":"2025-05-30T13:08:25","date_gmt":"2025-05-30T16:08:25","guid":{"rendered":"https:\/\/atecordoba.org\/?p=48927"},"modified":"2025-05-30T14:21:44","modified_gmt":"2025-05-30T17:21:44","slug":"persecucion-judicial-masiva-solidaridad-de-organizaciones-y-dirigentes-con-giuliani","status":"publish","type":"post","link":"https:\/\/atecordoba.org\/?p=48927","title":{"rendered":"Persecuci\u00f3n Judicial: Masiva solidaridad de organizaciones y dirigentes con Federico Giuliani"},"content":{"rendered":"<figure id=\"attachment_48849\" aria-describedby=\"caption-attachment-48849\" style=\"width: 646px\" class=\"wp-caption aligncenter\"><img loading=\"lazy\" decoding=\"async\" class=\"wp-image-48849\" src=\"https:\/\/atecordoba.org\/wp-content\/uploads\/2025\/05\/WhatsApp-Image-2025-05-26-at-14.41.23-1024x768.jpeg\" alt=\"\" width=\"646\" height=\"485\" srcset=\"https:\/\/atecordoba.org\/wp-content\/uploads\/2025\/05\/WhatsApp-Image-2025-05-26-at-14.41.23-1024x768.jpeg 1024w, https:\/\/atecordoba.org\/wp-content\/uploads\/2025\/05\/WhatsApp-Image-2025-05-26-at-14.41.23-300x225.jpeg 300w, https:\/\/atecordoba.org\/wp-content\/uploads\/2025\/05\/WhatsApp-Image-2025-05-26-at-14.41.23-768x576.jpeg 768w, https:\/\/atecordoba.org\/wp-content\/uploads\/2025\/05\/WhatsApp-Image-2025-05-26-at-14.41.23-1536x1152.jpeg 1536w, https:\/\/atecordoba.org\/wp-content\/uploads\/2025\/05\/WhatsApp-Image-2025-05-26-at-14.41.23-2048x1536.jpeg 2048w, https:\/\/atecordoba.org\/wp-content\/uploads\/2025\/05\/WhatsApp-Image-2025-05-26-at-14.41.23-750x563.jpeg 750w, https:\/\/atecordoba.org\/wp-content\/uploads\/2025\/05\/WhatsApp-Image-2025-05-26-at-14.41.23-1140x855.jpeg 1140w\" sizes=\"auto, (max-width: 646px) 100vw, 646px\" \/><figcaption id=\"caption-attachment-48849\" class=\"wp-caption-text\">Giuliani, junto a referentes de DDHH en un acto en Santa Mar\u00eda de Punilla<\/figcaption><\/figure>\n<p>La persecuci\u00f3n judicial contra el secretario General de ATE C\u00f3rdoba, Federico Giuliani, que lleva adelante el fiscal provincial Ernesto De Arag\u00f3n obtuvo como respuesta una masiva muestra de solidaridad con el dirigente sindical de parte de organizaciones pol\u00edticas, sociales y hasta futboleras, que repudiaron el papel que cumple el Ministerio P\u00fablico Fiscal sobre la figura de Giuliani, cuyo domicilio fue allanado hace un a\u00f1o, secuestr\u00e1ndole los tel\u00e9fonos celulares, aun no devueltos, incluso a su hijo de 10 a\u00f1os.<\/p>\n<p>En ese marco, se expresaron ene apoyo solidario con el dirigente estatal la Junta Interna ATE CONICET C\u00f3rdoba, Agrupaci\u00f3n 17 de octubre ATE, ATE R\u00edo Cuarto, ATE R\u00edo Tercero, ATE Provincia de Buenos Aires, CDN, FENAT-CTAA, Agrupaci\u00f3n Marta Ju\u00e1rez, Agrupaci\u00f3n M\u00e1s Talleres, Izquierda Socialista R\u00edo Cuarto, Cu\u00f1a Roja Juventud Izquierda Socialista R\u00edo Cuarto, Movimiento Peronista C\u00f3rdoba, Federaci\u00f3n Aceitera Desmotadora FTCIODyARA, SIPOS, CTA Misiones, entre otros.<\/p>\n<p>El fiscal De Arag\u00f3n orden\u00f3, al cumplirse un a\u00f1o exacto de los allanamientos, que incluyeron la sede ATE R\u00edo Cuarto y su domicilio particular, que se presente a declarar como imputado.<\/p>\n<figure id=\"attachment_48928\" aria-describedby=\"caption-attachment-48928\" style=\"width: 624px\" class=\"wp-caption aligncenter\"><img loading=\"lazy\" decoding=\"async\" class=\"wp-image-48928 \" src=\"https:\/\/atecordoba.org\/wp-content\/uploads\/2025\/05\/de-aragon-1-1024x721.jpg\" alt=\"\" width=\"624\" height=\"439\" srcset=\"https:\/\/atecordoba.org\/wp-content\/uploads\/2025\/05\/de-aragon-1-1024x721.jpg 1024w, https:\/\/atecordoba.org\/wp-content\/uploads\/2025\/05\/de-aragon-1-300x211.jpg 300w, https:\/\/atecordoba.org\/wp-content\/uploads\/2025\/05\/de-aragon-1-768x541.jpg 768w, https:\/\/atecordoba.org\/wp-content\/uploads\/2025\/05\/de-aragon-1-750x528.jpg 750w, https:\/\/atecordoba.org\/wp-content\/uploads\/2025\/05\/de-aragon-1-1140x803.jpg 1140w, https:\/\/atecordoba.org\/wp-content\/uploads\/2025\/05\/de-aragon-1.jpg 1200w\" sizes=\"auto, (max-width: 624px) 100vw, 624px\" \/><figcaption id=\"caption-attachment-48928\" class=\"wp-caption-text\">El fiscal Ernesto De Arag\u00f3n.<\/figcaption><\/figure>\n<p>El mismo d\u00eda tambi\u00e9n el ministro de Seguridad, Juan Pablo Quinteros, pidi\u00f3 en los medios de comunicaci\u00f3n una &#8220;ley antipiquetes&#8221; en C\u00f3rdoba, dando cuenta que la escalada es coordinada e integral con el objetivo de criminalizar la protesta social y amedrentar a las y los dirigentes que se atreven a desafiar las pol\u00edticas de ajuste en la provincia.<\/p>\n<p>Cabe mencionar que la causa que tiene imputado al secretario General de ATE se origina en las protestas que ATE y la CTAA realizaron el 25 de mayo de 2024, con motivo de la visita del Presidente Javier Milei a C\u00f3rdoba Capital, cuando impulsaba que todos los gobernadores del pa\u00eds firmen el llamado &#8220;pacto de mayo&#8221; con que se compromet\u00edan aplicar se brutal ajuste que sufre el pa\u00eds.<\/p>\n<p>Aquella iniciativa fue finalmente frustrada por las movilizaciones del 25 de mayo, donde la Gendarmer\u00eda atropell\u00f3 la concentraci\u00f3n pac\u00edfica de las y los estatales en el ingreso de Aeropuerto C\u00f3rdoba. Posteriormente, ser\u00eda la polic\u00eda provincial la que desplegar\u00eda otra represi\u00f3n m\u00e1s virulenta en la esquina de 27 de abril y avenida V\u00e9lez S\u00e1rsfield, mientras Milei volcaba su discurso de odio en un acto en el Cabildo de la ciudad.<\/p>\n<div id='gallery_1' class='gallery galleryid-48927 gallery-columns-3 gallery-size-thumbnail'><figure class='gallery-item'>\n                <div class='gallery-icon portrait'>\n                    <a href='https:\/\/atecordoba.org\/wp-content\/uploads\/2025\/05\/Imagen-de-WhatsApp-2025-05-30-a-las-10.53.39_32761df8.jpg'><img loading=\"lazy\" decoding=\"async\" width=\"150\" height=\"150\" src=\"\" class=\"attachment-thumbnail size-thumbnail lazyload\" alt=\"\" data-src=\"https:\/\/atecordoba.org\/wp-content\/uploads\/2025\/05\/Imagen-de-WhatsApp-2025-05-30-a-las-10.53.39_32761df8-150x150.jpg\" data-sizes=\"auto\" data-srcset=\"https:\/\/atecordoba.org\/wp-content\/uploads\/2025\/05\/Imagen-de-WhatsApp-2025-05-30-a-las-10.53.39_32761df8-150x150.jpg 150w, https:\/\/atecordoba.org\/wp-content\/uploads\/2025\/05\/Imagen-de-WhatsApp-2025-05-30-a-las-10.53.39_32761df8-560x560.jpg 560w, https:\/\/atecordoba.org\/wp-content\/uploads\/2025\/05\/Imagen-de-WhatsApp-2025-05-30-a-las-10.53.39_32761df8-75x75.jpg 75w, https:\/\/atecordoba.org\/wp-content\/uploads\/2025\/05\/Imagen-de-WhatsApp-2025-05-30-a-las-10.53.39_32761df8-350x350.jpg 350w\" data-expand=\"700\" \/><\/a>\n                <\/div><\/figure><figure class='gallery-item'>\n                <div class='gallery-icon portrait'>\n                    <a href='https:\/\/atecordoba.org\/wp-content\/uploads\/2025\/05\/Imagen-de-WhatsApp-2025-05-30-a-las-10.53.40_f6bb8929.jpg'><img loading=\"lazy\" decoding=\"async\" width=\"150\" height=\"150\" src=\"\" class=\"attachment-thumbnail size-thumbnail lazyload\" alt=\"\" data-src=\"https:\/\/atecordoba.org\/wp-content\/uploads\/2025\/05\/Imagen-de-WhatsApp-2025-05-30-a-las-10.53.40_f6bb8929-150x150.jpg\" data-sizes=\"auto\" data-srcset=\"https:\/\/atecordoba.org\/wp-content\/uploads\/2025\/05\/Imagen-de-WhatsApp-2025-05-30-a-las-10.53.40_f6bb8929-150x150.jpg 150w, https:\/\/atecordoba.org\/wp-content\/uploads\/2025\/05\/Imagen-de-WhatsApp-2025-05-30-a-las-10.53.40_f6bb8929-560x560.jpg 560w, https:\/\/atecordoba.org\/wp-content\/uploads\/2025\/05\/Imagen-de-WhatsApp-2025-05-30-a-las-10.53.40_f6bb8929-75x75.jpg 75w, https:\/\/atecordoba.org\/wp-content\/uploads\/2025\/05\/Imagen-de-WhatsApp-2025-05-30-a-las-10.53.40_f6bb8929-350x350.jpg 350w\" data-expand=\"700\" \/><\/a>\n                <\/div><\/figure><figure class='gallery-item'>\n                <div class='gallery-icon portrait'>\n                    <a href='https:\/\/atecordoba.org\/wp-content\/uploads\/2025\/05\/Imagen-de-WhatsApp-2025-05-30-a-las-10.53.41_3afd5bad.jpg'><img loading=\"lazy\" decoding=\"async\" width=\"150\" height=\"150\" src=\"\" class=\"attachment-thumbnail size-thumbnail lazyload\" alt=\"\" data-src=\"https:\/\/atecordoba.org\/wp-content\/uploads\/2025\/05\/Imagen-de-WhatsApp-2025-05-30-a-las-10.53.41_3afd5bad-150x150.jpg\" data-sizes=\"auto\" data-srcset=\"https:\/\/atecordoba.org\/wp-content\/uploads\/2025\/05\/Imagen-de-WhatsApp-2025-05-30-a-las-10.53.41_3afd5bad-150x150.jpg 150w, https:\/\/atecordoba.org\/wp-content\/uploads\/2025\/05\/Imagen-de-WhatsApp-2025-05-30-a-las-10.53.41_3afd5bad-540x536.jpg 540w, https:\/\/atecordoba.org\/wp-content\/uploads\/2025\/05\/Imagen-de-WhatsApp-2025-05-30-a-las-10.53.41_3afd5bad-75x75.jpg 75w, https:\/\/atecordoba.org\/wp-content\/uploads\/2025\/05\/Imagen-de-WhatsApp-2025-05-30-a-las-10.53.41_3afd5bad-350x350.jpg 350w\" data-expand=\"700\" \/><\/a>\n                <\/div><\/figure><br style=\"clear: both\" \/><figure class='gallery-item'>\n                <div class='gallery-icon portrait'>\n                    <a href='https:\/\/atecordoba.org\/wp-content\/uploads\/2025\/05\/Imagen-de-WhatsApp-2025-05-30-a-las-10.53.42_2b058129.jpg'><img loading=\"lazy\" decoding=\"async\" width=\"150\" height=\"150\" src=\"\" class=\"attachment-thumbnail size-thumbnail lazyload\" alt=\"\" data-src=\"https:\/\/atecordoba.org\/wp-content\/uploads\/2025\/05\/Imagen-de-WhatsApp-2025-05-30-a-las-10.53.42_2b058129-150x150.jpg\" data-sizes=\"auto\" data-srcset=\"https:\/\/atecordoba.org\/wp-content\/uploads\/2025\/05\/Imagen-de-WhatsApp-2025-05-30-a-las-10.53.42_2b058129-150x150.jpg 150w, https:\/\/atecordoba.org\/wp-content\/uploads\/2025\/05\/Imagen-de-WhatsApp-2025-05-30-a-las-10.53.42_2b058129-540x536.jpg 540w, https:\/\/atecordoba.org\/wp-content\/uploads\/2025\/05\/Imagen-de-WhatsApp-2025-05-30-a-las-10.53.42_2b058129-75x75.jpg 75w, https:\/\/atecordoba.org\/wp-content\/uploads\/2025\/05\/Imagen-de-WhatsApp-2025-05-30-a-las-10.53.42_2b058129-350x350.jpg 350w\" data-expand=\"700\" \/><\/a>\n                <\/div><\/figure><figure class='gallery-item'>\n                <div class='gallery-icon portrait'>\n                    <a href='https:\/\/atecordoba.org\/wp-content\/uploads\/2025\/05\/IMG-20250530-WA0023.jpg'><img loading=\"lazy\" decoding=\"async\" width=\"150\" height=\"150\" src=\"\" class=\"attachment-thumbnail size-thumbnail lazyload\" alt=\"\" data-src=\"https:\/\/atecordoba.org\/wp-content\/uploads\/2025\/05\/IMG-20250530-WA0023-150x150.jpg\" data-sizes=\"auto\" data-srcset=\"https:\/\/atecordoba.org\/wp-content\/uploads\/2025\/05\/IMG-20250530-WA0023-150x150.jpg 150w, https:\/\/atecordoba.org\/wp-content\/uploads\/2025\/05\/IMG-20250530-WA0023-560x560.jpg 560w, https:\/\/atecordoba.org\/wp-content\/uploads\/2025\/05\/IMG-20250530-WA0023-75x75.jpg 75w, https:\/\/atecordoba.org\/wp-content\/uploads\/2025\/05\/IMG-20250530-WA0023-350x350.jpg 350w\" data-expand=\"700\" \/><\/a>\n                <\/div><\/figure><figure class='gallery-item'>\n                <div class='gallery-icon portrait'>\n                    <a href='https:\/\/atecordoba.org\/wp-content\/uploads\/2025\/05\/IMG-20250530-WA0024.jpg'><img loading=\"lazy\" decoding=\"async\" width=\"150\" height=\"150\" src=\"\" class=\"attachment-thumbnail size-thumbnail lazyload\" alt=\"\" data-src=\"https:\/\/atecordoba.org\/wp-content\/uploads\/2025\/05\/IMG-20250530-WA0024-150x150.jpg\" data-sizes=\"auto\" data-srcset=\"https:\/\/atecordoba.org\/wp-content\/uploads\/2025\/05\/IMG-20250530-WA0024-150x150.jpg 150w, https:\/\/atecordoba.org\/wp-content\/uploads\/2025\/05\/IMG-20250530-WA0024-560x560.jpg 560w, https:\/\/atecordoba.org\/wp-content\/uploads\/2025\/05\/IMG-20250530-WA0024-75x75.jpg 75w, https:\/\/atecordoba.org\/wp-content\/uploads\/2025\/05\/IMG-20250530-WA0024-350x350.jpg 350w\" data-expand=\"700\" \/><\/a>\n                <\/div><\/figure><br style=\"clear: both\" \/><figure class='gallery-item'>\n                <div class='gallery-icon portrait'>\n                    <a href='https:\/\/atecordoba.org\/wp-content\/uploads\/2025\/05\/IMG-20250530-WA0025.jpg'><img loading=\"lazy\" decoding=\"async\" width=\"150\" height=\"150\" src=\"\" class=\"attachment-thumbnail size-thumbnail lazyload\" alt=\"\" data-src=\"https:\/\/atecordoba.org\/wp-content\/uploads\/2025\/05\/IMG-20250530-WA0025-150x150.jpg\" data-sizes=\"auto\" data-srcset=\"https:\/\/atecordoba.org\/wp-content\/uploads\/2025\/05\/IMG-20250530-WA0025-150x150.jpg 150w, https:\/\/atecordoba.org\/wp-content\/uploads\/2025\/05\/IMG-20250530-WA0025-560x560.jpg 560w, https:\/\/atecordoba.org\/wp-content\/uploads\/2025\/05\/IMG-20250530-WA0025-75x75.jpg 75w, https:\/\/atecordoba.org\/wp-content\/uploads\/2025\/05\/IMG-20250530-WA0025-350x350.jpg 350w\" data-expand=\"700\" \/><\/a>\n                <\/div><\/figure><figure class='gallery-item'>\n                <div class='gallery-icon portrait'>\n                    <a href='https:\/\/atecordoba.org\/wp-content\/uploads\/2025\/05\/IMG-20250530-WA0026.jpg'><img loading=\"lazy\" decoding=\"async\" width=\"150\" height=\"150\" src=\"\" class=\"attachment-thumbnail size-thumbnail lazyload\" alt=\"\" data-src=\"https:\/\/atecordoba.org\/wp-content\/uploads\/2025\/05\/IMG-20250530-WA0026-150x150.jpg\" data-sizes=\"auto\" data-srcset=\"https:\/\/atecordoba.org\/wp-content\/uploads\/2025\/05\/IMG-20250530-WA0026-150x150.jpg 150w, https:\/\/atecordoba.org\/wp-content\/uploads\/2025\/05\/IMG-20250530-WA0026-560x560.jpg 560w, https:\/\/atecordoba.org\/wp-content\/uploads\/2025\/05\/IMG-20250530-WA0026-75x75.jpg 75w, https:\/\/atecordoba.org\/wp-content\/uploads\/2025\/05\/IMG-20250530-WA0026-350x350.jpg 350w\" data-expand=\"700\" \/><\/a>\n                <\/div><\/figure><figure class='gallery-item'>\n                <div class='gallery-icon landscape'>\n                    <a href='https:\/\/atecordoba.org\/wp-content\/uploads\/2025\/05\/Captura-de-pantalla-2025-05-30-125654.png'><img loading=\"lazy\" decoding=\"async\" width=\"150\" height=\"150\" src=\"\" class=\"attachment-thumbnail size-thumbnail lazyload\" alt=\"\" data-src=\"https:\/\/atecordoba.org\/wp-content\/uploads\/2025\/05\/Captura-de-pantalla-2025-05-30-125654-150x150.png\" data-sizes=\"auto\" data-srcset=\"https:\/\/atecordoba.org\/wp-content\/uploads\/2025\/05\/Captura-de-pantalla-2025-05-30-125654-150x150.png 150w, https:\/\/atecordoba.org\/wp-content\/uploads\/2025\/05\/Captura-de-pantalla-2025-05-30-125654-560x560.png 560w, https:\/\/atecordoba.org\/wp-content\/uploads\/2025\/05\/Captura-de-pantalla-2025-05-30-125654-75x75.png 75w, https:\/\/atecordoba.org\/wp-content\/uploads\/2025\/05\/Captura-de-pantalla-2025-05-30-125654-350x350.png 350w\" data-expand=\"700\" \/><\/a>\n                <\/div><\/figure><br style=\"clear: both\" \/><figure class='gallery-item'>\n                <div class='gallery-icon landscape'>\n                    <a href='https:\/\/atecordoba.org\/wp-content\/uploads\/2025\/05\/Captura-de-pantalla-2025-05-30-125802.png'><img loading=\"lazy\" decoding=\"async\" width=\"150\" height=\"150\" src=\"\" class=\"attachment-thumbnail size-thumbnail lazyload\" alt=\"\" data-src=\"https:\/\/atecordoba.org\/wp-content\/uploads\/2025\/05\/Captura-de-pantalla-2025-05-30-125802-150x150.png\" data-sizes=\"auto\" data-srcset=\"https:\/\/atecordoba.org\/wp-content\/uploads\/2025\/05\/Captura-de-pantalla-2025-05-30-125802-150x150.png 150w, https:\/\/atecordoba.org\/wp-content\/uploads\/2025\/05\/Captura-de-pantalla-2025-05-30-125802-560x560.png 560w, https:\/\/atecordoba.org\/wp-content\/uploads\/2025\/05\/Captura-de-pantalla-2025-05-30-125802-75x75.png 75w, https:\/\/atecordoba.org\/wp-content\/uploads\/2025\/05\/Captura-de-pantalla-2025-05-30-125802-350x350.png 350w\" data-expand=\"700\" \/><\/a>\n                <\/div><\/figure><figure class='gallery-item'>\n                <div class='gallery-icon landscape'>\n                    <a href='https:\/\/atecordoba.org\/wp-content\/uploads\/2025\/05\/Captura-de-pantalla-2025-05-30-125846.png'><img loading=\"lazy\" decoding=\"async\" width=\"150\" height=\"150\" src=\"\" class=\"attachment-thumbnail size-thumbnail lazyload\" alt=\"\" data-src=\"https:\/\/atecordoba.org\/wp-content\/uploads\/2025\/05\/Captura-de-pantalla-2025-05-30-125846-150x150.png\" data-sizes=\"auto\" data-srcset=\"https:\/\/atecordoba.org\/wp-content\/uploads\/2025\/05\/Captura-de-pantalla-2025-05-30-125846-150x150.png 150w, https:\/\/atecordoba.org\/wp-content\/uploads\/2025\/05\/Captura-de-pantalla-2025-05-30-125846-75x75.png 75w\" data-expand=\"700\" \/><\/a>\n                <\/div><\/figure><figure class='gallery-item'>\n                <div class='gallery-icon landscape'>\n                    <a href='https:\/\/atecordoba.org\/wp-content\/uploads\/2025\/05\/GsM5QSyWUAABJqA.jpeg'><img loading=\"lazy\" decoding=\"async\" width=\"150\" height=\"150\" src=\"\" class=\"attachment-thumbnail size-thumbnail lazyload\" alt=\"\" data-src=\"https:\/\/atecordoba.org\/wp-content\/uploads\/2025\/05\/GsM5QSyWUAABJqA-150x150.jpeg\" data-sizes=\"auto\" data-srcset=\"https:\/\/atecordoba.org\/wp-content\/uploads\/2025\/05\/GsM5QSyWUAABJqA-150x150.jpeg 150w, https:\/\/atecordoba.org\/wp-content\/uploads\/2025\/05\/GsM5QSyWUAABJqA-300x300.jpeg 300w, https:\/\/atecordoba.org\/wp-content\/uploads\/2025\/05\/GsM5QSyWUAABJqA-1024x1024.jpeg 1024w, https:\/\/atecordoba.org\/wp-content\/uploads\/2025\/05\/GsM5QSyWUAABJqA-768x768.jpeg 768w, https:\/\/atecordoba.org\/wp-content\/uploads\/2025\/05\/GsM5QSyWUAABJqA-560x560.jpeg 560w, https:\/\/atecordoba.org\/wp-content\/uploads\/2025\/05\/GsM5QSyWUAABJqA-75x75.jpeg 75w, https:\/\/atecordoba.org\/wp-content\/uploads\/2025\/05\/GsM5QSyWUAABJqA-350x350.jpeg 350w, https:\/\/atecordoba.org\/wp-content\/uploads\/2025\/05\/GsM5QSyWUAABJqA-750x750.jpeg 750w, https:\/\/atecordoba.org\/wp-content\/uploads\/2025\/05\/GsM5QSyWUAABJqA.jpeg 1080w\" data-expand=\"700\" \/><\/a>\n                <\/div><\/figure><br style=\"clear: both\" \/><figure class='gallery-item'>\n                <div class='gallery-icon portrait'>\n                    <a href='https:\/\/atecordoba.org\/wp-content\/uploads\/2025\/05\/Imagen-de-WhatsApp-2025-05-30-a-las-10.53.37_46496d53.jpg'><img loading=\"lazy\" decoding=\"async\" width=\"150\" height=\"150\" src=\"\" class=\"attachment-thumbnail size-thumbnail lazyload\" alt=\"\" data-src=\"https:\/\/atecordoba.org\/wp-content\/uploads\/2025\/05\/Imagen-de-WhatsApp-2025-05-30-a-las-10.53.37_46496d53-150x150.jpg\" data-sizes=\"auto\" data-srcset=\"https:\/\/atecordoba.org\/wp-content\/uploads\/2025\/05\/Imagen-de-WhatsApp-2025-05-30-a-las-10.53.37_46496d53-150x150.jpg 150w, https:\/\/atecordoba.org\/wp-content\/uploads\/2025\/05\/Imagen-de-WhatsApp-2025-05-30-a-las-10.53.37_46496d53-560x560.jpg 560w, https:\/\/atecordoba.org\/wp-content\/uploads\/2025\/05\/Imagen-de-WhatsApp-2025-05-30-a-las-10.53.37_46496d53-75x75.jpg 75w, https:\/\/atecordoba.org\/wp-content\/uploads\/2025\/05\/Imagen-de-WhatsApp-2025-05-30-a-las-10.53.37_46496d53-350x350.jpg 350w\" data-expand=\"700\" \/><\/a>\n                <\/div><\/figure><figure class='gallery-item'>\n                <div class='gallery-icon portrait'>\n                    <a href='https:\/\/atecordoba.org\/wp-content\/uploads\/2025\/05\/Imagen-de-WhatsApp-2025-05-30-a-las-10.53.38_528dc296.jpg'><img loading=\"lazy\" decoding=\"async\" width=\"150\" height=\"150\" src=\"\" class=\"attachment-thumbnail size-thumbnail lazyload\" alt=\"\" data-src=\"https:\/\/atecordoba.org\/wp-content\/uploads\/2025\/05\/Imagen-de-WhatsApp-2025-05-30-a-las-10.53.38_528dc296-150x150.jpg\" data-sizes=\"auto\" data-srcset=\"https:\/\/atecordoba.org\/wp-content\/uploads\/2025\/05\/Imagen-de-WhatsApp-2025-05-30-a-las-10.53.38_528dc296-150x150.jpg 150w, https:\/\/atecordoba.org\/wp-content\/uploads\/2025\/05\/Imagen-de-WhatsApp-2025-05-30-a-las-10.53.38_528dc296-560x560.jpg 560w, https:\/\/atecordoba.org\/wp-content\/uploads\/2025\/05\/Imagen-de-WhatsApp-2025-05-30-a-las-10.53.38_528dc296-75x75.jpg 75w, https:\/\/atecordoba.org\/wp-content\/uploads\/2025\/05\/Imagen-de-WhatsApp-2025-05-30-a-las-10.53.38_528dc296-350x350.jpg 350w\" data-expand=\"700\" \/><\/a>\n                <\/div><\/figure><figure class='gallery-item'>\n                <div class='gallery-icon portrait'>\n                    <a href='https:\/\/atecordoba.org\/wp-content\/uploads\/2025\/05\/Imagen-de-WhatsApp-2025-05-30-a-las-10.53.39_7b44bde7.jpg'><img loading=\"lazy\" decoding=\"async\" width=\"150\" height=\"150\" src=\"\" class=\"attachment-thumbnail size-thumbnail lazyload\" alt=\"\" data-src=\"https:\/\/atecordoba.org\/wp-content\/uploads\/2025\/05\/Imagen-de-WhatsApp-2025-05-30-a-las-10.53.39_7b44bde7-150x150.jpg\" data-sizes=\"auto\" data-srcset=\"https:\/\/atecordoba.org\/wp-content\/uploads\/2025\/05\/Imagen-de-WhatsApp-2025-05-30-a-las-10.53.39_7b44bde7-150x150.jpg 150w, https:\/\/atecordoba.org\/wp-content\/uploads\/2025\/05\/Imagen-de-WhatsApp-2025-05-30-a-las-10.53.39_7b44bde7-540x536.jpg 540w, https:\/\/atecordoba.org\/wp-content\/uploads\/2025\/05\/Imagen-de-WhatsApp-2025-05-30-a-las-10.53.39_7b44bde7-75x75.jpg 75w, https:\/\/atecordoba.org\/wp-content\/uploads\/2025\/05\/Imagen-de-WhatsApp-2025-05-30-a-las-10.53.39_7b44bde7-350x350.jpg 350w\" data-expand=\"700\" \/><\/a>\n                <\/div><\/figure><br style=\"clear: both\" \/>\n            <\/div>\n\n","protected":false},"excerpt":{"rendered":"<p>La persecuci\u00f3n judicial contra el secretario General de ATE C\u00f3rdoba, Federico Giuliani, que lleva adelante el fiscal provincial Ernesto De Arag\u00f3n obtuvo como respuesta una masiva muestra de solidaridad con el dirigente sindical de parte de organizaciones pol\u00edticas, sociales y hasta futboleras, que repudiaron el papel que cumple el Ministerio P\u00fablico Fiscal sobre la figura [&hellip;]<\/p>\n","protected":false},"author":7,"featured_media":48529,"comment_status":"open","ping_status":"open","sticky":false,"template":"","format":"standard","meta":{"_exactmetrics_skip_tracking":false,"_exactmetrics_sitenote_active":false,"_exactmetrics_sitenote_note":"","_exactmetrics_sitenote_category":0,"jnews-multi-image_gallery":[],"jnews_single_post":{"format":"standard","override":[{"template":"1","parallax":"1","fullscreen":"1","layout":"no-sidebar-narrow","sidebar":"default-sidebar","second_sidebar":"default-sidebar","sticky_sidebar":"1","share_position":"bottom","share_float_style":"share-monocrhome","show_share_counter":"1","show_view_counter":"1","show_post_meta":"1","show_post_author_image":"1","show_post_date":"1","post_date_format":"default","post_date_format_custom":"Y\/m\/d","show_post_category":"1","show_post_reading_time":"0","post_reading_time_wpm":"300","post_calculate_word_method":"str_word_count","show_zoom_button":"0","zoom_button_out_step":"2","zoom_button_in_step":"3","show_post_tag":"1","number_popup_post":"1","show_post_related":"1","show_inline_post_related":"0"}],"image_override":[{"single_post_thumbnail_size":"crop-500","single_post_gallery_size":"crop-500"}],"trending_post_position":"meta","trending_post_label":"Trending","sponsored_post_label":"Sponsored by","disable_ad":"0"},"jnews_primary_category":[],"jnews_social_meta":[],"jnews_review":[],"enable_review":"","type":"percentage","name":"","summary":"","brand":"","sku":"","good":[],"bad":[],"score_override":"","override_value":"","rating":[],"price":[],"jnews_override_counter":{"view_counter_number":"0","share_counter_number":"0","like_counter_number":"0","dislike_counter_number":"0"},"jnews_post_split":{"post_split":[{"template":"1","tag":"h2","numbering":"asc","mode":"normal","first":"0","enable_toc":"0","toc_type":"normal"}]},"footnotes":""},"categories":[10],"tags":[1320,1491,1518],"class_list":["post-48927","post","type-post","status-publish","format-standard","has-post-thumbnail","hentry","category-accion-politica","tag-criminalizacion-de-la-protesta","tag-persecucion-antisindical","tag-persecucion-judicial"],"jetpack_featured_media_url":"https:\/\/atecordoba.org\/wp-content\/uploads\/2025\/04\/96e1a828-ce83-4e83-b37f-e66a4c98c17b-scaled.jpeg","_links":{"self":[{"href":"https:\/\/atecordoba.org\/index.php?rest_route=\/wp\/v2\/posts\/48927","targetHints":{"allow":["GET"]}}],"collection":[{"href":"https:\/\/atecordoba.org\/index.php?rest_route=\/wp\/v2\/posts"}],"about":[{"href":"https:\/\/atecordoba.org\/index.php?rest_route=\/wp\/v2\/types\/post"}],"author":[{"embeddable":true,"href":"https:\/\/atecordoba.org\/index.php?rest_route=\/wp\/v2\/users\/7"}],"replies":[{"embeddable":true,"href":"https:\/\/atecordoba.org\/index.php?rest_route=%2Fwp%2Fv2%2Fcomments&post=48927"}],"version-history":[{"count":2,"href":"https:\/\/atecordoba.org\/index.php?rest_route=\/wp\/v2\/posts\/48927\/revisions"}],"predecessor-version":[{"id":48945,"href":"https:\/\/atecordoba.org\/index.php?rest_route=\/wp\/v2\/posts\/48927\/revisions\/48945"}],"wp:featuredmedia":[{"embeddable":true,"href":"https:\/\/atecordoba.org\/index.php?rest_route=\/wp\/v2\/media\/48529"}],"wp:attachment":[{"href":"https:\/\/atecordoba.org\/index.php?rest_route=%2Fwp%2Fv2%2Fmedia&parent=48927"}],"wp:term":[{"taxonomy":"category","embeddable":true,"href":"https:\/\/atecordoba.org\/index.php?rest_route=%2Fwp%2Fv2%2Fcategories&post=48927"},{"taxonomy":"post_tag","embeddable":true,"href":"https:\/\/atecordoba.org\/index.php?rest_route=%2Fwp%2Fv2%2Ftags&post=48927"}],"curies":[{"name":"wp","href":"https:\/\/api.w.org\/{rel}","templated":true}]}}