{"id":48905,"date":"2025-05-29T15:21:01","date_gmt":"2025-05-29T18:21:01","guid":{"rendered":"https:\/\/atecordoba.org\/?p=48905"},"modified":"2025-05-30T10:15:12","modified_gmt":"2025-05-30T13:15:12","slug":"ate-y-la-ctaa-realizaron-una-olla-popular-en-homenaje-al-cordobazo","status":"publish","type":"post","link":"https:\/\/atecordoba.org\/?p=48905","title":{"rendered":"ATE y la CTAA realizaron una olla popular en homenaje al Cordobazo"},"content":{"rendered":"<p><img loading=\"lazy\" decoding=\"async\" class=\"aligncenter wp-image-48906 \" src=\"https:\/\/atecordoba.org\/wp-content\/uploads\/2025\/05\/WhatsApp-Image-2025-05-29-at-12.48.07-1-1024x768.jpeg\" alt=\"\" width=\"614\" height=\"461\" srcset=\"https:\/\/atecordoba.org\/wp-content\/uploads\/2025\/05\/WhatsApp-Image-2025-05-29-at-12.48.07-1-1024x768.jpeg 1024w, https:\/\/atecordoba.org\/wp-content\/uploads\/2025\/05\/WhatsApp-Image-2025-05-29-at-12.48.07-1-300x225.jpeg 300w, https:\/\/atecordoba.org\/wp-content\/uploads\/2025\/05\/WhatsApp-Image-2025-05-29-at-12.48.07-1-768x576.jpeg 768w, https:\/\/atecordoba.org\/wp-content\/uploads\/2025\/05\/WhatsApp-Image-2025-05-29-at-12.48.07-1-1536x1152.jpeg 1536w, https:\/\/atecordoba.org\/wp-content\/uploads\/2025\/05\/WhatsApp-Image-2025-05-29-at-12.48.07-1-2048x1536.jpeg 2048w, https:\/\/atecordoba.org\/wp-content\/uploads\/2025\/05\/WhatsApp-Image-2025-05-29-at-12.48.07-1-750x563.jpeg 750w, https:\/\/atecordoba.org\/wp-content\/uploads\/2025\/05\/WhatsApp-Image-2025-05-29-at-12.48.07-1-1140x855.jpeg 1140w\" sizes=\"auto, (max-width: 614px) 100vw, 614px\" \/>Hoy se llev\u00f3 a cabo un acto en el Pasaje de la Reforma, en barrio Alberdi, en homenaje del Cordobazo, convocada por la CTAA y ATE C\u00f3rdoba, junto a organizaciones sociales y estudiantiles, en un sitio emblem\u00e1tico de la lucha popular en C\u00f3rdoba.<\/p>\n<p>En la oportunidad se realiz\u00f3 una olla popular donde la multitud comparti\u00f3 un guiso de lentejas bajo el solo c\u00e1lido del mediod\u00eda, a pesar de la fr\u00eda jornada que despunt\u00f3 desde las primeras horas de este jueves.<\/p>\n<p>El secretario General de ATE C\u00f3rdoba y la CTAA, Federico Giuliani, dirigi\u00f3 una palabras a las y los presentes, recatando la actividad y afirmando que &#8220;nada es casual. Decidimos venir a este Pasaje de la Reforma donde hace m\u00e1s de 100 a\u00f1os, en 1918, los estudiantes de las UNC pelearon para tener una universidad libre, p\u00fablica y gratuita. En 1969 en todo este barrio, los estudiantes y los laburantes armaron barricadas para enfrentarse a las fuerzas militares de la dictadura&#8221;.<img loading=\"lazy\" decoding=\"async\" class=\"alignright wp-image-48909 \" src=\"https:\/\/atecordoba.org\/wp-content\/uploads\/2025\/05\/WhatsApp-Image-2025-05-29-at-12.48.05-1-769x1024.jpeg\" alt=\"\" width=\"279\" height=\"372\" srcset=\"https:\/\/atecordoba.org\/wp-content\/uploads\/2025\/05\/WhatsApp-Image-2025-05-29-at-12.48.05-1-769x1024.jpeg 769w, https:\/\/atecordoba.org\/wp-content\/uploads\/2025\/05\/WhatsApp-Image-2025-05-29-at-12.48.05-1-225x300.jpeg 225w, https:\/\/atecordoba.org\/wp-content\/uploads\/2025\/05\/WhatsApp-Image-2025-05-29-at-12.48.05-1-768x1023.jpeg 768w, https:\/\/atecordoba.org\/wp-content\/uploads\/2025\/05\/WhatsApp-Image-2025-05-29-at-12.48.05-1-1153x1536.jpeg 1153w, https:\/\/atecordoba.org\/wp-content\/uploads\/2025\/05\/WhatsApp-Image-2025-05-29-at-12.48.05-1-1537x2048.jpeg 1537w, https:\/\/atecordoba.org\/wp-content\/uploads\/2025\/05\/WhatsApp-Image-2025-05-29-at-12.48.05-1-750x999.jpeg 750w, https:\/\/atecordoba.org\/wp-content\/uploads\/2025\/05\/WhatsApp-Image-2025-05-29-at-12.48.05-1-1140x1519.jpeg 1140w, https:\/\/atecordoba.org\/wp-content\/uploads\/2025\/05\/WhatsApp-Image-2025-05-29-at-12.48.05-1-scaled.jpeg 1922w\" sizes=\"auto, (max-width: 279px) 100vw, 279px\" \/><\/p>\n<p>&#8220;Para nosotros es muy importante estar ac\u00e1. Uno tiene que mamar de esa historia, que no empieza cuando llegamos ni se termina cuando nos vamos. Es una continuidad.\u00a0En 1969 obreros muy calificados del cord\u00f3n industrial cordob\u00e9s, con los mejores sueldos del pa\u00eds, planteaban defender el \u2018s\u00e1bado ingl\u00e9s\u2019, es decir, trabajar los s\u00e1bados solo medio d\u00eda. Peleaban por mejores condiciones de laburo. Salieron a la calle ese d\u00eda sin miedo a pesar de la represi\u00f3n, primero policial y luego militar. Esto demuestra que es mentira que tengamos que estar en las peores condiciones para poder construir una rebeli\u00f3n popular que d\u00e9 vuelta la tortilla&#8221;, remarc\u00f3.<\/p>\n<p>&#8220;Estos trabajadores y estudiantes ten\u00edan conciencia de lucha y se llevaron puesta a una dictadura. Este territorio, este barrio, tiene mucha historia de lucha, recostarnos en esa historia es muy valioso para nosotros. Debemos saber que esa gesta del 29 de mayo atraves\u00f3 los l\u00edmites de C\u00f3rdoba. Despu\u00e9s se vino el Rosariazo, el Tucumanazo, en Mendozazo y tantos \u2018azos\u2019 que lograron voltear la dictadura de Ongan\u00eda. Por lo cual, m\u00e1s all\u00e1 de tener el pliego de reivindicaciones de la pelea concreta, \u00a0hay que tener un programa de la clase trabajadora que nos permita recuperar la pol\u00edtica&#8221;.<\/p>\n<p><strong>Construir poder popular<\/strong><\/p>\n<p>En otro pasaje de su discurso, Giuliani asegur\u00f3 que &#8220;los poderosos que son de verdad los due\u00f1os de la Argentina y deciden sobre la vida de nuestros pibes y nuestras pibas no necesitan la pol\u00edtica, tienen los medios de comunicaci\u00f3n, las corporaciones econ\u00f3micas, las fuerzas represivas, compran a los senadores y diputados para que voten leyes antipopulares, pero nosotros como laburantes necesitamos de la pol\u00edtica. No buscamos un cargo <img loading=\"lazy\" decoding=\"async\" class=\"wp-image-48910 alignleft\" src=\"https:\/\/atecordoba.org\/wp-content\/uploads\/2025\/05\/WhatsApp-Image-2025-05-29-at-12.48.02-1024x769.jpeg\" alt=\"\" width=\"456\" height=\"342\" \/>en una lista, necesitamos construir un nuevo movimiento que d\u00e9 cuenta de la realidad de hoy, con trabajadores ocupados del sector p\u00fablico pero tambi\u00e9n del sector privado, los que est\u00e1n en blanco y en negro, los desocupados que los se\u00f1alan acus\u00e1ndolos de que no laburan porque no quieren. Mentira, es el sistema que los quiere excluidos. Para nosotros son parte de la clase trabajadora. Desde ah\u00ed tenemos que saber parir una nueva experiencia pol\u00edtica en C\u00f3rdoba y en Argentina&#8221;.<\/p>\n<p>Y record\u00f3 que &#8220;hace un a\u00f1o vino Milei y, a pesar que C\u00f3rdoba es muy gorila, fue ac\u00e1 donde por primera vez desde que asumi\u00f3 el Presidente fue repudiado. Quiere decir que m\u00e1s all\u00e1 que la mayor\u00eda lo voto, hay un mont\u00f3n de compa\u00f1eros en los sindicatos, en las barriadas populares, en la pelea ambiental y cultural que est\u00e1n para hacerle frente a este gobierno. Milei no naci\u00f3 de un repollo, es empleado de las corporaciones trasnacionales, de los yanquis y de los sionistas del Estado de Israel. No solo vino por nuestros derechos: vino para regalar la patria. Hoy la Argentina est\u00e1 en venta y tiene bandera de precio de remate&#8221;.<\/p>\n<p>Para concluir, el dirigente afirm\u00f3 que &#8220;nosotros estamos obligados a pelear contra eso. Exigiendo la reincorporaci\u00f3n de las y los despedidos en el Estado, por mejores salarios, porque el hambre deje de ser un crimen. Tenemos que organizarnos, las peleas individuales no sirven.\u00a0Esta asamblea es para conmemorar, escuchar y despu\u00e9s accionar. Eso es central. Tenemos que construir poder popular para organizarnos y generar laburo genuino&#8221;.<\/p>\n<div id='gallery_1' class='gallery galleryid-48905 gallery-columns-3 gallery-size-thumbnail'><figure class='gallery-item'>\n                <div class='gallery-icon landscape'>\n                    <a href='https:\/\/atecordoba.org\/wp-content\/uploads\/2025\/05\/WhatsApp-Image-2025-05-29-at-12.47.58-1-scaled.jpeg'><img loading=\"lazy\" decoding=\"async\" width=\"150\" height=\"150\" src=\"\" class=\"attachment-thumbnail size-thumbnail lazyload\" alt=\"\" data-src=\"https:\/\/atecordoba.org\/wp-content\/uploads\/2025\/05\/WhatsApp-Image-2025-05-29-at-12.47.58-1-150x150.jpeg\" data-sizes=\"auto\" data-srcset=\"https:\/\/atecordoba.org\/wp-content\/uploads\/2025\/05\/WhatsApp-Image-2025-05-29-at-12.47.58-1-150x150.jpeg 150w, https:\/\/atecordoba.org\/wp-content\/uploads\/2025\/05\/WhatsApp-Image-2025-05-29-at-12.47.58-1-560x560.jpeg 560w, https:\/\/atecordoba.org\/wp-content\/uploads\/2025\/05\/WhatsApp-Image-2025-05-29-at-12.47.58-1-75x75.jpeg 75w, https:\/\/atecordoba.org\/wp-content\/uploads\/2025\/05\/WhatsApp-Image-2025-05-29-at-12.47.58-1-350x350.jpeg 350w\" data-expand=\"700\" \/><\/a>\n                <\/div><\/figure><figure class='gallery-item'>\n                <div class='gallery-icon portrait'>\n                    <a href='https:\/\/atecordoba.org\/wp-content\/uploads\/2025\/05\/WhatsApp-Image-2025-05-29-at-12.48.02-2-scaled.jpeg'><img loading=\"lazy\" decoding=\"async\" width=\"150\" height=\"150\" src=\"\" class=\"attachment-thumbnail size-thumbnail lazyload\" alt=\"\" data-src=\"https:\/\/atecordoba.org\/wp-content\/uploads\/2025\/05\/WhatsApp-Image-2025-05-29-at-12.48.02-2-150x150.jpeg\" data-sizes=\"auto\" data-srcset=\"https:\/\/atecordoba.org\/wp-content\/uploads\/2025\/05\/WhatsApp-Image-2025-05-29-at-12.48.02-2-150x150.jpeg 150w, https:\/\/atecordoba.org\/wp-content\/uploads\/2025\/05\/WhatsApp-Image-2025-05-29-at-12.48.02-2-560x560.jpeg 560w, https:\/\/atecordoba.org\/wp-content\/uploads\/2025\/05\/WhatsApp-Image-2025-05-29-at-12.48.02-2-75x75.jpeg 75w, https:\/\/atecordoba.org\/wp-content\/uploads\/2025\/05\/WhatsApp-Image-2025-05-29-at-12.48.02-2-350x350.jpeg 350w\" data-expand=\"700\" \/><\/a>\n                <\/div><\/figure><figure class='gallery-item'>\n                <div class='gallery-icon landscape'>\n                    <a href='https:\/\/atecordoba.org\/wp-content\/uploads\/2025\/05\/WhatsApp-Image-2025-05-29-at-12.48.04-scaled.jpeg'><img loading=\"lazy\" decoding=\"async\" width=\"150\" height=\"150\" src=\"\" class=\"attachment-thumbnail size-thumbnail lazyload\" alt=\"\" data-src=\"https:\/\/atecordoba.org\/wp-content\/uploads\/2025\/05\/WhatsApp-Image-2025-05-29-at-12.48.04-150x150.jpeg\" data-sizes=\"auto\" data-srcset=\"https:\/\/atecordoba.org\/wp-content\/uploads\/2025\/05\/WhatsApp-Image-2025-05-29-at-12.48.04-150x150.jpeg 150w, https:\/\/atecordoba.org\/wp-content\/uploads\/2025\/05\/WhatsApp-Image-2025-05-29-at-12.48.04-560x560.jpeg 560w, https:\/\/atecordoba.org\/wp-content\/uploads\/2025\/05\/WhatsApp-Image-2025-05-29-at-12.48.04-75x75.jpeg 75w, https:\/\/atecordoba.org\/wp-content\/uploads\/2025\/05\/WhatsApp-Image-2025-05-29-at-12.48.04-350x350.jpeg 350w\" data-expand=\"700\" \/><\/a>\n                <\/div><\/figure><br style=\"clear: both\" \/><figure class='gallery-item'>\n                <div class='gallery-icon landscape'>\n                    <a href='https:\/\/atecordoba.org\/wp-content\/uploads\/2025\/05\/WhatsApp-Image-2025-05-29-at-12.48.05-scaled.jpeg'><img loading=\"lazy\" decoding=\"async\" width=\"150\" height=\"150\" src=\"\" class=\"attachment-thumbnail size-thumbnail lazyload\" alt=\"\" data-src=\"https:\/\/atecordoba.org\/wp-content\/uploads\/2025\/05\/WhatsApp-Image-2025-05-29-at-12.48.05-150x150.jpeg\" data-sizes=\"auto\" data-srcset=\"https:\/\/atecordoba.org\/wp-content\/uploads\/2025\/05\/WhatsApp-Image-2025-05-29-at-12.48.05-150x150.jpeg 150w, https:\/\/atecordoba.org\/wp-content\/uploads\/2025\/05\/WhatsApp-Image-2025-05-29-at-12.48.05-560x560.jpeg 560w, https:\/\/atecordoba.org\/wp-content\/uploads\/2025\/05\/WhatsApp-Image-2025-05-29-at-12.48.05-75x75.jpeg 75w, https:\/\/atecordoba.org\/wp-content\/uploads\/2025\/05\/WhatsApp-Image-2025-05-29-at-12.48.05-350x350.jpeg 350w\" data-expand=\"700\" \/><\/a>\n                <\/div><\/figure><figure class='gallery-item'>\n                <div class='gallery-icon portrait'>\n                    <a href='https:\/\/atecordoba.org\/wp-content\/uploads\/2025\/05\/WhatsApp-Image-2025-05-29-at-12.48.06-1-scaled.jpeg'><img loading=\"lazy\" decoding=\"async\" width=\"150\" height=\"150\" src=\"\" class=\"attachment-thumbnail size-thumbnail lazyload\" alt=\"\" data-src=\"https:\/\/atecordoba.org\/wp-content\/uploads\/2025\/05\/WhatsApp-Image-2025-05-29-at-12.48.06-1-150x150.jpeg\" data-sizes=\"auto\" data-srcset=\"https:\/\/atecordoba.org\/wp-content\/uploads\/2025\/05\/WhatsApp-Image-2025-05-29-at-12.48.06-1-150x150.jpeg 150w, https:\/\/atecordoba.org\/wp-content\/uploads\/2025\/05\/WhatsApp-Image-2025-05-29-at-12.48.06-1-560x560.jpeg 560w, https:\/\/atecordoba.org\/wp-content\/uploads\/2025\/05\/WhatsApp-Image-2025-05-29-at-12.48.06-1-75x75.jpeg 75w, https:\/\/atecordoba.org\/wp-content\/uploads\/2025\/05\/WhatsApp-Image-2025-05-29-at-12.48.06-1-350x350.jpeg 350w\" data-expand=\"700\" \/><\/a>\n                <\/div><\/figure><figure class='gallery-item'>\n                <div class='gallery-icon landscape'>\n                    <a href='https:\/\/atecordoba.org\/wp-content\/uploads\/2025\/05\/WhatsApp-Image-2025-05-29-at-12.47.54-1-scaled.jpeg'><img loading=\"lazy\" decoding=\"async\" width=\"150\" height=\"150\" src=\"\" class=\"attachment-thumbnail size-thumbnail lazyload\" alt=\"\" data-src=\"https:\/\/atecordoba.org\/wp-content\/uploads\/2025\/05\/WhatsApp-Image-2025-05-29-at-12.47.54-1-150x150.jpeg\" data-sizes=\"auto\" data-srcset=\"https:\/\/atecordoba.org\/wp-content\/uploads\/2025\/05\/WhatsApp-Image-2025-05-29-at-12.47.54-1-150x150.jpeg 150w, https:\/\/atecordoba.org\/wp-content\/uploads\/2025\/05\/WhatsApp-Image-2025-05-29-at-12.47.54-1-560x560.jpeg 560w, https:\/\/atecordoba.org\/wp-content\/uploads\/2025\/05\/WhatsApp-Image-2025-05-29-at-12.47.54-1-75x75.jpeg 75w, https:\/\/atecordoba.org\/wp-content\/uploads\/2025\/05\/WhatsApp-Image-2025-05-29-at-12.47.54-1-350x350.jpeg 350w\" data-expand=\"700\" \/><\/a>\n                <\/div><\/figure><br style=\"clear: both\" \/><figure class='gallery-item'>\n                <div class='gallery-icon landscape'>\n                    <a href='https:\/\/atecordoba.org\/wp-content\/uploads\/2025\/05\/WhatsApp-Image-2025-05-29-at-12.47.54-scaled.jpeg'><img loading=\"lazy\" decoding=\"async\" width=\"150\" height=\"150\" src=\"\" class=\"attachment-thumbnail size-thumbnail lazyload\" alt=\"\" data-src=\"https:\/\/atecordoba.org\/wp-content\/uploads\/2025\/05\/WhatsApp-Image-2025-05-29-at-12.47.54-150x150.jpeg\" data-sizes=\"auto\" data-srcset=\"https:\/\/atecordoba.org\/wp-content\/uploads\/2025\/05\/WhatsApp-Image-2025-05-29-at-12.47.54-150x150.jpeg 150w, https:\/\/atecordoba.org\/wp-content\/uploads\/2025\/05\/WhatsApp-Image-2025-05-29-at-12.47.54-560x560.jpeg 560w, https:\/\/atecordoba.org\/wp-content\/uploads\/2025\/05\/WhatsApp-Image-2025-05-29-at-12.47.54-75x75.jpeg 75w, https:\/\/atecordoba.org\/wp-content\/uploads\/2025\/05\/WhatsApp-Image-2025-05-29-at-12.47.54-350x350.jpeg 350w\" data-expand=\"700\" \/><\/a>\n                <\/div><\/figure><figure class='gallery-item'>\n                <div class='gallery-icon landscape'>\n                    <a href='https:\/\/atecordoba.org\/wp-content\/uploads\/2025\/05\/WhatsApp-Image-2025-05-29-at-12.47.58-2-1-scaled.jpeg'><img loading=\"lazy\" decoding=\"async\" width=\"150\" height=\"150\" src=\"\" class=\"attachment-thumbnail size-thumbnail lazyload\" alt=\"\" data-src=\"https:\/\/atecordoba.org\/wp-content\/uploads\/2025\/05\/WhatsApp-Image-2025-05-29-at-12.47.58-2-1-150x150.jpeg\" data-sizes=\"auto\" data-srcset=\"https:\/\/atecordoba.org\/wp-content\/uploads\/2025\/05\/WhatsApp-Image-2025-05-29-at-12.47.58-2-1-150x150.jpeg 150w, https:\/\/atecordoba.org\/wp-content\/uploads\/2025\/05\/WhatsApp-Image-2025-05-29-at-12.47.58-2-1-560x560.jpeg 560w, https:\/\/atecordoba.org\/wp-content\/uploads\/2025\/05\/WhatsApp-Image-2025-05-29-at-12.47.58-2-1-75x75.jpeg 75w, https:\/\/atecordoba.org\/wp-content\/uploads\/2025\/05\/WhatsApp-Image-2025-05-29-at-12.47.58-2-1-350x350.jpeg 350w\" data-expand=\"700\" \/><\/a>\n                <\/div><\/figure><figure class='gallery-item'>\n                <div class='gallery-icon portrait'>\n                    <a href='https:\/\/atecordoba.org\/wp-content\/uploads\/2025\/05\/WhatsApp-Image-2025-05-29-at-12.48.06-2-scaled.jpeg'><img loading=\"lazy\" decoding=\"async\" width=\"150\" height=\"150\" src=\"\" class=\"attachment-thumbnail size-thumbnail lazyload\" alt=\"\" data-src=\"https:\/\/atecordoba.org\/wp-content\/uploads\/2025\/05\/WhatsApp-Image-2025-05-29-at-12.48.06-2-150x150.jpeg\" data-sizes=\"auto\" data-srcset=\"https:\/\/atecordoba.org\/wp-content\/uploads\/2025\/05\/WhatsApp-Image-2025-05-29-at-12.48.06-2-150x150.jpeg 150w, https:\/\/atecordoba.org\/wp-content\/uploads\/2025\/05\/WhatsApp-Image-2025-05-29-at-12.48.06-2-560x560.jpeg 560w, https:\/\/atecordoba.org\/wp-content\/uploads\/2025\/05\/WhatsApp-Image-2025-05-29-at-12.48.06-2-75x75.jpeg 75w, https:\/\/atecordoba.org\/wp-content\/uploads\/2025\/05\/WhatsApp-Image-2025-05-29-at-12.48.06-2-350x350.jpeg 350w\" data-expand=\"700\" \/><\/a>\n                <\/div><\/figure><br style=\"clear: both\" \/>\n            <\/div>\n\n","protected":false},"excerpt":{"rendered":"<p>Hoy se llev\u00f3 a cabo un acto en el Pasaje de la Reforma, en barrio Alberdi, en homenaje del Cordobazo, convocada por la CTAA y ATE C\u00f3rdoba, junto a organizaciones sociales y estudiantiles, en un sitio emblem\u00e1tico de la lucha popular en C\u00f3rdoba. En la oportunidad se realiz\u00f3 una olla popular donde la multitud comparti\u00f3 [&hellip;]<\/p>\n","protected":false},"author":7,"featured_media":48910,"comment_status":"open","ping_status":"open","sticky":false,"template":"","format":"standard","meta":{"_exactmetrics_skip_tracking":false,"_exactmetrics_sitenote_active":false,"_exactmetrics_sitenote_note":"","_exactmetrics_sitenote_category":0,"jnews-multi-image_gallery":[],"jnews_single_post":{"format":"standard","override":[{"template":"1","parallax":"1","fullscreen":"1","layout":"no-sidebar-narrow","sidebar":"default-sidebar","second_sidebar":"default-sidebar","sticky_sidebar":"1","share_position":"bottom","share_float_style":"share-monocrhome","show_share_counter":"1","show_view_counter":"1","show_post_meta":"1","show_post_author_image":"1","show_post_date":"1","post_date_format":"default","post_date_format_custom":"Y\/m\/d","show_post_category":"1","show_post_reading_time":"0","post_reading_time_wpm":"300","post_calculate_word_method":"str_word_count","show_zoom_button":"0","zoom_button_out_step":"2","zoom_button_in_step":"3","show_post_tag":"1","number_popup_post":"1","show_post_related":"1","show_inline_post_related":"0"}],"image_override":[{"single_post_thumbnail_size":"crop-500","single_post_gallery_size":"crop-500"}],"trending_post_position":"meta","trending_post_label":"Trending","sponsored_post_label":"Sponsored by","disable_ad":"0"},"jnews_primary_category":[],"jnews_social_meta":[],"jnews_review":[],"enable_review":"","type":"percentage","name":"","summary":"","brand":"","sku":"","good":[],"bad":[],"score_override":"","override_value":"","rating":[],"price":[],"jnews_override_counter":{"view_counter_number":"0","share_counter_number":"0","like_counter_number":"0","dislike_counter_number":"0"},"jnews_post_split":{"post_split":[{"template":"1","tag":"h2","numbering":"asc","mode":"normal","first":"0","enable_toc":"0","toc_type":"normal"}]},"footnotes":""},"categories":[10],"tags":[],"class_list":["post-48905","post","type-post","status-publish","format-standard","has-post-thumbnail","hentry","category-accion-politica"],"jetpack_featured_media_url":"https:\/\/atecordoba.org\/wp-content\/uploads\/2025\/05\/WhatsApp-Image-2025-05-29-at-12.48.02-scaled-e1748542855690.jpeg","_links":{"self":[{"href":"https:\/\/atecordoba.org\/index.php?rest_route=\/wp\/v2\/posts\/48905","targetHints":{"allow":["GET"]}}],"collection":[{"href":"https:\/\/atecordoba.org\/index.php?rest_route=\/wp\/v2\/posts"}],"about":[{"href":"https:\/\/atecordoba.org\/index.php?rest_route=\/wp\/v2\/types\/post"}],"author":[{"embeddable":true,"href":"https:\/\/atecordoba.org\/index.php?rest_route=\/wp\/v2\/users\/7"}],"replies":[{"embeddable":true,"href":"https:\/\/atecordoba.org\/index.php?rest_route=%2Fwp%2Fv2%2Fcomments&post=48905"}],"version-history":[{"count":3,"href":"https:\/\/atecordoba.org\/index.php?rest_route=\/wp\/v2\/posts\/48905\/revisions"}],"predecessor-version":[{"id":48925,"href":"https:\/\/atecordoba.org\/index.php?rest_route=\/wp\/v2\/posts\/48905\/revisions\/48925"}],"wp:featuredmedia":[{"embeddable":true,"href":"https:\/\/atecordoba.org\/index.php?rest_route=\/wp\/v2\/media\/48910"}],"wp:attachment":[{"href":"https:\/\/atecordoba.org\/index.php?rest_route=%2Fwp%2Fv2%2Fmedia&parent=48905"}],"wp:term":[{"taxonomy":"category","embeddable":true,"href":"https:\/\/atecordoba.org\/index.php?rest_route=%2Fwp%2Fv2%2Fcategories&post=48905"},{"taxonomy":"post_tag","embeddable":true,"href":"https:\/\/atecordoba.org\/index.php?rest_route=%2Fwp%2Fv2%2Ftags&post=48905"}],"curies":[{"name":"wp","href":"https:\/\/api.w.org\/{rel}","templated":true}]}}