{"id":48891,"date":"2025-05-29T13:09:33","date_gmt":"2025-05-29T16:09:33","guid":{"rendered":"https:\/\/atecordoba.org\/?p=48891"},"modified":"2025-05-29T13:11:25","modified_gmt":"2025-05-29T16:11:25","slug":"pablo-llonto-presento-su-nuevo-libro-en-ate","status":"publish","type":"post","link":"https:\/\/atecordoba.org\/?p=48891","title":{"rendered":"Pablo Llonto present\u00f3 su nuevo libro en ATE"},"content":{"rendered":"<p><img loading=\"lazy\" decoding=\"async\" class=\"aligncenter wp-image-48892 \" src=\"https:\/\/atecordoba.org\/wp-content\/uploads\/2025\/05\/WhatsApp-Image-2025-05-28-at-10.38.34-1024x768.jpeg\" alt=\"\" width=\"611\" height=\"459\" srcset=\"https:\/\/atecordoba.org\/wp-content\/uploads\/2025\/05\/WhatsApp-Image-2025-05-28-at-10.38.34-1024x768.jpeg 1024w, https:\/\/atecordoba.org\/wp-content\/uploads\/2025\/05\/WhatsApp-Image-2025-05-28-at-10.38.34-300x225.jpeg 300w, https:\/\/atecordoba.org\/wp-content\/uploads\/2025\/05\/WhatsApp-Image-2025-05-28-at-10.38.34-768x576.jpeg 768w, https:\/\/atecordoba.org\/wp-content\/uploads\/2025\/05\/WhatsApp-Image-2025-05-28-at-10.38.34-750x563.jpeg 750w, https:\/\/atecordoba.org\/wp-content\/uploads\/2025\/05\/WhatsApp-Image-2025-05-28-at-10.38.34-1140x855.jpeg 1140w, https:\/\/atecordoba.org\/wp-content\/uploads\/2025\/05\/WhatsApp-Image-2025-05-28-at-10.38.34.jpeg 1280w\" sizes=\"auto, (max-width: 611px) 100vw, 611px\" \/>Conjuntamente a la librer\u00eda El Espejo y la editorial cooperativa La Minga, ATE llev\u00f3 a cabo la presentaci\u00f3n del libro \u201cDerecho a la resistencia\u201d de Pablo Llonto, reconocido periodista y abogado en causas por delitos de lesa humanidad.<\/p>\n<p>La actividad cont\u00f3 con una respuesta masiva de afiliados\/as estatales, activistas y militantes de diversas organizaciones sociales y pol\u00edticas que pudieron participar de un debate, aprovechando la presencia de un protagonista, que registr\u00f3 en su nuevo libro, parte de hechos hist\u00f3ricos fundamentales para entender la situaci\u00f3n actual del movimiento popular.<img loading=\"lazy\" decoding=\"async\" class=\"aligncenter wp-image-48893 \" src=\"https:\/\/atecordoba.org\/wp-content\/uploads\/2025\/05\/WhatsApp-Image-2025-05-28-at-10.38.50-1-1024x768.jpeg\" alt=\"\" width=\"619\" height=\"465\" \/><\/p>\n<p>En tal sentido, el secretario General de ATE C\u00f3rdoba, Federico Giuliani, valor\u00f3 la presencia de Llonto en ATE\u00a0 destacando el papel de la editorial cooperativa La Minga como promotora cultural. Seguidamente enumer\u00f3 la cantidad de actividades de debate cultural que se han desarrollado en ATE C\u00f3rdoba. &#8220;\u00bfPor qu\u00e9 un sindicato no puede presentar libros? Tambi\u00e9n somos productores de cultura&#8221;, asever\u00f3 Giuliani.<\/p>\n<p>Por su parte, Llonto afirm\u00f3 que &#8220;en la semana del Cordobazo es una carga de energ\u00eda especial la presencia de tantos militantes de la d\u00e9cada del \u201860 y \u201970. El significado de esta fecha es importante, al igual que el de tantas luchas populares, como lo fue la resistencia desde la Contraofensiva Montonera, eje central del nuevo libro que hoy presentamos&#8221;.<\/p>\n<p>En esa l\u00ednea agreg\u00f3 que &#8220;ese es un buen puente para atar con las resistencias actuales&#8221;.<\/p>\n<p><img loading=\"lazy\" decoding=\"async\" class=\"aligncenter wp-image-48894 \" src=\"https:\/\/atecordoba.org\/wp-content\/uploads\/2025\/05\/WhatsApp-Image-2025-05-28-at-10.38.50-1024x768.jpeg\" alt=\"\" width=\"611\" height=\"459\" srcset=\"https:\/\/atecordoba.org\/wp-content\/uploads\/2025\/05\/WhatsApp-Image-2025-05-28-at-10.38.50-1024x768.jpeg 1024w, https:\/\/atecordoba.org\/wp-content\/uploads\/2025\/05\/WhatsApp-Image-2025-05-28-at-10.38.50-300x225.jpeg 300w, https:\/\/atecordoba.org\/wp-content\/uploads\/2025\/05\/WhatsApp-Image-2025-05-28-at-10.38.50-768x576.jpeg 768w, https:\/\/atecordoba.org\/wp-content\/uploads\/2025\/05\/WhatsApp-Image-2025-05-28-at-10.38.50-1536x1152.jpeg 1536w, https:\/\/atecordoba.org\/wp-content\/uploads\/2025\/05\/WhatsApp-Image-2025-05-28-at-10.38.50-750x563.jpeg 750w, https:\/\/atecordoba.org\/wp-content\/uploads\/2025\/05\/WhatsApp-Image-2025-05-28-at-10.38.50-1140x855.jpeg 1140w, https:\/\/atecordoba.org\/wp-content\/uploads\/2025\/05\/WhatsApp-Image-2025-05-28-at-10.38.50.jpeg 1600w\" sizes=\"auto, (max-width: 611px) 100vw, 611px\" \/><\/p>\n<p>Llonto agradeci\u00f3 la invitaci\u00f3n y destac\u00f3 que ATE \u201ces el sindicato de la resistencia en todo el pa\u00eds\u201d y lo fundament\u00f3 al asegurar que \u201cel punto central de la masacre que est\u00e1 imponiendo Milei son las y los trabajadores estatales\u201d.<\/p>\n<p>\u201cEste gobierno est\u00e1 rescatando la vieja consigna de la dictadura: \u2018achicar el Estado es agrandar la Naci\u00f3n\u2019, cuando todos sabemos que achicar el Estado es achicar la Naci\u00f3n, que es lo que est\u00e1n haciendo. Pero el sector del pueblo que lo vot\u00f3 ya lo va a ir viendo, como lo vio al final de la dictadura\u201d, coment\u00f3.<\/p>\n<p>&#8220;Por esa resistencia de ATE que esta semana evoca la recepci\u00f3n que le dieron a Milei hace un a\u00f1o, que hay que copiar, adaptar o mejorar, trasladar a otras actividades. Como ese compa\u00f1ero que el domingo pasado (durante las elecciones en Capital Federal) le neg\u00f3 el saludo a Milei. Es la suma de las resistencias la que van a hacer posible ese canto que dice \u2018de la resistencia a la victoria\u2019, que se canta en todo el pa\u00eds&#8221;, complet\u00f3.<\/p>\n<p>El debate fraterno que se desarroll\u00f3 marc\u00f3 el clima de la presentaci\u00f3n. Giuliani destac\u00f3 las necesidad de reivindicar la militancia de la d\u00e9cada del &#8217;70 &#8220;que desde al historia y el presente forma parte de nuestra identidad&#8221;.<\/p>\n<div id='gallery_1' class='gallery galleryid-48891 gallery-columns-2 gallery-size-medium'><figure class='gallery-item'>\n                <div class='gallery-icon portrait'>\n                    <a href='https:\/\/atecordoba.org\/wp-content\/uploads\/2025\/05\/WhatsApp-Image-2025-05-28-at-10.38.41-1.jpeg'><img loading=\"lazy\" decoding=\"async\" width=\"169\" height=\"300\" src=\"\" class=\"attachment-medium size-medium lazyload\" alt=\"\" data-src=\"https:\/\/atecordoba.org\/wp-content\/uploads\/2025\/05\/WhatsApp-Image-2025-05-28-at-10.38.41-1-169x300.jpeg\" data-sizes=\"auto\" data-srcset=\"https:\/\/atecordoba.org\/wp-content\/uploads\/2025\/05\/WhatsApp-Image-2025-05-28-at-10.38.41-1-169x300.jpeg 169w, https:\/\/atecordoba.org\/wp-content\/uploads\/2025\/05\/WhatsApp-Image-2025-05-28-at-10.38.41-1-576x1024.jpeg 576w, https:\/\/atecordoba.org\/wp-content\/uploads\/2025\/05\/WhatsApp-Image-2025-05-28-at-10.38.41-1.jpeg 720w\" data-expand=\"700\" \/><\/a>\n                <\/div><\/figure><figure class='gallery-item'>\n                <div class='gallery-icon portrait'>\n                    <a href='https:\/\/atecordoba.org\/wp-content\/uploads\/2025\/05\/WhatsApp-Image-2025-05-28-at-10.38.53-1.jpeg'><img loading=\"lazy\" decoding=\"async\" width=\"169\" height=\"300\" src=\"\" class=\"attachment-medium size-medium lazyload\" alt=\"\" data-src=\"https:\/\/atecordoba.org\/wp-content\/uploads\/2025\/05\/WhatsApp-Image-2025-05-28-at-10.38.53-1-169x300.jpeg\" data-sizes=\"auto\" data-srcset=\"https:\/\/atecordoba.org\/wp-content\/uploads\/2025\/05\/WhatsApp-Image-2025-05-28-at-10.38.53-1-169x300.jpeg 169w, https:\/\/atecordoba.org\/wp-content\/uploads\/2025\/05\/WhatsApp-Image-2025-05-28-at-10.38.53-1-576x1024.jpeg 576w, https:\/\/atecordoba.org\/wp-content\/uploads\/2025\/05\/WhatsApp-Image-2025-05-28-at-10.38.53-1-768x1365.jpeg 768w, https:\/\/atecordoba.org\/wp-content\/uploads\/2025\/05\/WhatsApp-Image-2025-05-28-at-10.38.53-1-864x1536.jpeg 864w, https:\/\/atecordoba.org\/wp-content\/uploads\/2025\/05\/WhatsApp-Image-2025-05-28-at-10.38.53-1-750x1333.jpeg 750w, https:\/\/atecordoba.org\/wp-content\/uploads\/2025\/05\/WhatsApp-Image-2025-05-28-at-10.38.53-1.jpeg 900w\" data-expand=\"700\" \/><\/a>\n                <\/div><\/figure><br style=\"clear: both\" \/><figure class='gallery-item'>\n                <div class='gallery-icon landscape'>\n                    <a href='https:\/\/atecordoba.org\/wp-content\/uploads\/2025\/05\/WhatsApp-Image-2025-05-28-at-10.38.59-1.jpeg'><img loading=\"lazy\" decoding=\"async\" width=\"300\" height=\"225\" src=\"\" class=\"attachment-medium size-medium lazyload\" alt=\"\" data-src=\"https:\/\/atecordoba.org\/wp-content\/uploads\/2025\/05\/WhatsApp-Image-2025-05-28-at-10.38.59-1-300x225.jpeg\" data-sizes=\"auto\" data-srcset=\"https:\/\/atecordoba.org\/wp-content\/uploads\/2025\/05\/WhatsApp-Image-2025-05-28-at-10.38.59-1-300x225.jpeg 300w, https:\/\/atecordoba.org\/wp-content\/uploads\/2025\/05\/WhatsApp-Image-2025-05-28-at-10.38.59-1-1024x768.jpeg 1024w, https:\/\/atecordoba.org\/wp-content\/uploads\/2025\/05\/WhatsApp-Image-2025-05-28-at-10.38.59-1-768x576.jpeg 768w, https:\/\/atecordoba.org\/wp-content\/uploads\/2025\/05\/WhatsApp-Image-2025-05-28-at-10.38.59-1-1536x1152.jpeg 1536w, https:\/\/atecordoba.org\/wp-content\/uploads\/2025\/05\/WhatsApp-Image-2025-05-28-at-10.38.59-1-750x563.jpeg 750w, https:\/\/atecordoba.org\/wp-content\/uploads\/2025\/05\/WhatsApp-Image-2025-05-28-at-10.38.59-1-1140x855.jpeg 1140w, https:\/\/atecordoba.org\/wp-content\/uploads\/2025\/05\/WhatsApp-Image-2025-05-28-at-10.38.59-1.jpeg 1600w\" data-expand=\"700\" \/><\/a>\n                <\/div><\/figure><figure class='gallery-item'>\n                <div class='gallery-icon landscape'>\n                    <a href='https:\/\/atecordoba.org\/wp-content\/uploads\/2025\/05\/WhatsApp-Image-2025-05-28-at-10.38.37-1.jpeg'><img loading=\"lazy\" decoding=\"async\" width=\"300\" height=\"225\" src=\"\" class=\"attachment-medium size-medium lazyload\" alt=\"\" data-src=\"https:\/\/atecordoba.org\/wp-content\/uploads\/2025\/05\/WhatsApp-Image-2025-05-28-at-10.38.37-1-300x225.jpeg\" data-sizes=\"auto\" data-srcset=\"https:\/\/atecordoba.org\/wp-content\/uploads\/2025\/05\/WhatsApp-Image-2025-05-28-at-10.38.37-1-300x225.jpeg 300w, https:\/\/atecordoba.org\/wp-content\/uploads\/2025\/05\/WhatsApp-Image-2025-05-28-at-10.38.37-1-1024x768.jpeg 1024w, https:\/\/atecordoba.org\/wp-content\/uploads\/2025\/05\/WhatsApp-Image-2025-05-28-at-10.38.37-1-768x576.jpeg 768w, https:\/\/atecordoba.org\/wp-content\/uploads\/2025\/05\/WhatsApp-Image-2025-05-28-at-10.38.37-1-750x563.jpeg 750w, https:\/\/atecordoba.org\/wp-content\/uploads\/2025\/05\/WhatsApp-Image-2025-05-28-at-10.38.37-1-1140x855.jpeg 1140w, https:\/\/atecordoba.org\/wp-content\/uploads\/2025\/05\/WhatsApp-Image-2025-05-28-at-10.38.37-1.jpeg 1280w\" data-expand=\"700\" \/><\/a>\n                <\/div><\/figure><br style=\"clear: both\" \/>\n            <\/div>\n\n","protected":false},"excerpt":{"rendered":"<p>Conjuntamente a la librer\u00eda El Espejo y la editorial cooperativa La Minga, ATE llev\u00f3 a cabo la presentaci\u00f3n del libro \u201cDerecho a la resistencia\u201d de Pablo Llonto, reconocido periodista y abogado en causas por delitos de lesa humanidad. La actividad cont\u00f3 con una respuesta masiva de afiliados\/as estatales, activistas y militantes de diversas organizaciones sociales [&hellip;]<\/p>\n","protected":false},"author":7,"featured_media":48893,"comment_status":"open","ping_status":"open","sticky":false,"template":"","format":"standard","meta":{"_exactmetrics_skip_tracking":false,"_exactmetrics_sitenote_active":false,"_exactmetrics_sitenote_note":"","_exactmetrics_sitenote_category":0,"jnews-multi-image_gallery":[],"jnews_single_post":{"format":"standard","override":[{"template":"1","parallax":"1","fullscreen":"1","layout":"no-sidebar-narrow","sidebar":"default-sidebar","second_sidebar":"default-sidebar","sticky_sidebar":"1","share_position":"bottom","share_float_style":"share-monocrhome","show_share_counter":"1","show_view_counter":"1","show_post_meta":"1","show_post_author_image":"1","show_post_date":"1","post_date_format":"default","post_date_format_custom":"Y\/m\/d","show_post_category":"1","show_post_reading_time":"0","post_reading_time_wpm":"300","post_calculate_word_method":"str_word_count","show_zoom_button":"0","zoom_button_out_step":"2","zoom_button_in_step":"3","show_post_tag":"1","number_popup_post":"1","show_post_related":"1","show_inline_post_related":"0"}],"image_override":[{"single_post_thumbnail_size":"crop-500","single_post_gallery_size":"crop-500"}],"trending_post_position":"meta","trending_post_label":"Trending","sponsored_post_label":"Sponsored by","disable_ad":"0"},"jnews_primary_category":[],"jnews_social_meta":[],"jnews_review":[],"enable_review":"","type":"percentage","name":"","summary":"","brand":"","sku":"","good":[],"bad":[],"score_override":"","override_value":"","rating":[],"price":[],"jnews_override_counter":{"view_counter_number":"0","share_counter_number":"0","like_counter_number":"0","dislike_counter_number":"0"},"jnews_post_split":{"post_split":[{"template":"1","tag":"h2","numbering":"asc","mode":"normal","first":"0","enable_toc":"0","toc_type":"normal"}]},"footnotes":""},"categories":[972],"tags":[],"class_list":["post-48891","post","type-post","status-publish","format-standard","has-post-thumbnail","hentry","category-culturas"],"jetpack_featured_media_url":"https:\/\/atecordoba.org\/wp-content\/uploads\/2025\/05\/WhatsApp-Image-2025-05-28-at-10.38.50-1-e1748534965989.jpeg","_links":{"self":[{"href":"https:\/\/atecordoba.org\/index.php?rest_route=\/wp\/v2\/posts\/48891","targetHints":{"allow":["GET"]}}],"collection":[{"href":"https:\/\/atecordoba.org\/index.php?rest_route=\/wp\/v2\/posts"}],"about":[{"href":"https:\/\/atecordoba.org\/index.php?rest_route=\/wp\/v2\/types\/post"}],"author":[{"embeddable":true,"href":"https:\/\/atecordoba.org\/index.php?rest_route=\/wp\/v2\/users\/7"}],"replies":[{"embeddable":true,"href":"https:\/\/atecordoba.org\/index.php?rest_route=%2Fwp%2Fv2%2Fcomments&post=48891"}],"version-history":[{"count":2,"href":"https:\/\/atecordoba.org\/index.php?rest_route=\/wp\/v2\/posts\/48891\/revisions"}],"predecessor-version":[{"id":48903,"href":"https:\/\/atecordoba.org\/index.php?rest_route=\/wp\/v2\/posts\/48891\/revisions\/48903"}],"wp:featuredmedia":[{"embeddable":true,"href":"https:\/\/atecordoba.org\/index.php?rest_route=\/wp\/v2\/media\/48893"}],"wp:attachment":[{"href":"https:\/\/atecordoba.org\/index.php?rest_route=%2Fwp%2Fv2%2Fmedia&parent=48891"}],"wp:term":[{"taxonomy":"category","embeddable":true,"href":"https:\/\/atecordoba.org\/index.php?rest_route=%2Fwp%2Fv2%2Fcategories&post=48891"},{"taxonomy":"post_tag","embeddable":true,"href":"https:\/\/atecordoba.org\/index.php?rest_route=%2Fwp%2Fv2%2Ftags&post=48891"}],"curies":[{"name":"wp","href":"https:\/\/api.w.org\/{rel}","templated":true}]}}