{"id":48885,"date":"2025-05-29T09:57:15","date_gmt":"2025-05-29T12:57:15","guid":{"rendered":"https:\/\/atecordoba.org\/?p=48885"},"modified":"2025-05-29T09:57:15","modified_gmt":"2025-05-29T12:57:15","slug":"discapacidad-movilizacion-de-efectores-y-usuarios-ante-la-caida-de-las-prestaciones","status":"publish","type":"post","link":"https:\/\/atecordoba.org\/?p=48885","title":{"rendered":"Discapacidad: movilizaci\u00f3n de efectores y usuarios ante la ca\u00edda de las prestaciones"},"content":{"rendered":"<p><img loading=\"lazy\" decoding=\"async\" class=\"aligncenter wp-image-48886 size-full\" src=\"https:\/\/atecordoba.org\/wp-content\/uploads\/2025\/05\/discapacidad_portada.png\" alt=\"\" width=\"382\" height=\"550\" srcset=\"https:\/\/atecordoba.org\/wp-content\/uploads\/2025\/05\/discapacidad_portada.png 382w, https:\/\/atecordoba.org\/wp-content\/uploads\/2025\/05\/discapacidad_portada-208x300.png 208w\" sizes=\"auto, (max-width: 382px) 100vw, 382px\" \/>El Departamento de Discapacidad del Consejo Directivo Provincial convoca a movilizar hoy a las 11 horas, en reclamo de declarar la emergencia del sistema de atenci\u00f3n frente a la falta o el recorte en las prestaciones de Salud que sufren los usuarios, y la incapacidad de los prestadores para seguir brindando el servicio por el retiro del Estado nacional en la financiaci\u00f3n de dichas prestaciones.<\/p>\n<p>Se trata de otra consecuencia del brutal ajuste que el Gobierno de Milei aplica sobre las estructuras del Estado, que afecta la garant\u00eda de derechos a las poblaci\u00f3n, tal como viene denunciando ATE desde diciembre de 2023.<\/p>\n<p>Servicios como Atenci\u00f3n Medica, Transporte, Medicaci\u00f3n, Ortesis, terapias de rehabilitaci\u00f3n y\/o estimulaci\u00f3n se est\u00e1n derrumbando debido a la falta de actualizaci\u00f3n en los aranceles y la demora en los pagos, que pone en serio riesgo la continuidad de las prestaciones y servicios, sumado a la falta de respuesta por parte del sector responsable de actualizar los aranceles de la Administraci\u00f3n Nacional de Discapacidad (ANDIS) y la\u00a0 Superintendencia de Servicios de Salud.<\/p>\n<p>El sistema de atenci\u00f3n a personas con discapacidad est\u00e1 pasando por una situaci\u00f3n cr\u00edtica como nunca antes hab\u00eda sucedido. El colectivo de prestadores ya no pueden solventar las prestaciones lo que redunda en la vulneraci\u00f3n de los derechos de las personas con discapacidad, afectando su salud, su bienestar y hasta su vida.<\/p>\n<p>Frente a las prestaciones vitales en riesgo, ATE llama a participar de las acciones que buscan visibilizar esta situaci\u00f3n y reclamar condiciones justas para poder seguir recibiendo y brindando atenci\u00f3n de calidad.&#8221; Esta lucha es de todos: de quienes transitamos como usuarios en discapacidad y de los trabajadores que brindan los servicios porque cada familia necesita y merece un sistema digno y sostenible&#8221;, dijo Vanesa Hernandez, responsable del Departamento de Discapacidad de ATE.<\/p>\n<p>La movilizaci\u00f3n concentra a las 11 horas en la Plaza San Martin, para luego marchar hacia Patio Olmos.<\/p>\n<p>&#8220;Confiamos en su acompa\u00f1amiento en esta medida de visibilizaci\u00f3n del estado de crisis que atraviesa el sistema y poder seguir gozando el derecho a las terapias necesarias de calidad y sostenibles en el futuro. Sumate, acompa\u00f1anos, nadie est\u00e1 exento de vivir o transitar con discapacidad. Ayudanos y ayudate. El derecho de las prestaciones de Discapacitad es de todos y para todos&#8221;, concluye Hernandez.<\/p>\n","protected":false},"excerpt":{"rendered":"<p>El Departamento de Discapacidad del Consejo Directivo Provincial convoca a movilizar hoy a las 11 horas, en reclamo de declarar la emergencia del sistema de atenci\u00f3n frente a la falta o el recorte en las prestaciones de Salud que sufren los usuarios, y la incapacidad de los prestadores para seguir brindando el servicio por el [&hellip;]<\/p>\n","protected":false},"author":7,"featured_media":48887,"comment_status":"open","ping_status":"open","sticky":false,"template":"","format":"standard","meta":{"_exactmetrics_skip_tracking":false,"_exactmetrics_sitenote_active":false,"_exactmetrics_sitenote_note":"","_exactmetrics_sitenote_category":0,"jnews-multi-image_gallery":[],"jnews_single_post":{"format":"standard","override":[{"template":"1","parallax":"1","fullscreen":"1","layout":"no-sidebar-narrow","sidebar":"default-sidebar","second_sidebar":"default-sidebar","sticky_sidebar":"1","share_position":"bottom","share_float_style":"share-monocrhome","show_share_counter":"1","show_view_counter":"1","show_post_meta":"1","show_post_author_image":"1","show_post_date":"1","post_date_format":"default","post_date_format_custom":"Y\/m\/d","show_post_category":"1","show_post_reading_time":"0","post_reading_time_wpm":"300","post_calculate_word_method":"str_word_count","show_zoom_button":"0","zoom_button_out_step":"2","zoom_button_in_step":"3","show_post_tag":"1","number_popup_post":"1","show_post_related":"1","show_inline_post_related":"0"}],"image_override":[{"single_post_thumbnail_size":"crop-500","single_post_gallery_size":"crop-500"}],"trending_post_position":"meta","trending_post_label":"Trending","sponsored_post_label":"Sponsored by","disable_ad":"0"},"jnews_primary_category":[],"jnews_social_meta":[],"jnews_review":[],"enable_review":"","type":"percentage","name":"","summary":"","brand":"","sku":"","good":[],"bad":[],"score_override":"","override_value":"","rating":[],"price":[],"jnews_override_counter":{"view_counter_number":"0","share_counter_number":"0","like_counter_number":"0","dislike_counter_number":"0"},"jnews_post_split":{"post_split":[{"template":"1","tag":"h2","numbering":"asc","mode":"normal","first":"0","enable_toc":"0","toc_type":"normal"}]},"footnotes":""},"categories":[625],"tags":[],"class_list":["post-48885","post","type-post","status-publish","format-standard","has-post-thumbnail","hentry","category-discapacidad"],"jetpack_featured_media_url":"https:\/\/atecordoba.org\/wp-content\/uploads\/2025\/05\/discapacidad_recorte.png","_links":{"self":[{"href":"https:\/\/atecordoba.org\/index.php?rest_route=\/wp\/v2\/posts\/48885","targetHints":{"allow":["GET"]}}],"collection":[{"href":"https:\/\/atecordoba.org\/index.php?rest_route=\/wp\/v2\/posts"}],"about":[{"href":"https:\/\/atecordoba.org\/index.php?rest_route=\/wp\/v2\/types\/post"}],"author":[{"embeddable":true,"href":"https:\/\/atecordoba.org\/index.php?rest_route=\/wp\/v2\/users\/7"}],"replies":[{"embeddable":true,"href":"https:\/\/atecordoba.org\/index.php?rest_route=%2Fwp%2Fv2%2Fcomments&post=48885"}],"version-history":[{"count":1,"href":"https:\/\/atecordoba.org\/index.php?rest_route=\/wp\/v2\/posts\/48885\/revisions"}],"predecessor-version":[{"id":48888,"href":"https:\/\/atecordoba.org\/index.php?rest_route=\/wp\/v2\/posts\/48885\/revisions\/48888"}],"wp:featuredmedia":[{"embeddable":true,"href":"https:\/\/atecordoba.org\/index.php?rest_route=\/wp\/v2\/media\/48887"}],"wp:attachment":[{"href":"https:\/\/atecordoba.org\/index.php?rest_route=%2Fwp%2Fv2%2Fmedia&parent=48885"}],"wp:term":[{"taxonomy":"category","embeddable":true,"href":"https:\/\/atecordoba.org\/index.php?rest_route=%2Fwp%2Fv2%2Fcategories&post=48885"},{"taxonomy":"post_tag","embeddable":true,"href":"https:\/\/atecordoba.org\/index.php?rest_route=%2Fwp%2Fv2%2Ftags&post=48885"}],"curies":[{"name":"wp","href":"https:\/\/api.w.org\/{rel}","templated":true}]}}