{"id":48876,"date":"2025-05-28T15:02:26","date_gmt":"2025-05-28T18:02:26","guid":{"rendered":"https:\/\/atecordoba.org\/?p=48876"},"modified":"2025-05-28T15:04:58","modified_gmt":"2025-05-28T18:04:58","slug":"asamblea-en-al-nueva-maternidad-provincial","status":"publish","type":"post","link":"https:\/\/atecordoba.org\/?p=48876","title":{"rendered":"Asamblea en la Nueva Maternidad Provincial"},"content":{"rendered":"<p><img loading=\"lazy\" decoding=\"async\" class=\"aligncenter wp-image-48878 \" src=\"https:\/\/atecordoba.org\/wp-content\/uploads\/2025\/05\/WhatsApp-Image-2025-05-28-at-12.05.17-1.jpeg\" alt=\"\" width=\"612\" height=\"541\" srcset=\"https:\/\/atecordoba.org\/wp-content\/uploads\/2025\/05\/WhatsApp-Image-2025-05-28-at-12.05.17-1.jpeg 900w, https:\/\/atecordoba.org\/wp-content\/uploads\/2025\/05\/WhatsApp-Image-2025-05-28-at-12.05.17-1-300x265.jpeg 300w, https:\/\/atecordoba.org\/wp-content\/uploads\/2025\/05\/WhatsApp-Image-2025-05-28-at-12.05.17-1-768x678.jpeg 768w, https:\/\/atecordoba.org\/wp-content\/uploads\/2025\/05\/WhatsApp-Image-2025-05-28-at-12.05.17-1-750x663.jpeg 750w\" sizes=\"auto, (max-width: 612px) 100vw, 612px\" \/>En el marco del plan de lucha que llevan adelante las y los trabajadores de la Nueva Maternidad Provincial, hoy se realiz\u00f3 una importante asamblea en el centro de salud, convocada por ATE, donde el personal reclama una recomposici\u00f3n salarial que recupere el poder adquisitivo de los haberes.<\/p>\n<p>En la oportunidad, estuvieron presentes en representaci\u00f3n del Consejo Directivo Provincial el secretario Gremial de ATE, Jorge Chalup, su par de Organizaci\u00f3n, Javier Bracamonte, y la delegada del Ministerio de Trabajo, Malena Berger.<img loading=\"lazy\" decoding=\"async\" class=\"aligncenter wp-image-48879 \" src=\"https:\/\/atecordoba.org\/wp-content\/uploads\/2025\/05\/WhatsApp-Image-2025-05-28-at-12.05.20.jpeg\" alt=\"\" width=\"612\" height=\"579\" srcset=\"https:\/\/atecordoba.org\/wp-content\/uploads\/2025\/05\/WhatsApp-Image-2025-05-28-at-12.05.20.jpeg 900w, https:\/\/atecordoba.org\/wp-content\/uploads\/2025\/05\/WhatsApp-Image-2025-05-28-at-12.05.20-300x284.jpeg 300w, https:\/\/atecordoba.org\/wp-content\/uploads\/2025\/05\/WhatsApp-Image-2025-05-28-at-12.05.20-768x726.jpeg 768w, https:\/\/atecordoba.org\/wp-content\/uploads\/2025\/05\/WhatsApp-Image-2025-05-28-at-12.05.20-750x709.jpeg 750w\" sizes=\"auto, (max-width: 612px) 100vw, 612px\" \/><\/p>\n<p>&#8220;Hubo fuertes cr\u00edticas al acuerdo salarial firmado por el SEP, que no se entiende mucho&#8221;, dijo Chalup al finalizar la reuni\u00f3n. Participaron m\u00e9dicos\/as, enfermeros\/as y administrativos\/as, dando cuenta de la legitimidad del reclamo.<\/p>\n<p>Tambi\u00e9n se acercaron a la asamblea representantes del Hospital Rawson, que comparte la agenda de reclamos y suma la necesidad de la urgente reincorporaci\u00f3n\u00a0 de las y los 18 trabajadores despedidos del centro de salud.<\/p>\n<p>&#8220;Se defini\u00f3 realizar una nueva asamblea la semana que viene y extender el plan de lucha al resto de los hospitales&#8221;, concluy\u00f3 Chalup.<\/p>\n","protected":false},"excerpt":{"rendered":"<p>En el marco del plan de lucha que llevan adelante las y los trabajadores de la Nueva Maternidad Provincial, hoy se realiz\u00f3 una importante asamblea en el centro de salud, convocada por ATE, donde el personal reclama una recomposici\u00f3n salarial que recupere el poder adquisitivo de los haberes. En la oportunidad, estuvieron presentes en representaci\u00f3n [&hellip;]<\/p>\n","protected":false},"author":7,"featured_media":48878,"comment_status":"open","ping_status":"open","sticky":false,"template":"","format":"standard","meta":{"_exactmetrics_skip_tracking":false,"_exactmetrics_sitenote_active":false,"_exactmetrics_sitenote_note":"","_exactmetrics_sitenote_category":0,"jnews-multi-image_gallery":[],"jnews_single_post":{"format":"standard","override":[{"template":"1","parallax":"1","fullscreen":"1","layout":"no-sidebar-narrow","sidebar":"default-sidebar","second_sidebar":"default-sidebar","sticky_sidebar":"1","share_position":"bottom","share_float_style":"share-monocrhome","show_share_counter":"1","show_view_counter":"1","show_post_meta":"1","show_post_author_image":"1","show_post_date":"1","post_date_format":"default","post_date_format_custom":"Y\/m\/d","show_post_category":"1","show_post_reading_time":"0","post_reading_time_wpm":"300","post_calculate_word_method":"str_word_count","show_zoom_button":"0","zoom_button_out_step":"2","zoom_button_in_step":"3","show_post_tag":"1","number_popup_post":"1","show_post_related":"1","show_inline_post_related":"0"}],"image_override":[{"single_post_thumbnail_size":"crop-500","single_post_gallery_size":"crop-500"}],"trending_post_position":"meta","trending_post_label":"Trending","sponsored_post_label":"Sponsored by","disable_ad":"0"},"jnews_primary_category":[],"jnews_social_meta":[],"jnews_review":[],"enable_review":"","type":"percentage","name":"","summary":"","brand":"","sku":"","good":[],"bad":[],"score_override":"","override_value":"","rating":[],"price":[],"jnews_override_counter":{"view_counter_number":"0","share_counter_number":"0","like_counter_number":"0","dislike_counter_number":"0"},"jnews_post_split":{"post_split":[{"template":"1","tag":"h2","numbering":"asc","mode":"normal","first":"0","enable_toc":"0","toc_type":"normal"}]},"footnotes":""},"categories":[8],"tags":[1510],"class_list":["post-48876","post","type-post","status-publish","format-standard","has-post-thumbnail","hentry","category-provinciales","tag-nueva-maternidad-provincial"],"jetpack_featured_media_url":"https:\/\/atecordoba.org\/wp-content\/uploads\/2025\/05\/WhatsApp-Image-2025-05-28-at-12.05.17-1.jpeg","_links":{"self":[{"href":"https:\/\/atecordoba.org\/index.php?rest_route=\/wp\/v2\/posts\/48876","targetHints":{"allow":["GET"]}}],"collection":[{"href":"https:\/\/atecordoba.org\/index.php?rest_route=\/wp\/v2\/posts"}],"about":[{"href":"https:\/\/atecordoba.org\/index.php?rest_route=\/wp\/v2\/types\/post"}],"author":[{"embeddable":true,"href":"https:\/\/atecordoba.org\/index.php?rest_route=\/wp\/v2\/users\/7"}],"replies":[{"embeddable":true,"href":"https:\/\/atecordoba.org\/index.php?rest_route=%2Fwp%2Fv2%2Fcomments&post=48876"}],"version-history":[{"count":3,"href":"https:\/\/atecordoba.org\/index.php?rest_route=\/wp\/v2\/posts\/48876\/revisions"}],"predecessor-version":[{"id":48883,"href":"https:\/\/atecordoba.org\/index.php?rest_route=\/wp\/v2\/posts\/48876\/revisions\/48883"}],"wp:featuredmedia":[{"embeddable":true,"href":"https:\/\/atecordoba.org\/index.php?rest_route=\/wp\/v2\/media\/48878"}],"wp:attachment":[{"href":"https:\/\/atecordoba.org\/index.php?rest_route=%2Fwp%2Fv2%2Fmedia&parent=48876"}],"wp:term":[{"taxonomy":"category","embeddable":true,"href":"https:\/\/atecordoba.org\/index.php?rest_route=%2Fwp%2Fv2%2Fcategories&post=48876"},{"taxonomy":"post_tag","embeddable":true,"href":"https:\/\/atecordoba.org\/index.php?rest_route=%2Fwp%2Fv2%2Ftags&post=48876"}],"curies":[{"name":"wp","href":"https:\/\/api.w.org\/{rel}","templated":true}]}}