{"id":48872,"date":"2025-05-28T13:56:08","date_gmt":"2025-05-28T16:56:08","guid":{"rendered":"https:\/\/atecordoba.org\/?p=48872"},"modified":"2025-05-28T13:58:23","modified_gmt":"2025-05-28T16:58:23","slug":"persecucion-judicial-de-aragon-llama-a-declarar-a-giuliani-a-un-ano-de-las-movilizaciones-en-repudio-a-la-visita-de-milei-a-cordoba","status":"publish","type":"post","link":"https:\/\/atecordoba.org\/?p=48872","title":{"rendered":"Persecuci\u00f3n judicial: De Arag\u00f3n llama a declarar a Giuliani a un a\u00f1o de las movilizaciones en repudio a la visita de Milei a C\u00f3rdoba"},"content":{"rendered":"<p><img loading=\"lazy\" decoding=\"async\" class=\"aligncenter wp-image-48844 size-full\" src=\"https:\/\/atecordoba.org\/wp-content\/uploads\/2025\/05\/fede.png\" alt=\"\" width=\"470\" height=\"493\" srcset=\"https:\/\/atecordoba.org\/wp-content\/uploads\/2025\/05\/fede.png 470w, https:\/\/atecordoba.org\/wp-content\/uploads\/2025\/05\/fede-286x300.png 286w\" sizes=\"auto, (max-width: 470px) 100vw, 470px\" \/>Al cumplirse un a\u00f1o del brutal allanamiento al domicilio particular en R\u00edo Cuarto del secretario General de ATE C\u00f3rdoba, Federico Giuliani, ordenado por el fiscal provincial Ernesto de Arag\u00f3n, y despu\u00e9s de mantener inactiva la causa que lo motiv\u00f3, hoy la fiscal\u00eda le comunic\u00f3 a Giuliani que se presente a declarar como imputado, en una muestra m\u00e1s de que el Ministerio P\u00fablico Fiscal en C\u00f3rdoba es un ariete del poder pol\u00edtico que busca amedrentar la lucha popular.<\/p>\n<p>No es casual que la medida se tome el mismo d\u00eda que el ministro de Seguridad, Juan Pablo Quinteros, saliera a reclamar por los medios de comunicaci\u00f3n \u201cuna ley antipiquetes\u201d a la Legislatura que \u201cd\u00e9 seguridad jur\u00eddica a la polic\u00eda\u201d para reprimir la protesta.<\/p>\n<p>La causa en cuesti\u00f3n fue armada a partir de las protestas callejeras que protagoniz\u00f3 ATE, cuando el 25 de mayo de 2024 las y los estatales nos manifestamos en repudio de la presencia del Presidente Javier Milei en C\u00f3rdoba, donde pretend\u00eda hacer firmar a los gobernadores en llamado \u2018Pacto de Mayo\u2019, iniciativa frustrada por la movilizaci\u00f3n popular.<\/p>\n<p>Ahora, De Arag\u00f3n profundiza la persecuci\u00f3n judicial y ordena que Giuliani se presente en Tribunales. Durante el allanamiento en cuesti\u00f3n la polic\u00eda retuvo por orden del fiscal los tel\u00e9fonos celulares de la familia Giuliani, incluso el perteneciente a su hijo de 9 a\u00f1os que nunca fue devuelto. Tambi\u00e9n le impuso una fianza de 10 millones de pesos, cifra por encima de los recursos de un dirigente que vive de su salario como trabajador de SENASA.<\/p>\n<p>Se trata de una muestra clara del intento de amedrentamiento a los dirigentes sociales en la provincia, que no tendr\u00edan ning\u00fan problema judicial si se quedan en sus casas y evitan encabezar las protestas, frente a un gobierno que se dedica un d\u00eda si y otro tambi\u00e9n a destruir el conjunto de derechos del pueblo argentino garantizados por la Constituci\u00f3n Nacional.<\/p>\n<p>En tanto, Milei aplica con la crueldad que lo caracteriza un plan econ\u00f3mico a gusto de las corporaciones concentradas y los intereses coloniales del imperio norteamericano, mientras ataca a trav\u00e9s de decretos ilegales el derecho a huelga, entre otras medidas, en un intento por limitar infructuosamente la protesta social.<\/p>\n<p>A trav\u00e9s de la aplicaci\u00f3n pr\u00e1ctica de la alianza pol\u00edtica que desarrollan el cordobesismo y el gobierno nacional, el Ministerio P\u00fablico Fiscal act\u00faa en sinton\u00eda con los deseos del ministro Quinteros que ignora principios b\u00e1sico de la legalidad vigente, como el hecho que la Legislatura no puede legislar en materia penal.<\/p>\n<p>En esa l\u00ednea es que el fiscal de la C\u00e1mara de Acusaci\u00f3n apel\u00f3 a trav\u00e9s de un recurso de casaci\u00f3n ante el Tribunal Superior de Justicia el sobreseimiento de Giuliani y otros cinco dirigentes sociales que sufrieron durante dos a\u00f1os la persecuci\u00f3n del fiscal De Arag\u00f3n.<\/p>\n<p>As\u00ed, el ministro pretende v\u00eda judicial limitar una protesta social que solo se detendr\u00e1 cuando desaparezcan las causas que la ocasionan: los bajos salarios, los miles de despidos que realiza Milei y la pobreza planificada para el conjunto de la mayor\u00eda poblaci\u00f3n, al tiempo que realiza la entrega de nuestros recursos naturales, destruye el entramando industrial y productivo y pone en riesgo la soberan\u00eda nacional.<\/p>\n<p>En ese marco, por m\u00e1s que contin\u00fae la persecuci\u00f3n judicial, ning\u00fan fiscal podr\u00e1 detener el leg\u00edtimo y legal derecho a la protesta que ya han ratificado los tribunales provinciales.<\/p>\n","protected":false},"excerpt":{"rendered":"<p>Al cumplirse un a\u00f1o del brutal allanamiento al domicilio particular en R\u00edo Cuarto del secretario General de ATE C\u00f3rdoba, Federico Giuliani, ordenado por el fiscal provincial Ernesto de Arag\u00f3n, y despu\u00e9s de mantener inactiva la causa que lo motiv\u00f3, hoy la fiscal\u00eda le comunic\u00f3 a Giuliani que se presente a declarar como imputado, en una [&hellip;]<\/p>\n","protected":false},"author":7,"featured_media":48874,"comment_status":"open","ping_status":"open","sticky":false,"template":"","format":"standard","meta":{"_exactmetrics_skip_tracking":false,"_exactmetrics_sitenote_active":false,"_exactmetrics_sitenote_note":"","_exactmetrics_sitenote_category":0,"jnews-multi-image_gallery":[],"jnews_single_post":{"format":"standard","override":[{"template":"1","parallax":"1","fullscreen":"1","layout":"no-sidebar-narrow","sidebar":"default-sidebar","second_sidebar":"default-sidebar","sticky_sidebar":"1","share_position":"bottom","share_float_style":"share-monocrhome","show_share_counter":"1","show_view_counter":"1","show_post_meta":"1","show_post_author_image":"1","show_post_date":"1","post_date_format":"default","post_date_format_custom":"Y\/m\/d","show_post_category":"1","show_post_reading_time":"0","post_reading_time_wpm":"300","post_calculate_word_method":"str_word_count","show_zoom_button":"0","zoom_button_out_step":"2","zoom_button_in_step":"3","show_post_tag":"1","number_popup_post":"1","show_post_related":"1","show_inline_post_related":"0"}],"image_override":[{"single_post_thumbnail_size":"crop-500","single_post_gallery_size":"crop-500"}],"trending_post_position":"meta","trending_post_label":"Trending","sponsored_post_label":"Sponsored by","disable_ad":"0"},"jnews_primary_category":[],"jnews_social_meta":[],"jnews_review":[],"enable_review":"","type":"percentage","name":"","summary":"","brand":"","sku":"","good":[],"bad":[],"score_override":"","override_value":"","rating":[],"price":[],"jnews_override_counter":{"view_counter_number":"0","share_counter_number":"0","like_counter_number":"0","dislike_counter_number":"0"},"jnews_post_split":{"post_split":[{"template":"1","tag":"h2","numbering":"asc","mode":"normal","first":"0","enable_toc":"0","toc_type":"normal"}]},"footnotes":""},"categories":[75],"tags":[1320,1491],"class_list":["post-48872","post","type-post","status-publish","format-standard","has-post-thumbnail","hentry","category-accion-social","tag-criminalizacion-de-la-protesta","tag-persecucion-antisindical"],"jetpack_featured_media_url":"https:\/\/atecordoba.org\/wp-content\/uploads\/2025\/05\/fede-recorte.jpg","_links":{"self":[{"href":"https:\/\/atecordoba.org\/index.php?rest_route=\/wp\/v2\/posts\/48872","targetHints":{"allow":["GET"]}}],"collection":[{"href":"https:\/\/atecordoba.org\/index.php?rest_route=\/wp\/v2\/posts"}],"about":[{"href":"https:\/\/atecordoba.org\/index.php?rest_route=\/wp\/v2\/types\/post"}],"author":[{"embeddable":true,"href":"https:\/\/atecordoba.org\/index.php?rest_route=\/wp\/v2\/users\/7"}],"replies":[{"embeddable":true,"href":"https:\/\/atecordoba.org\/index.php?rest_route=%2Fwp%2Fv2%2Fcomments&post=48872"}],"version-history":[{"count":1,"href":"https:\/\/atecordoba.org\/index.php?rest_route=\/wp\/v2\/posts\/48872\/revisions"}],"predecessor-version":[{"id":48873,"href":"https:\/\/atecordoba.org\/index.php?rest_route=\/wp\/v2\/posts\/48872\/revisions\/48873"}],"wp:featuredmedia":[{"embeddable":true,"href":"https:\/\/atecordoba.org\/index.php?rest_route=\/wp\/v2\/media\/48874"}],"wp:attachment":[{"href":"https:\/\/atecordoba.org\/index.php?rest_route=%2Fwp%2Fv2%2Fmedia&parent=48872"}],"wp:term":[{"taxonomy":"category","embeddable":true,"href":"https:\/\/atecordoba.org\/index.php?rest_route=%2Fwp%2Fv2%2Fcategories&post=48872"},{"taxonomy":"post_tag","embeddable":true,"href":"https:\/\/atecordoba.org\/index.php?rest_route=%2Fwp%2Fv2%2Ftags&post=48872"}],"curies":[{"name":"wp","href":"https:\/\/api.w.org\/{rel}","templated":true}]}}