{"id":48862,"date":"2025-05-27T13:19:47","date_gmt":"2025-05-27T16:19:47","guid":{"rendered":"https:\/\/atecordoba.org\/?p=48862"},"modified":"2025-05-27T13:20:45","modified_gmt":"2025-05-27T16:20:45","slug":"ate-repudia-el-acuerdo-salarial-del-sep-que-mantiene-planchados-los-salarios-y-es-funcional-a-llaryora","status":"publish","type":"post","link":"https:\/\/atecordoba.org\/?p=48862","title":{"rendered":"ATE repudia el acuerdo salarial del SEP que mantiene planchados los salarios y es funcional a Llaryora"},"content":{"rendered":"<p><img loading=\"lazy\" decoding=\"async\" class=\"aligncenter wp-image-48859 \" src=\"https:\/\/atecordoba.org\/wp-content\/uploads\/2025\/05\/12_08_Paro_Salud_San_Francisco_14-1024x768.jpg\" alt=\"\" width=\"614\" height=\"461\" srcset=\"https:\/\/atecordoba.org\/wp-content\/uploads\/2025\/05\/12_08_Paro_Salud_San_Francisco_14-1024x768.jpg 1024w, https:\/\/atecordoba.org\/wp-content\/uploads\/2025\/05\/12_08_Paro_Salud_San_Francisco_14-300x225.jpg 300w, https:\/\/atecordoba.org\/wp-content\/uploads\/2025\/05\/12_08_Paro_Salud_San_Francisco_14-768x576.jpg 768w, https:\/\/atecordoba.org\/wp-content\/uploads\/2025\/05\/12_08_Paro_Salud_San_Francisco_14-750x563.jpg 750w, https:\/\/atecordoba.org\/wp-content\/uploads\/2025\/05\/12_08_Paro_Salud_San_Francisco_14.jpg 1032w\" sizes=\"auto, (max-width: 614px) 100vw, 614px\" \/>El Consejo Directivo Provincial de ATE C\u00f3rdoba expresa su repudio al acuerdo salarial firmado por la burocracia amarilla del SEP, que establece aumentos por inflaci\u00f3n sin atender a la p\u00e9rdida de poder adquisitivo que sufrimos los estatales durante el \u00faltimo a\u00f1o y medio de gobierno de Milei.<\/p>\n<p>En una actitud propia de quienes est\u00e1n m\u00e1s preocupados por defender a la patronal que a los trabajadores, los firmantes garantizaron que el gobierno de Llaryora tenga la plata para afrontar el a\u00f1o electoral, mientras las familias no alcanzan a cubrir los gastos m\u00ednimos del mes, el boleto de colectivo aumenta de manera exorbitada, los precios de los alimentos se escapan a la posibilidad de compra y est\u00e1n muy por encima de lo que fijan los \u00edndices manipulados por el gobierno.<\/p>\n<p>Adem\u00e1s, en una actitud totalmente canalla, la dirigencia del SEP gestion\u00f3 la reincorporaci\u00f3n de solo una parte de las y los despedidos del sistema de salud provincial.<\/p>\n<p>El acuerdo incluye el anuncio de la reglamentaci\u00f3n de la ley 10889, sin explicar la modalidad de su aplicaci\u00f3n ni su reglamentaci\u00f3n.<\/p>\n<p>Todo ello, mientras el gobierno se niega hace a\u00f1os a integrar a ATE a la mesa de negociaci\u00f3n, impidiendo a nuestros y nuestras representadas participar leg\u00edtimamente de la negociaci\u00f3n, en una actitud claramente autoritaria del cordobesismo.<\/p>\n<p>Esta situaci\u00f3n es \u00fanica en el pa\u00eds ya que ATE participa de las negociaciones salarial en el resto de las 23 provincias argentinas.<\/p>\n<p>En ese marco, ATE reclama la reincorporaci\u00f3n de todo el personal despedido, terminar con la precarizaci\u00f3n laboral y la persecuci\u00f3n antisindical en los hospitales provinciales, por la defensa del sistema de salud p\u00fablico, gratuito y de calidad para todo el pueblo de C\u00f3rdoba.<\/p>\n<p>&nbsp;<\/p>\n","protected":false},"excerpt":{"rendered":"<p>El Consejo Directivo Provincial de ATE C\u00f3rdoba expresa su repudio al acuerdo salarial firmado por la burocracia amarilla del SEP, que establece aumentos por inflaci\u00f3n sin atender a la p\u00e9rdida de poder adquisitivo que sufrimos los estatales durante el \u00faltimo a\u00f1o y medio de gobierno de Milei. En una actitud propia de quienes est\u00e1n m\u00e1s [&hellip;]<\/p>\n","protected":false},"author":7,"featured_media":48859,"comment_status":"open","ping_status":"open","sticky":false,"template":"","format":"standard","meta":{"_exactmetrics_skip_tracking":false,"_exactmetrics_sitenote_active":false,"_exactmetrics_sitenote_note":"","_exactmetrics_sitenote_category":0,"jnews-multi-image_gallery":[],"jnews_single_post":{"format":"standard","override":[{"template":"1","parallax":"1","fullscreen":"1","layout":"no-sidebar-narrow","sidebar":"default-sidebar","second_sidebar":"default-sidebar","sticky_sidebar":"1","share_position":"bottom","share_float_style":"share-monocrhome","show_share_counter":"1","show_view_counter":"1","show_post_meta":"1","show_post_author_image":"1","show_post_date":"1","post_date_format":"default","post_date_format_custom":"Y\/m\/d","show_post_category":"1","show_post_reading_time":"0","post_reading_time_wpm":"300","post_calculate_word_method":"str_word_count","show_zoom_button":"0","zoom_button_out_step":"2","zoom_button_in_step":"3","show_post_tag":"1","number_popup_post":"1","show_post_related":"1","show_inline_post_related":"0"}],"image_override":[{"single_post_thumbnail_size":"crop-500","single_post_gallery_size":"crop-500"}],"trending_post_position":"meta","trending_post_label":"Trending","sponsored_post_label":"Sponsored by","disable_ad":"0"},"jnews_primary_category":[],"jnews_social_meta":[],"jnews_review":[],"enable_review":"","type":"percentage","name":"","summary":"","brand":"","sku":"","good":[],"bad":[],"score_override":"","override_value":"","rating":[],"price":[],"jnews_override_counter":{"view_counter_number":"0","share_counter_number":"0","like_counter_number":"0","dislike_counter_number":"0"},"jnews_post_split":{"post_split":[{"template":"1","tag":"h2","numbering":"asc","mode":"normal","first":"0","enable_toc":"0","toc_type":"normal"}]},"footnotes":""},"categories":[8],"tags":[1160,1343],"class_list":["post-48862","post","type-post","status-publish","format-standard","has-post-thumbnail","hentry","category-provinciales","tag-cordoba-2","tag-llaryora"],"jetpack_featured_media_url":"https:\/\/atecordoba.org\/wp-content\/uploads\/2025\/05\/12_08_Paro_Salud_San_Francisco_14.jpg","_links":{"self":[{"href":"https:\/\/atecordoba.org\/index.php?rest_route=\/wp\/v2\/posts\/48862","targetHints":{"allow":["GET"]}}],"collection":[{"href":"https:\/\/atecordoba.org\/index.php?rest_route=\/wp\/v2\/posts"}],"about":[{"href":"https:\/\/atecordoba.org\/index.php?rest_route=\/wp\/v2\/types\/post"}],"author":[{"embeddable":true,"href":"https:\/\/atecordoba.org\/index.php?rest_route=\/wp\/v2\/users\/7"}],"replies":[{"embeddable":true,"href":"https:\/\/atecordoba.org\/index.php?rest_route=%2Fwp%2Fv2%2Fcomments&post=48862"}],"version-history":[{"count":2,"href":"https:\/\/atecordoba.org\/index.php?rest_route=\/wp\/v2\/posts\/48862\/revisions"}],"predecessor-version":[{"id":48864,"href":"https:\/\/atecordoba.org\/index.php?rest_route=\/wp\/v2\/posts\/48862\/revisions\/48864"}],"wp:featuredmedia":[{"embeddable":true,"href":"https:\/\/atecordoba.org\/index.php?rest_route=\/wp\/v2\/media\/48859"}],"wp:attachment":[{"href":"https:\/\/atecordoba.org\/index.php?rest_route=%2Fwp%2Fv2%2Fmedia&parent=48862"}],"wp:term":[{"taxonomy":"category","embeddable":true,"href":"https:\/\/atecordoba.org\/index.php?rest_route=%2Fwp%2Fv2%2Fcategories&post=48862"},{"taxonomy":"post_tag","embeddable":true,"href":"https:\/\/atecordoba.org\/index.php?rest_route=%2Fwp%2Fv2%2Ftags&post=48862"}],"curies":[{"name":"wp","href":"https:\/\/api.w.org\/{rel}","templated":true}]}}