{"id":48853,"date":"2025-05-27T10:45:20","date_gmt":"2025-05-27T13:45:20","guid":{"rendered":"https:\/\/atecordoba.org\/?p=48853"},"modified":"2025-05-27T10:45:20","modified_gmt":"2025-05-27T13:45:20","slug":"a-56-anos-del-cordobazo-charla-debate-con-giuliani-ate-yofra-aceiteros-di-toffino-luz-y-fuerza-ortega-uom-acindar-villa-constitucion-santesteban-judiciales-acosta-apa-y-felici-petro","status":"publish","type":"post","link":"https:\/\/atecordoba.org\/?p=48853","title":{"rendered":"A 56 a\u00f1os del Cordobazo: charla debate con Giuliani (ATE), Yofra (Aceiteros), Di Toffino (Luz y Fuerza), Ortega (UOM Acindar Villa Constituci\u00f3n), Santesteban (Judiciales), Acosta (APA) y Felici (Petroqu\u00edmicos)"},"content":{"rendered":"<p><img loading=\"lazy\" decoding=\"async\" class=\"aligncenter wp-image-48854 \" src=\"https:\/\/atecordoba.org\/wp-content\/uploads\/2025\/05\/WhatsApp-Image-2025-05-27-at-09.26.43-819x1024.jpeg\" alt=\"\" width=\"595\" height=\"744\" srcset=\"https:\/\/atecordoba.org\/wp-content\/uploads\/2025\/05\/WhatsApp-Image-2025-05-27-at-09.26.43-819x1024.jpeg 819w, https:\/\/atecordoba.org\/wp-content\/uploads\/2025\/05\/WhatsApp-Image-2025-05-27-at-09.26.43-240x300.jpeg 240w, https:\/\/atecordoba.org\/wp-content\/uploads\/2025\/05\/WhatsApp-Image-2025-05-27-at-09.26.43-768x960.jpeg 768w, https:\/\/atecordoba.org\/wp-content\/uploads\/2025\/05\/WhatsApp-Image-2025-05-27-at-09.26.43-750x938.jpeg 750w, https:\/\/atecordoba.org\/wp-content\/uploads\/2025\/05\/WhatsApp-Image-2025-05-27-at-09.26.43.jpeg 1080w\" sizes=\"auto, (max-width: 595px) 100vw, 595px\" \/><\/p>\n<p>Ante el necesario debate sobre la intervenci\u00f3n del sindicalismo combativo en la actualidad y en homenaje a las\u00a0 gloriosas jornadas del Cordobazo, ATE C\u00f3rdoba convoca a participar de la charla.debate titulada &#8220;Organizaci\u00f3n y Lucha por la Distribuci\u00f3n de la Riqueza&#8221;, con la participaci\u00f3n de destacados dirigentes sindicales de C\u00f3rdoba y distintos puntos del pa\u00eds, de cara al 56 aniversarios de la gesta obrero estudiantil.<\/p>\n<p>Convocadas\/os por el secretario General de ATE C\u00f3rdoba Federico Giuliani, que ser\u00e1 el anfitri\u00f3n del debate, estar\u00e1n presentes en la sede del Consejo Directivo Provincial el secretario General de la Federaci\u00f3n de Aceiteros Daniel Yofra, su par de APA C\u00f3rdoba Luis Ortega, la ex secretaria General del gremio de Judiciales Irina Santesteban, el referente de la comisi\u00f3n Interna ACINDAR_UOM Villa Constituci\u00f3n Silvio Acosta, el secretario Gremial del sindicato de Petroqu\u00edmicos de R\u00edo Tercero Lucas Felici y el delegado de Luz y Fuerza C\u00f3rdoba Tom\u00e1s Di Toffino.<\/p>\n<p>La cita es el jueves 29 de mayo a las 18 horas en el sal\u00f3n de actos del Consejo Directivo Provincial, Entre R\u00edos 450, C\u00f3rdoba Capital.<\/p>\n<p>La agenda incluye temas como:<\/p>\n<ul>\n<li>La defensa de las empresas estatales y nuestra l\u00ednea de bandera<\/li>\n<li>A la f\u00e1brica de aviones la hacemos los trabajadores<\/li>\n<li>EPEC no se vende, EPEC no es an\u00f3nima<\/li>\n<li>En pie de lucha por el Polo Qu\u00edmico de R\u00edo Tercero<\/li>\n<li>Por un Poder Judicial independiente con trabajadores con salarios como los de la Justicia Federal<\/li>\n<li>Para empoderar al movimiento obrero<\/li>\n<li>huelga y asamblea por salarios dignos<\/li>\n<li>La clase obrera es quien genera la riqueza<\/li>\n<\/ul>\n<p>La charla-debate es abierta a toda la comunidad.<\/p>\n<p>En memoria de Agustin Tosco, Atilio L\u00f3pez, Elpidio Torres, H\u00e9ctor La Perra Castro, Rene Salamanca y todos los dirigentes y las dirigentes que se jugaron la vida en representaci\u00f3n del movimiento obrero y en la lucha contra la dictadura.<\/p>\n<p>&nbsp;<\/p>\n","protected":false},"excerpt":{"rendered":"<p>Ante el necesario debate sobre la intervenci\u00f3n del sindicalismo combativo en la actualidad y en homenaje a las\u00a0 gloriosas jornadas del Cordobazo, ATE C\u00f3rdoba convoca a participar de la charla.debate titulada &#8220;Organizaci\u00f3n y Lucha por la Distribuci\u00f3n de la Riqueza&#8221;, con la participaci\u00f3n de destacados dirigentes sindicales de C\u00f3rdoba y distintos puntos del pa\u00eds, de [&hellip;]<\/p>\n","protected":false},"author":7,"featured_media":48855,"comment_status":"open","ping_status":"open","sticky":false,"template":"","format":"standard","meta":{"_exactmetrics_skip_tracking":false,"_exactmetrics_sitenote_active":false,"_exactmetrics_sitenote_note":"","_exactmetrics_sitenote_category":0,"jnews-multi-image_gallery":[],"jnews_single_post":{"format":"standard","override":[{"template":"1","parallax":"1","fullscreen":"1","layout":"no-sidebar-narrow","sidebar":"default-sidebar","second_sidebar":"default-sidebar","sticky_sidebar":"1","share_position":"bottom","share_float_style":"share-monocrhome","show_share_counter":"1","show_view_counter":"1","show_post_meta":"1","show_post_author_image":"1","show_post_date":"1","post_date_format":"default","post_date_format_custom":"Y\/m\/d","show_post_category":"1","show_post_reading_time":"0","post_reading_time_wpm":"300","post_calculate_word_method":"str_word_count","show_zoom_button":"0","zoom_button_out_step":"2","zoom_button_in_step":"3","show_post_tag":"1","number_popup_post":"1","show_post_related":"1","show_inline_post_related":"0"}],"image_override":[{"single_post_thumbnail_size":"crop-500","single_post_gallery_size":"crop-500"}],"trending_post_position":"meta","trending_post_label":"Trending","sponsored_post_label":"Sponsored by","disable_ad":"0"},"jnews_primary_category":[],"jnews_social_meta":[],"jnews_review":[],"enable_review":"","type":"percentage","name":"","summary":"","brand":"","sku":"","good":[],"bad":[],"score_override":"","override_value":"","rating":[],"price":[],"jnews_override_counter":{"view_counter_number":"0","share_counter_number":"0","like_counter_number":"0","dislike_counter_number":"0"},"jnews_post_split":{"post_split":[{"template":"1","tag":"h2","numbering":"asc","mode":"normal","first":"0","enable_toc":"0","toc_type":"normal"}]},"footnotes":""},"categories":[10],"tags":[830],"class_list":["post-48853","post","type-post","status-publish","format-standard","has-post-thumbnail","hentry","category-accion-politica","tag-cordobazo"],"jetpack_featured_media_url":"https:\/\/atecordoba.org\/wp-content\/uploads\/2025\/05\/el_cordobazo.jpg","_links":{"self":[{"href":"https:\/\/atecordoba.org\/index.php?rest_route=\/wp\/v2\/posts\/48853","targetHints":{"allow":["GET"]}}],"collection":[{"href":"https:\/\/atecordoba.org\/index.php?rest_route=\/wp\/v2\/posts"}],"about":[{"href":"https:\/\/atecordoba.org\/index.php?rest_route=\/wp\/v2\/types\/post"}],"author":[{"embeddable":true,"href":"https:\/\/atecordoba.org\/index.php?rest_route=\/wp\/v2\/users\/7"}],"replies":[{"embeddable":true,"href":"https:\/\/atecordoba.org\/index.php?rest_route=%2Fwp%2Fv2%2Fcomments&post=48853"}],"version-history":[{"count":1,"href":"https:\/\/atecordoba.org\/index.php?rest_route=\/wp\/v2\/posts\/48853\/revisions"}],"predecessor-version":[{"id":48856,"href":"https:\/\/atecordoba.org\/index.php?rest_route=\/wp\/v2\/posts\/48853\/revisions\/48856"}],"wp:featuredmedia":[{"embeddable":true,"href":"https:\/\/atecordoba.org\/index.php?rest_route=\/wp\/v2\/media\/48855"}],"wp:attachment":[{"href":"https:\/\/atecordoba.org\/index.php?rest_route=%2Fwp%2Fv2%2Fmedia&parent=48853"}],"wp:term":[{"taxonomy":"category","embeddable":true,"href":"https:\/\/atecordoba.org\/index.php?rest_route=%2Fwp%2Fv2%2Fcategories&post=48853"},{"taxonomy":"post_tag","embeddable":true,"href":"https:\/\/atecordoba.org\/index.php?rest_route=%2Fwp%2Fv2%2Ftags&post=48853"}],"curies":[{"name":"wp","href":"https:\/\/api.w.org\/{rel}","templated":true}]}}