{"id":48840,"date":"2025-05-26T14:54:14","date_gmt":"2025-05-26T17:54:14","guid":{"rendered":"https:\/\/atecordoba.org\/?p=48840"},"modified":"2025-05-28T09:33:20","modified_gmt":"2025-05-28T12:33:20","slug":"giuliani-ante-un-nuevo-aniversario-del-cordobazo-hay-mucho-dirigente-atornillado-por-eso-gano-milei","status":"publish","type":"post","link":"https:\/\/atecordoba.org\/?p=48840","title":{"rendered":"Giuliani, ante un nuevo aniversario del Cordobazo: &#8220;hay mucho dirigente atornillado, por eso gan\u00f3 Milei&#8221;"},"content":{"rendered":"<p><img loading=\"lazy\" decoding=\"async\" class=\"aligncenter wp-image-48841 \" src=\"https:\/\/atecordoba.org\/wp-content\/uploads\/2025\/05\/fedeperfil.jpeg\" alt=\"\" width=\"626\" height=\"459\" srcset=\"https:\/\/atecordoba.org\/wp-content\/uploads\/2025\/05\/fedeperfil.jpeg 768w, https:\/\/atecordoba.org\/wp-content\/uploads\/2025\/05\/fedeperfil-300x220.jpeg 300w, https:\/\/atecordoba.org\/wp-content\/uploads\/2025\/05\/fedeperfil-750x550.jpeg 750w\" sizes=\"auto, (max-width: 626px) 100vw, 626px\" \/>En el marco de un nuevo aniversario del Cordobazo, el pr\u00f3ximo 29 de mayo, el secretario General de ATE C\u00f3rdoba, Federico Giuliani, brind\u00f3 una <a href=\"https:\/\/www.youtube.com\/watch?v=gSe7l-wPzNk\">entrevista<\/a> al medio period\u00edstico Vida Sindical, donde brind\u00f3 una mirada sobre la coyuntura pol\u00edtica, gremial y social que atraviesa el pa\u00eds.<\/p>\n<p>El di\u00e1logo fue una buena oportunidad para reflexionar, m\u00e1s all\u00e1 de las urgencias cotidianas que enfrentamos las y los estatales, en el marco de un gobierno de impronta claramente fascista y cipaya que tiene en su programa de gesti\u00f3n la destrucci\u00f3n del Estado.<\/p>\n<p>En ese marco, el dirigente estatal calific\u00f3 el sistema de representaci\u00f3n como una &#8220;democracia de baja intensidad, poco representativa&#8221;. Por eso aleg\u00f3 que la democracia &#8220;debe tener otro perfil, con caracter\u00edsticas de participaci\u00f3n popular. Los laburantes necesitamos construir poder en las f\u00e1bricas, en los lugares de trabajo pero tambi\u00e9n en las barriadas populares. Entendemos que la vieja forma de hacer pol\u00edtica no va m\u00e1s, las caras de siempre no van m\u00e1s, esos pol\u00edticos con rostros lindos, que viven en barrios cerrados y caen tres d\u00edas antes de la elecci\u00f3n a decir la verdad de la milanesa no van m\u00e1s, mientras la gente la pelea todos los d\u00edas para poder rascar la olla&#8221;.<img loading=\"lazy\" decoding=\"async\" class=\"alignright wp-image-48843 \" src=\"https:\/\/atecordoba.org\/wp-content\/uploads\/2025\/05\/fede.jpeg\" alt=\"\" width=\"390\" height=\"341\" srcset=\"https:\/\/atecordoba.org\/wp-content\/uploads\/2025\/05\/fede.jpeg 740w, https:\/\/atecordoba.org\/wp-content\/uploads\/2025\/05\/fede-300x262.jpeg 300w\" sizes=\"auto, (max-width: 390px) 100vw, 390px\" \/><\/p>\n<p>Y remat\u00f3: &#8220;Por eso creemos que se trata de construir un movimiento pol\u00edtico distinto que tenga un programa para la clase trabajadora y que construya poder&#8221;.<\/p>\n<p><strong>-\u00bfCu\u00e1l cree que es el mecanismo?<\/strong><\/p>\n<p>-No tengo el manual, pero si s\u00e9 que hace falta un recambio dirigencial por la crisis de representaci\u00f3n.<\/p>\n<p>Por eso gan\u00f3 Milei, hay un atornillamiento de los dirigentes, tambi\u00e9n en los sindicatos, las organizaciones, los clubes de f\u00fatbol. No puede ser que el los gremios haya dirigentes con 20, 30 o 40 a\u00f1os ocupando las secretar\u00edas generales. Eso tapona y obtura la posibilidad de hacer un recambio natural con nuevas generaciones. No decimos que hay que descartar los viejo, porque lo viejo funciona, como dice el Eternauta. Pero entendiendo los roles, prefiero a los compa\u00f1eros de m\u00e1s experiencia formando los cuadros pol\u00edticos que vienen y no ocupando lugares a los que venimos pidiendo pista.<\/p>\n<p><strong>-\u00bfEs necesario entonces un papel m\u00e1s protag\u00f3nico de los j\u00f3venes?<\/strong><\/p>\n<p>Si, pero teniendo en cuenta que ser joven no es algo bueno por s\u00ed mismo. Hay j\u00f3venes bur\u00f3cratas que no sirven para nada. M\u00e1s all\u00e1 de eso creo que es necesario un recambio dirigencial y que agrupar implica una integralidad: con la lucha sindical est\u00e1 claro que no alcanza, con votar cada cuatro a\u00f1os tampoco alcanza. Hay que salir a buscar nuevos actores y est\u00e1n en los territorios: la lucha ambiental, los fen\u00f3menos de la cultura popular, la pelea de los feminismos. O los DDHH, no solo contra lo que pas\u00f3 en los \u201970 sino con los nuevos exponentes que denuncian la represi\u00f3n policial en las barriadas populares. Todo eso hay que amalgamarlo en un movimiento pol\u00edtico amplio que tenga como proyecto liberar a nuestra patria.<img loading=\"lazy\" decoding=\"async\" class=\"alignleft wp-image-48844 \" src=\"https:\/\/atecordoba.org\/wp-content\/uploads\/2025\/05\/fede.png\" alt=\"\" width=\"411\" height=\"431\" srcset=\"https:\/\/atecordoba.org\/wp-content\/uploads\/2025\/05\/fede.png 470w, https:\/\/atecordoba.org\/wp-content\/uploads\/2025\/05\/fede-286x300.png 286w\" sizes=\"auto, (max-width: 411px) 100vw, 411px\" \/><\/p>\n<p><strong>-\u00bfLa protesta social tiene un rol central en esta etapa?<\/strong><\/p>\n<p>No hay manual, repito, tenemos que ir caminando sin abandonar la calle. As\u00ed como el enemigo se junta y arma sus universidades y crea sus fundaciones, nosotros nos juntemos con los que quieren pelear para fundar algo nuevo, para definir un programa, reflexionar y nos formemos para luego accionar en la calle. Ese es el lugar natural donde vamos a cambiar la correlaci\u00f3n de fuerzas para que se vaya Milei y una clase pol\u00edtica rentada tan corrupta que no fue capaz en 40 a\u00f1os de garantizar vivienda digna, salarios dignos, educaci\u00f3n y salud p\u00fablica de calidad y popular.<\/p>\n<h3>Cordobazo<\/h3>\n<p>Al pedirle una reflexi\u00f3n sobre el Cordobazo, a pocos d\u00edas de cumplirse un nuevo aniversario, Giuliani dijo que aquella gesta hist\u00f3rica &#8220;mostr\u00f3 que los obreros m\u00e1s calificados del pa\u00eds, del cord\u00f3n industrial de C\u00f3rdoba, que en aquel momento peleaban por el s\u00e1bado ingl\u00e9s y por mejores condiciones de trabajo, construyeron unidad con el movimiento estudiantil, y ten\u00edan en su pliego derrocar a una dictadura. Esa caracter\u00edstica movimientista en la pelea y para ocupar la calle permiti\u00f3 voltear a Ongan\u00eda&#8221;.<\/p>\n<p>Y asegur\u00f3 que &#8220;nos referenciamos en los dirigentes de esa \u00e9poca, porque son los que nos marcan el camino&#8221;.<\/p>\n<p>Al mismo tiempo adelant\u00f3 que &#8220;en homenaje al Cordobazo vamos a estar haciendo una charla con dirigentes sindicales, entre ellos a Daniel Yofra de la Federaci\u00f3n Aceitera. \u00c9l nos demuestra que con la huelga, planteando un salario m\u00ednimo, vital y m\u00f3vil, y con organizaci\u00f3n en la lucha se puede dar vuelta la tortilla&#8221;.<\/p>\n","protected":false},"excerpt":{"rendered":"<p>En el marco de un nuevo aniversario del Cordobazo, el pr\u00f3ximo 29 de mayo, el secretario General de ATE C\u00f3rdoba, Federico Giuliani, brind\u00f3 una entrevista al medio period\u00edstico Vida Sindical, donde brind\u00f3 una mirada sobre la coyuntura pol\u00edtica, gremial y social que atraviesa el pa\u00eds. El di\u00e1logo fue una buena oportunidad para reflexionar, m\u00e1s all\u00e1 [&hellip;]<\/p>\n","protected":false},"author":7,"featured_media":48841,"comment_status":"open","ping_status":"open","sticky":false,"template":"","format":"standard","meta":{"_exactmetrics_skip_tracking":false,"_exactmetrics_sitenote_active":false,"_exactmetrics_sitenote_note":"","_exactmetrics_sitenote_category":0,"jnews-multi-image_gallery":[],"jnews_single_post":{"format":"standard","override":[{"template":"1","parallax":"1","fullscreen":"1","layout":"no-sidebar-narrow","sidebar":"default-sidebar","second_sidebar":"default-sidebar","sticky_sidebar":"1","share_position":"bottom","share_float_style":"share-monocrhome","show_share_counter":"1","show_view_counter":"1","show_post_meta":"1","show_post_author_image":"1","show_post_date":"1","post_date_format":"default","post_date_format_custom":"Y\/m\/d","show_post_category":"1","show_post_reading_time":"0","post_reading_time_wpm":"300","post_calculate_word_method":"str_word_count","show_zoom_button":"0","zoom_button_out_step":"2","zoom_button_in_step":"3","show_post_tag":"1","number_popup_post":"1","show_post_related":"1","show_inline_post_related":"0"}],"image_override":[{"single_post_thumbnail_size":"crop-500","single_post_gallery_size":"crop-500"}],"trending_post_position":"meta","trending_post_label":"Trending","sponsored_post_label":"Sponsored by","disable_ad":"0"},"jnews_primary_category":[],"jnews_social_meta":[],"jnews_review":[],"enable_review":"","type":"percentage","name":"","summary":"","brand":"","sku":"","good":[],"bad":[],"score_override":"","override_value":"","rating":[],"price":[],"jnews_override_counter":{"view_counter_number":"0","share_counter_number":"0","like_counter_number":"0","dislike_counter_number":"0"},"jnews_post_split":{"post_split":[{"template":"1","tag":"h2","numbering":"asc","mode":"normal","first":"0","enable_toc":"0","toc_type":"normal"}]},"footnotes":""},"categories":[10],"tags":[759],"class_list":["post-48840","post","type-post","status-publish","format-standard","has-post-thumbnail","hentry","category-accion-politica","tag-federico-giuliani"],"jetpack_featured_media_url":"https:\/\/atecordoba.org\/wp-content\/uploads\/2025\/05\/fedeperfil.jpeg","_links":{"self":[{"href":"https:\/\/atecordoba.org\/index.php?rest_route=\/wp\/v2\/posts\/48840","targetHints":{"allow":["GET"]}}],"collection":[{"href":"https:\/\/atecordoba.org\/index.php?rest_route=\/wp\/v2\/posts"}],"about":[{"href":"https:\/\/atecordoba.org\/index.php?rest_route=\/wp\/v2\/types\/post"}],"author":[{"embeddable":true,"href":"https:\/\/atecordoba.org\/index.php?rest_route=\/wp\/v2\/users\/7"}],"replies":[{"embeddable":true,"href":"https:\/\/atecordoba.org\/index.php?rest_route=%2Fwp%2Fv2%2Fcomments&post=48840"}],"version-history":[{"count":1,"href":"https:\/\/atecordoba.org\/index.php?rest_route=\/wp\/v2\/posts\/48840\/revisions"}],"predecessor-version":[{"id":48845,"href":"https:\/\/atecordoba.org\/index.php?rest_route=\/wp\/v2\/posts\/48840\/revisions\/48845"}],"wp:featuredmedia":[{"embeddable":true,"href":"https:\/\/atecordoba.org\/index.php?rest_route=\/wp\/v2\/media\/48841"}],"wp:attachment":[{"href":"https:\/\/atecordoba.org\/index.php?rest_route=%2Fwp%2Fv2%2Fmedia&parent=48840"}],"wp:term":[{"taxonomy":"category","embeddable":true,"href":"https:\/\/atecordoba.org\/index.php?rest_route=%2Fwp%2Fv2%2Fcategories&post=48840"},{"taxonomy":"post_tag","embeddable":true,"href":"https:\/\/atecordoba.org\/index.php?rest_route=%2Fwp%2Fv2%2Ftags&post=48840"}],"curies":[{"name":"wp","href":"https:\/\/api.w.org\/{rel}","templated":true}]}}