{"id":48834,"date":"2025-05-26T12:26:09","date_gmt":"2025-05-26T15:26:09","guid":{"rendered":"https:\/\/atecordoba.org\/?p=48834"},"modified":"2025-05-26T12:26:09","modified_gmt":"2025-05-26T15:26:09","slug":"derecho-a-la-resistencia-pablo-llonto-presenta-en-ate-su-nuevo-libro","status":"publish","type":"post","link":"https:\/\/atecordoba.org\/?p=48834","title":{"rendered":"&#8220;Derecho a la Resistencia&#8221;, Pablo Llonto presenta en ATE su nuevo libro"},"content":{"rendered":"<p><img loading=\"lazy\" decoding=\"async\" class=\"aligncenter wp-image-48835 \" src=\"https:\/\/atecordoba.org\/wp-content\/uploads\/2025\/05\/WhatsApp-Image-2025-05-26-at-09.38.15-819x1024.jpeg\" alt=\"\" width=\"609\" height=\"762\" srcset=\"https:\/\/atecordoba.org\/wp-content\/uploads\/2025\/05\/WhatsApp-Image-2025-05-26-at-09.38.15-819x1024.jpeg 819w, https:\/\/atecordoba.org\/wp-content\/uploads\/2025\/05\/WhatsApp-Image-2025-05-26-at-09.38.15-240x300.jpeg 240w, https:\/\/atecordoba.org\/wp-content\/uploads\/2025\/05\/WhatsApp-Image-2025-05-26-at-09.38.15-768x960.jpeg 768w, https:\/\/atecordoba.org\/wp-content\/uploads\/2025\/05\/WhatsApp-Image-2025-05-26-at-09.38.15-750x938.jpeg 750w, https:\/\/atecordoba.org\/wp-content\/uploads\/2025\/05\/WhatsApp-Image-2025-05-26-at-09.38.15.jpeg 1080w\" sizes=\"auto, (max-width: 609px) 100vw, 609px\" \/>En una jornada imperdible de memoria y lucha, este martes 27 de mayo, a las 18 horas, ATE C\u00f3rdoba realizar\u00e1 conjuntamente a la librer\u00eda El Espejo y la editorial cooperativa La Minga la presentaci\u00f3n del libro &#8220;Derecho a la resistencia&#8221; de Pablo Llonto, reconocido periodista y abogado en causas por delitos de lesa humanidad.<\/p>\n<p>La cita en la sede de ATE C\u00f3rdoba, Entre R\u00edos 450, C\u00f3rdoba Capital.<\/p>\n<p>Se trata de un espacio para reflexionar colectivamente sobre los derechos humanos, la justicia y las luchas que siguen vigentes.<\/p>\n<p>Pablo Llonto es un periodista, escritor y abogado argentino, especialista en derechos humanos.<\/p>\n<p>Licenciado en Derecho, durante 1985 form\u00f3 parte como abogado ad hon\u00f3rem del equipo que colabor\u00f3 con el CELS (Centro de Estudios Legales y Sociales) en los juicios a las Juntas militares acusadas de la desaparici\u00f3n de personas en el marco de la \u00faltima dictadura c\u00edvico-militar argentina autodenominada Proceso de Reorganizaci\u00f3n Nacional (1976-1983).<\/p>\n<p>Su primer caso en el CELS fue el de Ricardo Cittadini, un estudiante de Ciencias Econ\u00f3micas de la UNLP y militante de la JUP quien fue secuestrado y desaparecido en Capital Federal en 1976. En 2016 los ex polic\u00edas de la comisar\u00eda 28 de Capital Federal, Nicomedes Mercado y Miguel Viollaz, fueron condenados por el secuestro de Cittadini a 6 a\u00f1os de prisi\u00f3n, y la querella estuvo representada durante el juicio por Llonto.<\/p>\n<p>Actualmente, sigue representando a familiares de desaparecidos en las causas penales de los campos de concentraci\u00f3n ESMA, El Campito, Automotores Orletti, La Tablada y Superintendencia de Seguridad Federal.<\/p>\n","protected":false},"excerpt":{"rendered":"<p>En una jornada imperdible de memoria y lucha, este martes 27 de mayo, a las 18 horas, ATE C\u00f3rdoba realizar\u00e1 conjuntamente a la librer\u00eda El Espejo y la editorial cooperativa La Minga la presentaci\u00f3n del libro &#8220;Derecho a la resistencia&#8221; de Pablo Llonto, reconocido periodista y abogado en causas por delitos de lesa humanidad. La [&hellip;]<\/p>\n","protected":false},"author":7,"featured_media":48836,"comment_status":"open","ping_status":"open","sticky":false,"template":"","format":"standard","meta":{"_exactmetrics_skip_tracking":false,"_exactmetrics_sitenote_active":false,"_exactmetrics_sitenote_note":"","_exactmetrics_sitenote_category":0,"jnews-multi-image_gallery":[],"jnews_single_post":{"format":"standard","override":[{"template":"1","parallax":"1","fullscreen":"1","layout":"no-sidebar-narrow","sidebar":"default-sidebar","second_sidebar":"default-sidebar","sticky_sidebar":"1","share_position":"bottom","share_float_style":"share-monocrhome","show_share_counter":"1","show_view_counter":"1","show_post_meta":"1","show_post_author_image":"1","show_post_date":"1","post_date_format":"default","post_date_format_custom":"Y\/m\/d","show_post_category":"1","show_post_reading_time":"0","post_reading_time_wpm":"300","post_calculate_word_method":"str_word_count","show_zoom_button":"0","zoom_button_out_step":"2","zoom_button_in_step":"3","show_post_tag":"1","number_popup_post":"1","show_post_related":"1","show_inline_post_related":"0"}],"image_override":[{"single_post_thumbnail_size":"crop-500","single_post_gallery_size":"crop-500"}],"trending_post_position":"meta","trending_post_label":"Trending","sponsored_post_label":"Sponsored by","disable_ad":"0"},"jnews_primary_category":[],"jnews_social_meta":[],"jnews_review":[],"enable_review":"","type":"percentage","name":"","summary":"","brand":"","sku":"","good":[],"bad":[],"score_override":"","override_value":"","rating":[],"price":[],"jnews_override_counter":{"view_counter_number":"0","share_counter_number":"0","like_counter_number":"0","dislike_counter_number":"0"},"jnews_post_split":{"post_split":[{"template":"1","tag":"h2","numbering":"asc","mode":"normal","first":"0","enable_toc":"0","toc_type":"normal"}]},"footnotes":""},"categories":[972],"tags":[51,1517,1516],"class_list":["post-48834","post","type-post","status-publish","format-standard","has-post-thumbnail","hentry","category-culturas","tag-ddhh","tag-ddhh-cordoba","tag-pablo-llonto"],"jetpack_featured_media_url":"https:\/\/atecordoba.org\/wp-content\/uploads\/2025\/05\/WhatsApp-Image-2025-05-26-at-09.38.15-1.jpeg","_links":{"self":[{"href":"https:\/\/atecordoba.org\/index.php?rest_route=\/wp\/v2\/posts\/48834","targetHints":{"allow":["GET"]}}],"collection":[{"href":"https:\/\/atecordoba.org\/index.php?rest_route=\/wp\/v2\/posts"}],"about":[{"href":"https:\/\/atecordoba.org\/index.php?rest_route=\/wp\/v2\/types\/post"}],"author":[{"embeddable":true,"href":"https:\/\/atecordoba.org\/index.php?rest_route=\/wp\/v2\/users\/7"}],"replies":[{"embeddable":true,"href":"https:\/\/atecordoba.org\/index.php?rest_route=%2Fwp%2Fv2%2Fcomments&post=48834"}],"version-history":[{"count":1,"href":"https:\/\/atecordoba.org\/index.php?rest_route=\/wp\/v2\/posts\/48834\/revisions"}],"predecessor-version":[{"id":48837,"href":"https:\/\/atecordoba.org\/index.php?rest_route=\/wp\/v2\/posts\/48834\/revisions\/48837"}],"wp:featuredmedia":[{"embeddable":true,"href":"https:\/\/atecordoba.org\/index.php?rest_route=\/wp\/v2\/media\/48836"}],"wp:attachment":[{"href":"https:\/\/atecordoba.org\/index.php?rest_route=%2Fwp%2Fv2%2Fmedia&parent=48834"}],"wp:term":[{"taxonomy":"category","embeddable":true,"href":"https:\/\/atecordoba.org\/index.php?rest_route=%2Fwp%2Fv2%2Fcategories&post=48834"},{"taxonomy":"post_tag","embeddable":true,"href":"https:\/\/atecordoba.org\/index.php?rest_route=%2Fwp%2Fv2%2Ftags&post=48834"}],"curies":[{"name":"wp","href":"https:\/\/api.w.org\/{rel}","templated":true}]}}