{"id":48825,"date":"2025-05-26T11:30:33","date_gmt":"2025-05-26T14:30:33","guid":{"rendered":"https:\/\/atecordoba.org\/?p=48825"},"modified":"2025-05-26T11:30:33","modified_gmt":"2025-05-26T14:30:33","slug":"festival-cordobazo-por-la-ciencia-y-la-educacion","status":"publish","type":"post","link":"https:\/\/atecordoba.org\/?p=48825","title":{"rendered":"Festival \u201cCordobazo por la Ciencia y la Educaci\u00f3n\u201d"},"content":{"rendered":"<p><img loading=\"lazy\" decoding=\"async\" class=\"aligncenter wp-image-48826 size-full\" src=\"https:\/\/atecordoba.org\/wp-content\/uploads\/2025\/05\/flyer-conicet-festival-cordobazo.png\" alt=\"\" width=\"477\" height=\"537\" srcset=\"https:\/\/atecordoba.org\/wp-content\/uploads\/2025\/05\/flyer-conicet-festival-cordobazo.png 477w, https:\/\/atecordoba.org\/wp-content\/uploads\/2025\/05\/flyer-conicet-festival-cordobazo-266x300.png 266w\" sizes=\"auto, (max-width: 477px) 100vw, 477px\" \/>La Junta Interna de ATE CONICET C\u00f3rdoba invita a participar del Festival &#8220;C\u00f3rdobazo por la Ciencia y la Educaci\u00f3n&#8221;, que se realizar\u00e1 el pr\u00f3ximo jueves 29 de mayo, de 15 a 23 horas, en la Ciudad Universitaria, calle El Cordobazo frente al Pabell\u00f3n M\u00e9xico.<\/p>\n<p>El objetivo de la convocatoria es invitar a conocer los proyectos cient\u00edficos y extensionistas de las y los trabajadores de CONICET en las provincia, al mismo tiempo de compartir un encuentro solidario, a comer comiditas ricas de emprendimientos y sectores en lucha, a encontrarnos, escuchar buena m\u00fasica y bailar.<\/p>\n<p>En la oportunidad se realiza un llamamiento para hacer un aporte monetario para que podamos afrontar el festival y tener un fondo de lucha.<\/p>\n<p>Los montos sugeridos son:<\/p>\n<ul>\n<li>$15000: incluye vaso reutilizable y una consumici\u00f3n<\/li>\n<li>$10000: Incluye 2 vasos reutilizables<\/li>\n<li>$5000: Incluye 1 vaso reutilizable<\/li>\n<\/ul>\n<p>Los aportantes deben\u00a0subir el comprobante de transferencia de pago de bono contribuci\u00f3n para poder realizar la entregar de los vasos y\/o consumici\u00f3n, si correspondiere.<\/p>\n<p>El comprobante de transferencia se informa a trav\u00e9s de completar formularios para <strong>SUMAR ADHESI\u00d3N o STAND<\/strong> de ciencia\/gastronom\u00eda o artesan\u00edas\/gremial en el\u00a0<a href=\"http:\/\/linktr.ee\/ate.conicet.cba\">linktr.ee\/ate.conicet.cba<\/a>\u00a0de la biograf\u00eda de Instagram <a href=\"https:\/\/www.instagram.com\/ate.conicet.cba\/\">@ate.conicet.cba<\/a><\/p>\n<p><img loading=\"lazy\" decoding=\"async\" class=\"aligncenter wp-image-48827 \" src=\"https:\/\/atecordoba.org\/wp-content\/uploads\/2025\/05\/WhatsApp-Image-2024-12-17-at-11.50.34-1024x637.jpeg\" alt=\"\" width=\"618\" height=\"385\" srcset=\"https:\/\/atecordoba.org\/wp-content\/uploads\/2025\/05\/WhatsApp-Image-2024-12-17-at-11.50.34-1024x637.jpeg 1024w, https:\/\/atecordoba.org\/wp-content\/uploads\/2025\/05\/WhatsApp-Image-2024-12-17-at-11.50.34-300x187.jpeg 300w, https:\/\/atecordoba.org\/wp-content\/uploads\/2025\/05\/WhatsApp-Image-2024-12-17-at-11.50.34-768x478.jpeg 768w, https:\/\/atecordoba.org\/wp-content\/uploads\/2025\/05\/WhatsApp-Image-2024-12-17-at-11.50.34-750x467.jpeg 750w, https:\/\/atecordoba.org\/wp-content\/uploads\/2025\/05\/WhatsApp-Image-2024-12-17-at-11.50.34.jpeg 1080w\" sizes=\"auto, (max-width: 618px) 100vw, 618px\" \/><\/p>\n<p><strong>Car\u00e1cter de la convocatoria<\/strong><\/p>\n<p>&#8220;En el mes de lxs trabajadorxs y en el aniversario del Cordobazo, qu\u00e9 mejor que seguir encontr\u00e1ndonos trabajadorxs y estudiantxs en lucha&#8221;, convoca la Junta Interna.<\/p>\n<p>El cientificidio junto con el ataque a la educaci\u00f3n p\u00fablica, avanza en el pa\u00eds. El \u00e9xodo cient\u00edfico frente a la condiciones de nuestros trabajo y la exclusi\u00f3n de les trabajadores de los organismos de ciencia y t\u00e9cnica, son preocupantes. Pero, \u201csin trabajadores no hay ciencia, sin ciencia no hay futuro\u201d, de esta, Nadie se Salva solo!<\/p>\n<p>En distintos puntos de Argentina habr\u00e1 manifestaciones el 28\/05 de trabajadores\/as de CONICET en defensa de nuestro futuro y la ciencia soberana y nacional. En C\u00f3rdoba tambi\u00e9n nos organizamos, y nos encontramos en un gran Festival el 29 de Mayo!<img loading=\"lazy\" decoding=\"async\" class=\"aligncenter wp-image-48828 \" src=\"https:\/\/atecordoba.org\/wp-content\/uploads\/2025\/05\/IMG-20240731-WA0046-1024x578.jpg\" alt=\"\" width=\"605\" height=\"341\" srcset=\"https:\/\/atecordoba.org\/wp-content\/uploads\/2025\/05\/IMG-20240731-WA0046-1024x578.jpg 1024w, https:\/\/atecordoba.org\/wp-content\/uploads\/2025\/05\/IMG-20240731-WA0046-300x169.jpg 300w, https:\/\/atecordoba.org\/wp-content\/uploads\/2025\/05\/IMG-20240731-WA0046-768x433.jpg 768w, https:\/\/atecordoba.org\/wp-content\/uploads\/2025\/05\/IMG-20240731-WA0046-1536x867.jpg 1536w, https:\/\/atecordoba.org\/wp-content\/uploads\/2025\/05\/IMG-20240731-WA0046-750x423.jpg 750w, https:\/\/atecordoba.org\/wp-content\/uploads\/2025\/05\/IMG-20240731-WA0046-1140x643.jpg 1140w, https:\/\/atecordoba.org\/wp-content\/uploads\/2025\/05\/IMG-20240731-WA0046.jpg 1600w\" sizes=\"auto, (max-width: 605px) 100vw, 605px\" \/><\/p>\n<p>En el marco del 56\u00b0 aniversario del Cordobazo, este festival se propone recuperar el esp\u00edritu de aquella gesta obrera-estudiantil de 1969, en conexi\u00f3n con las luchas actuales por la defensa de la ciencia, la educaci\u00f3n p\u00fablica, los derechos laborales y una vida digna para trabajadores\/as, jubilades y estudiantes.<\/p>\n<p>Hoy, frente al ajuste, el vaciamiento y la precarizaci\u00f3n, tanto en el \u00e1mbito p\u00fablico como en el privado, invitamos a la Universidad como espacio de encuentro, denuncia y construcci\u00f3n colectiva.<\/p>\n<p><strong>Pol\u00edtica de Milei<\/strong><\/p>\n<p>CONICET es reconocida como la mejor instituci\u00f3n cient\u00edfica de Am\u00e9rica Latina y una de las 20 mejores a nivel mundial seg\u00fan el Ranking Scimago. Esto es producto del trabajo de miles de personas en todo el pa\u00eds, y de la inversi\u00f3n p\u00fablica.<\/p>\n<p>Sin embargo, el desmantelamiento del sistema cient\u00edfico y de la educaci\u00f3n p\u00fablica, avanzan en nuestro pa\u00eds. \u00bfCu\u00e1les son las pol\u00edticas que ejecuta el gobierno nacional en CONICET?<\/p>\n<ol>\n<li>El gobierno ha paralizado, por primera vez en la historia del organismo, el ingreso a carreras de Investigadores cient\u00edficos y personal de apoyo; 955 personas de todo el pa\u00eds esperan el ingreso efectivo a cargos que concursaron.<\/li>\n<li>Nuestros salarios perdieron un 35% de poder adquisitivo entre diciembre de 2023 y diciembre de 2024. Nuestro poder adquisitivo se encuentra en su valor m\u00e1s bajo desde 2004. Becarixs de Agencia I+D+i ven sus estipendios congelados desde abril de 2024. 81% de lxs trabajadorxs de CONICET de C\u00f3rdoba estamos por debajo de la l\u00ednea de la pobreza.<\/li>\n<li>Hubo despidos entre lxs trabajadorxs administrativos y se agudiz\u00f3 su precarizaci\u00f3n con contratos a plazos m\u00e1s cortos.<img loading=\"lazy\" decoding=\"async\" class=\"aligncenter wp-image-48829 \" src=\"https:\/\/atecordoba.org\/wp-content\/uploads\/2025\/05\/ASAMBLEA-CONICET4-1024x473.jpg\" alt=\"\" width=\"617\" height=\"285\" srcset=\"https:\/\/atecordoba.org\/wp-content\/uploads\/2025\/05\/ASAMBLEA-CONICET4-1024x473.jpg 1024w, https:\/\/atecordoba.org\/wp-content\/uploads\/2025\/05\/ASAMBLEA-CONICET4-300x139.jpg 300w, https:\/\/atecordoba.org\/wp-content\/uploads\/2025\/05\/ASAMBLEA-CONICET4-768x355.jpg 768w, https:\/\/atecordoba.org\/wp-content\/uploads\/2025\/05\/ASAMBLEA-CONICET4-1536x710.jpg 1536w, https:\/\/atecordoba.org\/wp-content\/uploads\/2025\/05\/ASAMBLEA-CONICET4-750x346.jpg 750w, https:\/\/atecordoba.org\/wp-content\/uploads\/2025\/05\/ASAMBLEA-CONICET4-1140x527.jpg 1140w, https:\/\/atecordoba.org\/wp-content\/uploads\/2025\/05\/ASAMBLEA-CONICET4.jpg 2048w\" sizes=\"auto, (max-width: 617px) 100vw, 617px\" \/><\/li>\n<li>Par\u00e1lisis del financiamiento: el gobierno no desembols\u00f3 53 millones de d\u00f3lares que provienen de organismos internacionales exclusivamente con fines de investigaci\u00f3n. La inversi\u00f3n actual en ciencia est\u00e1 en su m\u00ednimo hist\u00f3rico. El gobierno incumple la ley 27614 de FINANCIAMIENTO DEL SISTEMA NACIONAL DE CIENCIA, TECNOLOG\u00cdA E INNOVACI\u00d3N.<\/li>\n<li>Persecuci\u00f3n ideol\u00f3gica: desde el oficialismo se alienta la persecuci\u00f3n y violencia contra trabajadorxs de CONICET. Se ha registrado el ataque a investigadorxs en sus trabajos y domicilios. Adem\u00e1s, se ha forzado la renuncia de quienes critican la pol\u00edtica del gobierno.<\/li>\n<\/ol>\n<p>El \u00e9xodo cient\u00edfico frente a la condiciones de nuestros trabajos y la exclusi\u00f3n de lxs trabajadorxs de los organismos de ciencia y t\u00e9cnica, son preocupantes. Pero, \u201csin trabajadores no hay ciencia, sin ciencia no hay futuro\u201d.<\/p>\n<p><strong>Festival y agenda gremial<\/strong><\/p>\n<p>La feria de ciencias, espacios de extensi\u00f3n, gastronom\u00eda popular, artesan\u00edas, sectores en lucha y gremios combativos mostrar\u00e1n sus experiencias y resistencias. La m\u00fasica en vivo estar\u00e1 a cargo de <strong>Emi Rivarola, Repiqueteando las Calles, Mercuriales y Sabor Canela<\/strong>, para cerrar el d\u00eda a puro ritmo, alegr\u00eda.<img loading=\"lazy\" decoding=\"async\" class=\"alignleft wp-image-48830 \" src=\"https:\/\/atecordoba.org\/wp-content\/uploads\/2025\/05\/WhatsApp-Image-2025-02-19-at-11.12.51-AM-2-769x1024.jpeg\" alt=\"\" width=\"321\" height=\"427\" srcset=\"https:\/\/atecordoba.org\/wp-content\/uploads\/2025\/05\/WhatsApp-Image-2025-02-19-at-11.12.51-AM-2-769x1024.jpeg 769w, https:\/\/atecordoba.org\/wp-content\/uploads\/2025\/05\/WhatsApp-Image-2025-02-19-at-11.12.51-AM-2-225x300.jpeg 225w, https:\/\/atecordoba.org\/wp-content\/uploads\/2025\/05\/WhatsApp-Image-2025-02-19-at-11.12.51-AM-2-768x1023.jpeg 768w, https:\/\/atecordoba.org\/wp-content\/uploads\/2025\/05\/WhatsApp-Image-2025-02-19-at-11.12.51-AM-2-1153x1536.jpeg 1153w, https:\/\/atecordoba.org\/wp-content\/uploads\/2025\/05\/WhatsApp-Image-2025-02-19-at-11.12.51-AM-2-1537x2048.jpeg 1537w, https:\/\/atecordoba.org\/wp-content\/uploads\/2025\/05\/WhatsApp-Image-2025-02-19-at-11.12.51-AM-2-750x999.jpeg 750w, https:\/\/atecordoba.org\/wp-content\/uploads\/2025\/05\/WhatsApp-Image-2025-02-19-at-11.12.51-AM-2-1140x1519.jpeg 1140w, https:\/\/atecordoba.org\/wp-content\/uploads\/2025\/05\/WhatsApp-Image-2025-02-19-at-11.12.51-AM-2-scaled.jpeg 1922w\" sizes=\"auto, (max-width: 321px) 100vw, 321px\" \/><\/p>\n<p>\u00a1Invitamos a toda la comunidad a sumarse y ser parte de esta jornada por una ciencia y una educaci\u00f3n cr\u00edticas y comprometidas con el pueblo!<\/p>\n<ul>\n<li>Abajo el cepo al salario \/ Recomposici\u00f3n salarial urgente<\/li>\n<li>Recomposici\u00f3n salarial URGENTE. Paritarias libres y sin techo.<\/li>\n<li>Emergencia administrativa: pago del plus por funci\u00f3n para todos y pase a planta permanente<\/li>\n<li>Efectivizaci\u00f3n inmediata de las altas pendientes de los ingresos a CIC y CPA 2022<\/li>\n<li>Publicaci\u00f3n de los resultados adeudados: de la convocatoria CIC 2023 y de las promociones<\/li>\n<li>Reapertura de Ingresos CIC y CPA y becas de estad\u00eda corta y posdoctorales extraordinarias para todos los que lo soliciten<\/li>\n<li>Constituci\u00f3n urgente de Junta T\u00e9cnica CPA, avance de los concursos de ingresos congelados y convocatoria a promociones CPA<\/li>\n<li>No a los recortes en cantidad de becas doctorales y posdoctorales<\/li>\n<li>Ampliaci\u00f3n del presupuesto para ciencia y tecnolog\u00eda, y financiamiento para la actividad cient\u00edfica: rechazamos las restricciones en los PIP y la paralizaci\u00f3n del financiamiento de Agencia<\/li>\n<\/ul>\n<p>Presupuesto para ciencia y educaci\u00f3n! Soberan\u00eda nacional<\/p>\n<p>Para m\u00e1s informaci\u00f3n comunicarse v\u00eda mail a\u00a0<a href=\"mailto:ate.conicet.cba@gmail.com\">ate.conicet.cba@gmail.com<\/a><\/p>\n<p>Contacto de prensa: Mar\u00eda C\u00f3rdoba, secretaria de organizaci\u00f3n y prensa de la Junta Interna de ATE CONICET. Tel<br \/>\n3517025848<\/p>\n<p>&nbsp;<\/p>\n","protected":false},"excerpt":{"rendered":"<p>La Junta Interna de ATE CONICET C\u00f3rdoba invita a participar del Festival &#8220;C\u00f3rdobazo por la Ciencia y la Educaci\u00f3n&#8221;, que se realizar\u00e1 el pr\u00f3ximo jueves 29 de mayo, de 15 a 23 horas, en la Ciudad Universitaria, calle El Cordobazo frente al Pabell\u00f3n M\u00e9xico. El objetivo de la convocatoria es invitar a conocer los proyectos [&hellip;]<\/p>\n","protected":false},"author":7,"featured_media":48831,"comment_status":"open","ping_status":"open","sticky":false,"template":"","format":"standard","meta":{"_exactmetrics_skip_tracking":false,"_exactmetrics_sitenote_active":false,"_exactmetrics_sitenote_note":"","_exactmetrics_sitenote_category":0,"jnews-multi-image_gallery":[],"jnews_single_post":{"format":"standard","override":[{"template":"1","parallax":"1","fullscreen":"1","layout":"no-sidebar-narrow","sidebar":"default-sidebar","second_sidebar":"default-sidebar","sticky_sidebar":"1","share_position":"bottom","share_float_style":"share-monocrhome","show_share_counter":"1","show_view_counter":"1","show_post_meta":"1","show_post_author_image":"1","show_post_date":"1","post_date_format":"default","post_date_format_custom":"Y\/m\/d","show_post_category":"1","show_post_reading_time":"0","post_reading_time_wpm":"300","post_calculate_word_method":"str_word_count","show_zoom_button":"0","zoom_button_out_step":"2","zoom_button_in_step":"3","show_post_tag":"1","number_popup_post":"1","show_post_related":"1","show_inline_post_related":"0"}],"image_override":[{"single_post_thumbnail_size":"crop-500","single_post_gallery_size":"crop-500"}],"trending_post_position":"meta","trending_post_label":"Trending","sponsored_post_label":"Sponsored by","disable_ad":"0"},"jnews_primary_category":[],"jnews_social_meta":[],"jnews_review":[],"enable_review":"","type":"percentage","name":"","summary":"","brand":"","sku":"","good":[],"bad":[],"score_override":"","override_value":"","rating":[],"price":[],"jnews_override_counter":{"view_counter_number":"0","share_counter_number":"0","like_counter_number":"0","dislike_counter_number":"0"},"jnews_post_split":{"post_split":[{"template":"1","tag":"h2","numbering":"asc","mode":"normal","first":"0","enable_toc":"0","toc_type":"normal"}]},"footnotes":""},"categories":[18],"tags":[1452,61],"class_list":["post-48825","post","type-post","status-publish","format-standard","has-post-thumbnail","hentry","category-nacionales","tag-ate-conicet-cordoba","tag-conicet"],"jetpack_featured_media_url":"https:\/\/atecordoba.org\/wp-content\/uploads\/2025\/05\/flyer-conicet-festival-cordobazo-1.png","_links":{"self":[{"href":"https:\/\/atecordoba.org\/index.php?rest_route=\/wp\/v2\/posts\/48825","targetHints":{"allow":["GET"]}}],"collection":[{"href":"https:\/\/atecordoba.org\/index.php?rest_route=\/wp\/v2\/posts"}],"about":[{"href":"https:\/\/atecordoba.org\/index.php?rest_route=\/wp\/v2\/types\/post"}],"author":[{"embeddable":true,"href":"https:\/\/atecordoba.org\/index.php?rest_route=\/wp\/v2\/users\/7"}],"replies":[{"embeddable":true,"href":"https:\/\/atecordoba.org\/index.php?rest_route=%2Fwp%2Fv2%2Fcomments&post=48825"}],"version-history":[{"count":1,"href":"https:\/\/atecordoba.org\/index.php?rest_route=\/wp\/v2\/posts\/48825\/revisions"}],"predecessor-version":[{"id":48832,"href":"https:\/\/atecordoba.org\/index.php?rest_route=\/wp\/v2\/posts\/48825\/revisions\/48832"}],"wp:featuredmedia":[{"embeddable":true,"href":"https:\/\/atecordoba.org\/index.php?rest_route=\/wp\/v2\/media\/48831"}],"wp:attachment":[{"href":"https:\/\/atecordoba.org\/index.php?rest_route=%2Fwp%2Fv2%2Fmedia&parent=48825"}],"wp:term":[{"taxonomy":"category","embeddable":true,"href":"https:\/\/atecordoba.org\/index.php?rest_route=%2Fwp%2Fv2%2Fcategories&post=48825"},{"taxonomy":"post_tag","embeddable":true,"href":"https:\/\/atecordoba.org\/index.php?rest_route=%2Fwp%2Fv2%2Ftags&post=48825"}],"curies":[{"name":"wp","href":"https:\/\/api.w.org\/{rel}","templated":true}]}}