{"id":48807,"date":"2025-05-26T10:13:21","date_gmt":"2025-05-26T13:13:21","guid":{"rendered":"https:\/\/atecordoba.org\/?p=48807"},"modified":"2025-06-03T12:19:47","modified_gmt":"2025-06-03T15:19:47","slug":"ate-lanza-la-encuesta-violencia-laboral-y-politica-en-contexto-de-ajuste","status":"publish","type":"post","link":"https:\/\/atecordoba.org\/?p=48807","title":{"rendered":"ATE lanza la encuesta \u201cViolencia laboral y pol\u00edtica en contexto de ajuste\u201d"},"content":{"rendered":"<p><img loading=\"lazy\" decoding=\"async\" class=\"aligncenter wp-image-48808 size-full\" src=\"https:\/\/atecordoba.org\/wp-content\/uploads\/2025\/05\/Captura-de-pantalla-2025-05-26-100059.png\" alt=\"\" width=\"485\" height=\"562\" srcset=\"https:\/\/atecordoba.org\/wp-content\/uploads\/2025\/05\/Captura-de-pantalla-2025-05-26-100059.png 485w, https:\/\/atecordoba.org\/wp-content\/uploads\/2025\/05\/Captura-de-pantalla-2025-05-26-100059-259x300.png 259w\" sizes=\"auto, (max-width: 485px) 100vw, 485px\" \/>En tiempos de desmantelamiento estatal, la Secretar\u00eda de G\u00e9nero y Diversidad de ATE lanza la encuesta nacional \u201cViolencia laboral y pol\u00edtica en contexto de ajuste\u201d.<\/p>\n<p>Se trata de una consulta de <strong>CARACTER ANONIMO<\/strong> donde las y los estatales pueden responder si han sufrido durante el Gobierno de Milei situaciones de acoso y violencia laboral y pol\u00edtica, aplicadas por funcionarios de gobierno y el Presidente, como queda en evidencia en su discurso de odio permanente.<\/p>\n<p>Una inmensa cantidad de casos se suman diariamente, frente a una gesti\u00f3n que hace de la persecuci\u00f3n un modo de gobierno para paralizar a trav\u00e9s del terror la capacidad de revertir la destrucci\u00f3n del Estado que el propio Milei y sus funcionarios anunciaron que van a instalar, con el fin de quitar derechos conculcados a la poblaci\u00f3n y reducir al pa\u00eds a una colina del imperialismo norteamericano y sionista.<\/p>\n<p>Esa informaci\u00f3n debe ser sistematizada para poder contrarrestar esta pol\u00edtica y recuperar la normalidad en todos los organismos. Si el ajuste genera violencia, el desguace estatal la profundiza.<\/p>\n<p>Para participar las y los trabajadores deben ingresar a\u00a0<a href=\"https:\/\/forms.gle\/PHVcGDG6G3rpZHFG7\">https:\/\/forms.gle\/PHVcGDG6G3rpZHFG7<\/a> y completar el cuestionario.<\/p>\n<p>La encuesta pregunta sobre:<\/p>\n<ul>\n<li>provincia donde se desempe\u00f1a el\/la trabajadora<\/li>\n<li>g\u00e9nero<\/li>\n<li>nivel del estado (nacional, provincial o municipal)<\/li>\n<li>organismo que integra<\/li>\n<li>si se ha visto\/a a expuesta laboral<\/li>\n<li>descripci\u00f3n de las situaciones de violencia sufridas<\/li>\n<li>avasallamiento de derechos<\/li>\n<li>tipos de censura y persecuci\u00f3n ideol\u00f3gica<\/li>\n<li>maneras de amenazas de despidos<\/li>\n<li>impacto del ajuste en la calidad de vida de las\/os estatales<\/li>\n<li>reacciones de las\/os compa\u00f1eros ante situaciones de ataque<\/li>\n<li>impacto en la salud como resultado de la violencia laboral<\/li>\n<li>tipos de violencia de g\u00e9nero<\/li>\n<li>descripci\u00f3n y evaluaci\u00f3n de las estrategias sindicales para para combatir la violencia laboral en los lugares de trabajo<\/li>\n<\/ul>\n<p style=\"text-align: center\"><strong>Porque la violencia se combate con organizaci\u00f3n sindical: \u00a1SUMATE a ATE!<\/strong><\/p>\n<div id='gallery_1' class='gallery galleryid-48807 gallery-columns-2 gallery-size-thumbnail'><figure class='gallery-item'>\n                <div class='gallery-icon portrait'>\n                    <a href='https:\/\/atecordoba.org\/wp-content\/uploads\/2025\/05\/Captura-de-pantalla-2025-05-26-100137.png'><img loading=\"lazy\" decoding=\"async\" width=\"150\" height=\"150\" src=\"\" class=\"attachment-thumbnail size-thumbnail lazyload\" alt=\"\" data-src=\"https:\/\/atecordoba.org\/wp-content\/uploads\/2025\/05\/Captura-de-pantalla-2025-05-26-100137-150x150.png\" data-sizes=\"auto\" data-srcset=\"https:\/\/atecordoba.org\/wp-content\/uploads\/2025\/05\/Captura-de-pantalla-2025-05-26-100137-150x150.png 150w, https:\/\/atecordoba.org\/wp-content\/uploads\/2025\/05\/Captura-de-pantalla-2025-05-26-100137-75x75.png 75w, https:\/\/atecordoba.org\/wp-content\/uploads\/2025\/05\/Captura-de-pantalla-2025-05-26-100137-350x350.png 350w\" data-expand=\"700\" \/><\/a>\n                <\/div><\/figure><figure class='gallery-item'>\n                <div class='gallery-icon portrait'>\n                    <a href='https:\/\/atecordoba.org\/wp-content\/uploads\/2025\/05\/Captura-de-pantalla-2025-05-26-100200.png'><img loading=\"lazy\" decoding=\"async\" width=\"150\" height=\"150\" src=\"\" class=\"attachment-thumbnail size-thumbnail lazyload\" alt=\"\" data-src=\"https:\/\/atecordoba.org\/wp-content\/uploads\/2025\/05\/Captura-de-pantalla-2025-05-26-100200-150x150.png\" data-sizes=\"auto\" data-srcset=\"https:\/\/atecordoba.org\/wp-content\/uploads\/2025\/05\/Captura-de-pantalla-2025-05-26-100200-150x150.png 150w, https:\/\/atecordoba.org\/wp-content\/uploads\/2025\/05\/Captura-de-pantalla-2025-05-26-100200-75x75.png 75w, https:\/\/atecordoba.org\/wp-content\/uploads\/2025\/05\/Captura-de-pantalla-2025-05-26-100200-350x350.png 350w\" data-expand=\"700\" \/><\/a>\n                <\/div><\/figure><br style=\"clear: both\" \/>\n            <\/div>\n\n<p>&nbsp;<\/p>\n","protected":false},"excerpt":{"rendered":"<p>En tiempos de desmantelamiento estatal, la Secretar\u00eda de G\u00e9nero y Diversidad de ATE lanza la encuesta nacional \u201cViolencia laboral y pol\u00edtica en contexto de ajuste\u201d. Se trata de una consulta de CARACTER ANONIMO donde las y los estatales pueden responder si han sufrido durante el Gobierno de Milei situaciones de acoso y violencia laboral y [&hellip;]<\/p>\n","protected":false},"author":7,"featured_media":48811,"comment_status":"open","ping_status":"open","sticky":false,"template":"","format":"standard","meta":{"_exactmetrics_skip_tracking":false,"_exactmetrics_sitenote_active":false,"_exactmetrics_sitenote_note":"","_exactmetrics_sitenote_category":0,"jnews-multi-image_gallery":[],"jnews_single_post":{"format":"standard","override":[{"template":"1","parallax":"1","fullscreen":"1","layout":"no-sidebar-narrow","sidebar":"default-sidebar","second_sidebar":"default-sidebar","sticky_sidebar":"1","share_position":"bottom","share_float_style":"share-monocrhome","show_share_counter":"1","show_view_counter":"1","show_post_meta":"1","show_post_author_image":"1","show_post_date":"1","post_date_format":"default","post_date_format_custom":"Y\/m\/d","show_post_category":"1","show_post_reading_time":"0","post_reading_time_wpm":"300","post_calculate_word_method":"str_word_count","show_zoom_button":"0","zoom_button_out_step":"2","zoom_button_in_step":"3","show_post_tag":"1","number_popup_post":"1","show_post_related":"1","show_inline_post_related":"0"}],"image_override":[{"single_post_thumbnail_size":"crop-500","single_post_gallery_size":"crop-500"}],"trending_post_position":"meta","trending_post_label":"Trending","sponsored_post_label":"Sponsored by","disable_ad":"0"},"jnews_primary_category":[],"jnews_social_meta":[],"jnews_review":[],"enable_review":"","type":"percentage","name":"","summary":"","brand":"","sku":"","good":[],"bad":[],"score_override":"","override_value":"","rating":[],"price":[],"jnews_override_counter":{"view_counter_number":"0","share_counter_number":"0","like_counter_number":"0","dislike_counter_number":"0"},"jnews_post_split":{"post_split":[{"template":"1","tag":"h2","numbering":"asc","mode":"normal","first":"0","enable_toc":"0","toc_type":"normal"}]},"footnotes":""},"categories":[325],"tags":[],"class_list":["post-48807","post","type-post","status-publish","format-standard","has-post-thumbnail","hentry","category-generos-y-diversidades"],"jetpack_featured_media_url":"https:\/\/atecordoba.org\/wp-content\/uploads\/2025\/05\/Captura-de-pantalla-2025-05-26-100059-1.png","_links":{"self":[{"href":"https:\/\/atecordoba.org\/index.php?rest_route=\/wp\/v2\/posts\/48807","targetHints":{"allow":["GET"]}}],"collection":[{"href":"https:\/\/atecordoba.org\/index.php?rest_route=\/wp\/v2\/posts"}],"about":[{"href":"https:\/\/atecordoba.org\/index.php?rest_route=\/wp\/v2\/types\/post"}],"author":[{"embeddable":true,"href":"https:\/\/atecordoba.org\/index.php?rest_route=\/wp\/v2\/users\/7"}],"replies":[{"embeddable":true,"href":"https:\/\/atecordoba.org\/index.php?rest_route=%2Fwp%2Fv2%2Fcomments&post=48807"}],"version-history":[{"count":7,"href":"https:\/\/atecordoba.org\/index.php?rest_route=\/wp\/v2\/posts\/48807\/revisions"}],"predecessor-version":[{"id":49022,"href":"https:\/\/atecordoba.org\/index.php?rest_route=\/wp\/v2\/posts\/48807\/revisions\/49022"}],"wp:featuredmedia":[{"embeddable":true,"href":"https:\/\/atecordoba.org\/index.php?rest_route=\/wp\/v2\/media\/48811"}],"wp:attachment":[{"href":"https:\/\/atecordoba.org\/index.php?rest_route=%2Fwp%2Fv2%2Fmedia&parent=48807"}],"wp:term":[{"taxonomy":"category","embeddable":true,"href":"https:\/\/atecordoba.org\/index.php?rest_route=%2Fwp%2Fv2%2Fcategories&post=48807"},{"taxonomy":"post_tag","embeddable":true,"href":"https:\/\/atecordoba.org\/index.php?rest_route=%2Fwp%2Fv2%2Ftags&post=48807"}],"curies":[{"name":"wp","href":"https:\/\/api.w.org\/{rel}","templated":true}]}}