{"id":48803,"date":"2025-05-23T13:20:19","date_gmt":"2025-05-23T16:20:19","guid":{"rendered":"https:\/\/atecordoba.org\/?p=48803"},"modified":"2025-05-28T09:34:26","modified_gmt":"2025-05-28T12:34:26","slug":"criminalizacion-de-la-protesta-ate-repudia-el-apriete-del-g6-que-logra-la-casacion-del-sobreseimiento-de-giuliani","status":"publish","type":"post","link":"https:\/\/atecordoba.org\/?p=48803","title":{"rendered":"Criminalizaci\u00f3n de la protesta: ATE repudia el apriete del G6 que logra la casaci\u00f3n del sobreseimiento de Giuliani"},"content":{"rendered":"<p><img loading=\"lazy\" decoding=\"async\" class=\"aligncenter wp-image-48804 \" src=\"https:\/\/atecordoba.org\/wp-content\/uploads\/2025\/05\/IMG-20240529-WA0050-1024x576.jpg\" alt=\"\" width=\"622\" height=\"350\" \/>Una vez m\u00e1s el poder de las corporaciones econ\u00f3micas logra que los dirigentes populares se vean rehenes de causas judiciales por ejercer el leg\u00edtimo y legal derecho a la protesta.<\/p>\n<p>Tras el sobreseimiento del secretario General de ATE C\u00f3rdoba, Federico Giuliani, en la causa armada por el fiscal Ernesto de Arag\u00f3n a ra\u00edz del corte de calle por una protesta realizada en 2023, el fiscal de la C\u00e1mara de Acusaci\u00f3n, Jorge Leiva, apel\u00f3 a trav\u00e9s de un recurso de casaci\u00f3n la sentencia del m\u00e1ximo tribunal penal de la provincia y pidi\u00f3 al Tribunal Superior de Justicia (TSJ) que revise el fallo.<\/p>\n<p>Esta medida se produjo inmediatamente despu\u00e9s que el G6 cuestionara la decisi\u00f3n de la C\u00e1mara. \u201cExpresamos nuestro m\u00e1s en\u00e9rgico repudio a la declaraci\u00f3n emitida por el G6 que se opone a la protesta social, a la que considera un \u2018privilegio\u2019. Adem\u00e1s, la entidad patronal afirm\u00f3 que la sentencia fue \u2018una decisi\u00f3n equivocada\u2019, por lo que insiste en reclamar que se aplique la mano dura, a la manera que pregona Patricia Bullrich desde el Gobierno Nacional. \u2018No se pueden tolerar\u2019 estas medidas, afirma el bloque econ\u00f3mico dominante metiendo presi\u00f3n al poder pol\u00edtico y judicial para que se profundice la criminalizaci\u00f3n de los que reclaman respuestas a las demandas populares\u201d, denunci\u00f3 Federico Giuliani.<\/p>\n<p>Ahora, el papel que toma el fiscal Leiva da cuenta que el Poder Judicial es permeable a los aprietes del G6, m\u00e1s all\u00e1 de la fundamentaci\u00f3n contundente que el fallo que obtuvo Giuliani junto a otros cinco dirigentes sociales.<\/p>\n<p>\u201cEl G6 est\u00e1 integrado por la Bolsa de Comercio de C\u00f3rdoba, la C\u00e1mara de Comercio de C\u00f3rdoba, la C\u00e1mara de Comercio Exterior de C\u00f3rdoba, la C\u00e1mara Argentina de la Construcci\u00f3n, Delegaci\u00f3n C\u00f3rdoba; la Federaci\u00f3n Comercial de C\u00f3rdoba y la Uni\u00f3n Industrial de C\u00f3rdoba y, junto a la Fundaci\u00f3n Mediterr\u00e1nea, imponen la l\u00ednea de pensamiento y acci\u00f3n que la clase pol\u00edtica gobernante -desde que retorn\u00f3 la democracia en 1983- sigue al pie de la letra para garantizar el modelo de desarrollo extractivista al servicio del agronegocio en la provincia\u201d, dijo Giuliani.<\/p>\n<p>\u201cEl poder econ\u00f3mico habla de defender la libertad, pero s\u00f3lo se refiere a la libertad de comercio y de las patronales para acumular riqueza a costa de la explotaci\u00f3n de los trabajadores, sembrando pobreza y miseria a su paso. \u00bfQu\u00e9 pasa con la libertad de los trabajadores para hacer valer su fuerza de trabajo en condiciones justas y dignas?\u201d, se pregunt\u00f3.<\/p>\n<p>\u201cEs hora de dejar en claro que la libertad no es solo para unos pocos, sino para todos. Nosotros defendemos la libertad de nuestro pueblo para vivir con dignidad y justicia. Y denunciamos las decisiones que toman los verdaderos due\u00f1os de la provincia y que afectan directamente la vida y el bienestar de los trabajadores y de los m\u00e1s humildes. Es nuestro deber defender derechos como el de la protesta que est\u00e1 amparado en la Constituci\u00f3n Nacional. Nos vemos en las calles\u201d, remat\u00f3 el secretario General de ATE C\u00f3rdoba.<\/p>\n<p>En ese marco, el equipo jur\u00eddico de ATE adelant\u00f3 que cuestionar\u00e1 el procedimiento de casaci\u00f3n del fallo, por no cumplirse los pasos procesales establecidos en el C\u00f3digo de Procedimiento de la Provincia.<\/p>\n","protected":false},"excerpt":{"rendered":"<p>Una vez m\u00e1s el poder de las corporaciones econ\u00f3micas logra que los dirigentes populares se vean rehenes de causas judiciales por ejercer el leg\u00edtimo y legal derecho a la protesta. Tras el sobreseimiento del secretario General de ATE C\u00f3rdoba, Federico Giuliani, en la causa armada por el fiscal Ernesto de Arag\u00f3n a ra\u00edz del corte [&hellip;]<\/p>\n","protected":false},"author":7,"featured_media":48804,"comment_status":"open","ping_status":"open","sticky":false,"template":"","format":"standard","meta":{"_exactmetrics_skip_tracking":false,"_exactmetrics_sitenote_active":false,"_exactmetrics_sitenote_note":"","_exactmetrics_sitenote_category":0,"jnews-multi-image_gallery":[],"jnews_single_post":{"format":"standard","override":[{"template":"1","parallax":"1","fullscreen":"1","layout":"no-sidebar-narrow","sidebar":"default-sidebar","second_sidebar":"default-sidebar","sticky_sidebar":"1","share_position":"bottom","share_float_style":"share-monocrhome","show_share_counter":"1","show_view_counter":"1","show_post_meta":"1","show_post_author_image":"1","show_post_date":"1","post_date_format":"default","post_date_format_custom":"Y\/m\/d","show_post_category":"1","show_post_reading_time":"0","post_reading_time_wpm":"300","post_calculate_word_method":"str_word_count","show_zoom_button":"0","zoom_button_out_step":"2","zoom_button_in_step":"3","show_post_tag":"1","number_popup_post":"1","show_post_related":"1","show_inline_post_related":"0"}],"image_override":[{"single_post_thumbnail_size":"crop-500","single_post_gallery_size":"crop-500"}],"trending_post_position":"meta","trending_post_label":"Trending","sponsored_post_label":"Sponsored by","disable_ad":"0"},"jnews_primary_category":[],"jnews_social_meta":[],"jnews_review":[],"enable_review":"","type":"percentage","name":"","summary":"","brand":"","sku":"","good":[],"bad":[],"score_override":"","override_value":"","rating":[],"price":[],"jnews_override_counter":{"view_counter_number":"0","share_counter_number":"0","like_counter_number":"0","dislike_counter_number":"0"},"jnews_post_split":{"post_split":[{"template":"1","tag":"h2","numbering":"asc","mode":"normal","first":"0","enable_toc":"0","toc_type":"normal"}]},"footnotes":""},"categories":[10],"tags":[],"class_list":["post-48803","post","type-post","status-publish","format-standard","has-post-thumbnail","hentry","category-accion-politica"],"jetpack_featured_media_url":"https:\/\/atecordoba.org\/wp-content\/uploads\/2025\/05\/IMG-20240529-WA0050-e1748017211937.jpg","_links":{"self":[{"href":"https:\/\/atecordoba.org\/index.php?rest_route=\/wp\/v2\/posts\/48803","targetHints":{"allow":["GET"]}}],"collection":[{"href":"https:\/\/atecordoba.org\/index.php?rest_route=\/wp\/v2\/posts"}],"about":[{"href":"https:\/\/atecordoba.org\/index.php?rest_route=\/wp\/v2\/types\/post"}],"author":[{"embeddable":true,"href":"https:\/\/atecordoba.org\/index.php?rest_route=\/wp\/v2\/users\/7"}],"replies":[{"embeddable":true,"href":"https:\/\/atecordoba.org\/index.php?rest_route=%2Fwp%2Fv2%2Fcomments&post=48803"}],"version-history":[{"count":1,"href":"https:\/\/atecordoba.org\/index.php?rest_route=\/wp\/v2\/posts\/48803\/revisions"}],"predecessor-version":[{"id":48805,"href":"https:\/\/atecordoba.org\/index.php?rest_route=\/wp\/v2\/posts\/48803\/revisions\/48805"}],"wp:featuredmedia":[{"embeddable":true,"href":"https:\/\/atecordoba.org\/index.php?rest_route=\/wp\/v2\/media\/48804"}],"wp:attachment":[{"href":"https:\/\/atecordoba.org\/index.php?rest_route=%2Fwp%2Fv2%2Fmedia&parent=48803"}],"wp:term":[{"taxonomy":"category","embeddable":true,"href":"https:\/\/atecordoba.org\/index.php?rest_route=%2Fwp%2Fv2%2Fcategories&post=48803"},{"taxonomy":"post_tag","embeddable":true,"href":"https:\/\/atecordoba.org\/index.php?rest_route=%2Fwp%2Fv2%2Ftags&post=48803"}],"curies":[{"name":"wp","href":"https:\/\/api.w.org\/{rel}","templated":true}]}}