{"id":48786,"date":"2025-05-22T14:51:02","date_gmt":"2025-05-22T17:51:02","guid":{"rendered":"https:\/\/atecordoba.org\/?p=48786"},"modified":"2025-05-22T14:52:07","modified_gmt":"2025-05-22T17:52:07","slug":"salud-masiva-movilizacion-de-los-hospitales-reclamo-aumento-salarial-y-reincorporacion-de-las-os-despedidos","status":"publish","type":"post","link":"https:\/\/atecordoba.org\/?p=48786","title":{"rendered":"Salud: Masiva movilizaci\u00f3n de los hospitales reclam\u00f3 aumento salarial y reincorporaci\u00f3n de las\/os despedidos"},"content":{"rendered":"<p><img loading=\"lazy\" decoding=\"async\" class=\"aligncenter wp-image-48787 \" src=\"https:\/\/atecordoba.org\/wp-content\/uploads\/2025\/05\/WhatsApp-Image-2025-05-22-at-11.58.20-1024x770.jpeg\" alt=\"\" width=\"621\" height=\"467\" \/>Una nutrida y bulliciosa marcha de trabajadoras y trabajadores de la salud provincial se realiz\u00f3 esta ma\u00f1ana por las calles de C\u00f3rdoba, en el marco del<a href=\"https:\/\/atecordoba.org\/?p=48763\"> paro nacional que ATE<\/a> dispuso en todo el pa\u00eds en reclamo de mejoras salariales, tanto al gobierno nacional como al gobierno de C\u00f3rdoba, dada la abultada p\u00e9rdida de poder adquisitivo de los haberes estatales durante el \u00faltimo a\u00f1o y medio de gesti\u00f3n libertaria.<\/p>\n<p>En la amplia grilla de reclamos se sum\u00f3 la urgente reincorporaci\u00f3n de los m\u00e1s de 70 despedidos y despedidas del sistema de salud que cometi\u00f3 el gobierno de Mart\u00edn Llaryora, incluido el delegado de ATE del Hospital Rawson <a href=\"https:\/\/atecordoba.org\/?p=48772\">Pablo Serradel.<\/a><\/p>\n<p>Junto a ese hospital, especializado en enfermedades infecciosas y central durante la pandemia de Covid 19, se movilizaron tambi\u00e9n compa\u00f1eros y compa\u00f1eras de la Nueva Maternidad Provincial, el Hospital de Ni\u00f1os y el Materno Neonatal.<\/p>\n<p><img loading=\"lazy\" decoding=\"async\" class=\"aligncenter wp-image-48788 \" src=\"https:\/\/atecordoba.org\/wp-content\/uploads\/2025\/05\/WhatsApp-Image-2025-05-22-at-11.58.20-9-1024x770.jpeg\" alt=\"\" width=\"613\" height=\"461\" srcset=\"https:\/\/atecordoba.org\/wp-content\/uploads\/2025\/05\/WhatsApp-Image-2025-05-22-at-11.58.20-9-1024x770.jpeg 1024w, https:\/\/atecordoba.org\/wp-content\/uploads\/2025\/05\/WhatsApp-Image-2025-05-22-at-11.58.20-9-300x226.jpeg 300w, https:\/\/atecordoba.org\/wp-content\/uploads\/2025\/05\/WhatsApp-Image-2025-05-22-at-11.58.20-9-768x578.jpeg 768w, https:\/\/atecordoba.org\/wp-content\/uploads\/2025\/05\/WhatsApp-Image-2025-05-22-at-11.58.20-9-750x564.jpeg 750w, https:\/\/atecordoba.org\/wp-content\/uploads\/2025\/05\/WhatsApp-Image-2025-05-22-at-11.58.20-9-1140x858.jpeg 1140w, https:\/\/atecordoba.org\/wp-content\/uploads\/2025\/05\/WhatsApp-Image-2025-05-22-at-11.58.20-9.jpeg 1280w\" sizes=\"auto, (max-width: 613px) 100vw, 613px\" \/><\/p>\n<p>&#8220;Estamos construyendo unidad y hay que profundizarlo, tanto con el resto de las y los estatales, como de los sectores del \u00e1mbito privado&#8221;, alent\u00f3 el secretario Gremial de ATE C\u00f3rdoba, Jorge Chalup.<\/p>\n<p>El dirigente destac\u00f3 la participaci\u00f3n en la marcha de organizaciones como Luz y Fuerza, Gr\u00e1ficos, UEPC Capital y agrupaciones estudiantiles, que aportaron una ruidosa batucada.<\/p>\n<p>&#8220;Hemos definido un plan de lucha que incluye las movilizaci\u00f3n el mi\u00e9rcoles 28 de mayo al Ministerio de Salud para profundizar nuestros reclamos&#8221;, adelant\u00f3 el dirigente ante a una multitud que se congregaba frente al Patio Olmos, donde concluy\u00f3 la marcha con un acto.<\/p>\n<p>Chalup exigi\u00f3 aumento salarial y el fin de la persecuci\u00f3n a las y los delegados y activistas de ATE en los hospitales provinciales.<img loading=\"lazy\" decoding=\"async\" class=\"aligncenter wp-image-48789 \" src=\"https:\/\/atecordoba.org\/wp-content\/uploads\/2025\/05\/WhatsApp-Image-2025-05-22-at-13.10.01-1-1024x769.jpeg\" alt=\"\" width=\"611\" height=\"459\" srcset=\"https:\/\/atecordoba.org\/wp-content\/uploads\/2025\/05\/WhatsApp-Image-2025-05-22-at-13.10.01-1-1024x769.jpeg 1024w, https:\/\/atecordoba.org\/wp-content\/uploads\/2025\/05\/WhatsApp-Image-2025-05-22-at-13.10.01-1-300x225.jpeg 300w, https:\/\/atecordoba.org\/wp-content\/uploads\/2025\/05\/WhatsApp-Image-2025-05-22-at-13.10.01-1-768x577.jpeg 768w, https:\/\/atecordoba.org\/wp-content\/uploads\/2025\/05\/WhatsApp-Image-2025-05-22-at-13.10.01-1-1536x1153.jpeg 1536w, https:\/\/atecordoba.org\/wp-content\/uploads\/2025\/05\/WhatsApp-Image-2025-05-22-at-13.10.01-1-2048x1537.jpeg 2048w, https:\/\/atecordoba.org\/wp-content\/uploads\/2025\/05\/WhatsApp-Image-2025-05-22-at-13.10.01-1-750x563.jpeg 750w, https:\/\/atecordoba.org\/wp-content\/uploads\/2025\/05\/WhatsApp-Image-2025-05-22-at-13.10.01-1-1140x856.jpeg 1140w\" sizes=\"auto, (max-width: 611px) 100vw, 611px\" \/><\/p>\n<p><strong>Polo Sanitario<\/strong><\/p>\n<p>La concentraci\u00f3n comenz\u00f3 alrededor de las 11 horas en el Polo Sanitario, frente al Hospital Rawson, donde las y los compa\u00f1eros se fueron acercando progresivamente hasta completar una columna de m\u00e1s de 1000 compa\u00f1eros y compa\u00f1eras, un verdadero hito atento la fuerte presi\u00f3n que el gobierno cordobesista impone en los hospitales para que el conflicto no gane la calle.<\/p>\n<p>Tras realizar una semaforeada en el lugar, la columna resolvi\u00f3 marchar por avenida Sabatini para ir a confluir con el acto de la UECP Capital, que ya se encontraba frente al Patio Olmos.<img loading=\"lazy\" decoding=\"async\" class=\"aligncenter wp-image-48790 \" src=\"https:\/\/atecordoba.org\/wp-content\/uploads\/2025\/05\/WhatsApp-Image-2025-05-22-at-11.58.20-1-1024x770.jpeg\" alt=\"\" width=\"620\" height=\"466\" srcset=\"https:\/\/atecordoba.org\/wp-content\/uploads\/2025\/05\/WhatsApp-Image-2025-05-22-at-11.58.20-1-1024x770.jpeg 1024w, https:\/\/atecordoba.org\/wp-content\/uploads\/2025\/05\/WhatsApp-Image-2025-05-22-at-11.58.20-1-300x226.jpeg 300w, https:\/\/atecordoba.org\/wp-content\/uploads\/2025\/05\/WhatsApp-Image-2025-05-22-at-11.58.20-1-768x578.jpeg 768w, https:\/\/atecordoba.org\/wp-content\/uploads\/2025\/05\/WhatsApp-Image-2025-05-22-at-11.58.20-1-750x564.jpeg 750w, https:\/\/atecordoba.org\/wp-content\/uploads\/2025\/05\/WhatsApp-Image-2025-05-22-at-11.58.20-1-1140x858.jpeg 1140w, https:\/\/atecordoba.org\/wp-content\/uploads\/2025\/05\/WhatsApp-Image-2025-05-22-at-11.58.20-1.jpeg 1280w\" sizes=\"auto, (max-width: 620px) 100vw, 620px\" \/><\/p>\n<p>Aunque la polic\u00eda, siempre presente con una cantidad desmesurada de efectivos, transmiti\u00f3 que deb\u00eda garantizarse un carril abierto durante la marcha, algo que se respet\u00f3 desde la organizaci\u00f3n gremial, una vez ingresada al centro la movilizaci\u00f3n se vio desbordada por la cantidad de manifestantes, ocupando todo el bv Illia.<\/p>\n<p>Al mismo tiempo, la marcha recibi\u00f3 la solidaridad de numerosos conductores que hac\u00edan sonar las bocinas de sus autos, dando cuenta de la legitimidad que el reclamo tiene en la poblaci\u00f3n.<\/p>\n<p>Se trat\u00f3 de una importante jornada de lucha popular que consolida el plan de lucha en el Estado provincial.<\/p>\n<div id='gallery_1' class='gallery galleryid-48786 gallery-columns-3 gallery-size-thumbnail'><figure class='gallery-item'>\n                <div class='gallery-icon landscape'>\n                    <a href='https:\/\/atecordoba.org\/wp-content\/uploads\/2025\/05\/WhatsApp-Image-2025-05-22-at-13.09.59-scaled.jpeg'><img loading=\"lazy\" decoding=\"async\" width=\"150\" height=\"150\" src=\"\" class=\"attachment-thumbnail size-thumbnail lazyload\" alt=\"\" data-src=\"https:\/\/atecordoba.org\/wp-content\/uploads\/2025\/05\/WhatsApp-Image-2025-05-22-at-13.09.59-150x150.jpeg\" data-sizes=\"auto\" data-srcset=\"https:\/\/atecordoba.org\/wp-content\/uploads\/2025\/05\/WhatsApp-Image-2025-05-22-at-13.09.59-150x150.jpeg 150w, https:\/\/atecordoba.org\/wp-content\/uploads\/2025\/05\/WhatsApp-Image-2025-05-22-at-13.09.59-560x560.jpeg 560w, https:\/\/atecordoba.org\/wp-content\/uploads\/2025\/05\/WhatsApp-Image-2025-05-22-at-13.09.59-75x75.jpeg 75w, https:\/\/atecordoba.org\/wp-content\/uploads\/2025\/05\/WhatsApp-Image-2025-05-22-at-13.09.59-350x350.jpeg 350w\" data-expand=\"700\" \/><\/a>\n                <\/div><\/figure><figure class='gallery-item'>\n                <div class='gallery-icon landscape'>\n                    <a href='https:\/\/atecordoba.org\/wp-content\/uploads\/2025\/05\/WhatsApp-Image-2025-05-22-at-13.10.01-2-scaled.jpeg'><img loading=\"lazy\" decoding=\"async\" width=\"150\" height=\"150\" src=\"\" class=\"attachment-thumbnail size-thumbnail lazyload\" alt=\"\" data-src=\"https:\/\/atecordoba.org\/wp-content\/uploads\/2025\/05\/WhatsApp-Image-2025-05-22-at-13.10.01-2-150x150.jpeg\" data-sizes=\"auto\" data-srcset=\"https:\/\/atecordoba.org\/wp-content\/uploads\/2025\/05\/WhatsApp-Image-2025-05-22-at-13.10.01-2-150x150.jpeg 150w, https:\/\/atecordoba.org\/wp-content\/uploads\/2025\/05\/WhatsApp-Image-2025-05-22-at-13.10.01-2-560x560.jpeg 560w, https:\/\/atecordoba.org\/wp-content\/uploads\/2025\/05\/WhatsApp-Image-2025-05-22-at-13.10.01-2-75x75.jpeg 75w, https:\/\/atecordoba.org\/wp-content\/uploads\/2025\/05\/WhatsApp-Image-2025-05-22-at-13.10.01-2-350x350.jpeg 350w\" data-expand=\"700\" \/><\/a>\n                <\/div><\/figure><figure class='gallery-item'>\n                <div class='gallery-icon landscape'>\n                    <a href='https:\/\/atecordoba.org\/wp-content\/uploads\/2025\/05\/WhatsApp-Image-2025-05-22-at-13.10.04-scaled.jpeg'><img loading=\"lazy\" decoding=\"async\" width=\"150\" height=\"150\" src=\"\" class=\"attachment-thumbnail size-thumbnail lazyload\" alt=\"\" data-src=\"https:\/\/atecordoba.org\/wp-content\/uploads\/2025\/05\/WhatsApp-Image-2025-05-22-at-13.10.04-150x150.jpeg\" data-sizes=\"auto\" data-srcset=\"https:\/\/atecordoba.org\/wp-content\/uploads\/2025\/05\/WhatsApp-Image-2025-05-22-at-13.10.04-150x150.jpeg 150w, https:\/\/atecordoba.org\/wp-content\/uploads\/2025\/05\/WhatsApp-Image-2025-05-22-at-13.10.04-560x560.jpeg 560w, https:\/\/atecordoba.org\/wp-content\/uploads\/2025\/05\/WhatsApp-Image-2025-05-22-at-13.10.04-75x75.jpeg 75w, https:\/\/atecordoba.org\/wp-content\/uploads\/2025\/05\/WhatsApp-Image-2025-05-22-at-13.10.04-350x350.jpeg 350w\" data-expand=\"700\" \/><\/a>\n                <\/div><\/figure><br style=\"clear: both\" \/><figure class='gallery-item'>\n                <div class='gallery-icon landscape'>\n                    <a href='https:\/\/atecordoba.org\/wp-content\/uploads\/2025\/05\/WhatsApp-Image-2025-05-22-at-13.10.06-1-scaled.jpeg'><img loading=\"lazy\" decoding=\"async\" width=\"150\" height=\"150\" src=\"\" class=\"attachment-thumbnail size-thumbnail lazyload\" alt=\"\" data-src=\"https:\/\/atecordoba.org\/wp-content\/uploads\/2025\/05\/WhatsApp-Image-2025-05-22-at-13.10.06-1-150x150.jpeg\" data-sizes=\"auto\" data-srcset=\"https:\/\/atecordoba.org\/wp-content\/uploads\/2025\/05\/WhatsApp-Image-2025-05-22-at-13.10.06-1-150x150.jpeg 150w, https:\/\/atecordoba.org\/wp-content\/uploads\/2025\/05\/WhatsApp-Image-2025-05-22-at-13.10.06-1-560x560.jpeg 560w, https:\/\/atecordoba.org\/wp-content\/uploads\/2025\/05\/WhatsApp-Image-2025-05-22-at-13.10.06-1-75x75.jpeg 75w, https:\/\/atecordoba.org\/wp-content\/uploads\/2025\/05\/WhatsApp-Image-2025-05-22-at-13.10.06-1-350x350.jpeg 350w\" data-expand=\"700\" \/><\/a>\n                <\/div><\/figure><figure class='gallery-item'>\n                <div class='gallery-icon portrait'>\n                    <a href='https:\/\/atecordoba.org\/wp-content\/uploads\/2025\/05\/WhatsApp-Image-2025-05-22-at-11.01.55-1.jpeg'><img loading=\"lazy\" decoding=\"async\" width=\"150\" height=\"150\" src=\"\" class=\"attachment-thumbnail size-thumbnail lazyload\" alt=\"\" data-src=\"https:\/\/atecordoba.org\/wp-content\/uploads\/2025\/05\/WhatsApp-Image-2025-05-22-at-11.01.55-1-150x150.jpeg\" data-sizes=\"auto\" data-srcset=\"https:\/\/atecordoba.org\/wp-content\/uploads\/2025\/05\/WhatsApp-Image-2025-05-22-at-11.01.55-1-150x150.jpeg 150w, https:\/\/atecordoba.org\/wp-content\/uploads\/2025\/05\/WhatsApp-Image-2025-05-22-at-11.01.55-1-560x560.jpeg 560w, https:\/\/atecordoba.org\/wp-content\/uploads\/2025\/05\/WhatsApp-Image-2025-05-22-at-11.01.55-1-75x75.jpeg 75w, https:\/\/atecordoba.org\/wp-content\/uploads\/2025\/05\/WhatsApp-Image-2025-05-22-at-11.01.55-1-350x350.jpeg 350w\" data-expand=\"700\" \/><\/a>\n                <\/div><\/figure><figure class='gallery-item'>\n                <div class='gallery-icon landscape'>\n                    <a href='https:\/\/atecordoba.org\/wp-content\/uploads\/2025\/05\/WhatsApp-Image-2025-05-22-at-11.01.55-2.jpeg'><img loading=\"lazy\" decoding=\"async\" width=\"150\" height=\"150\" src=\"\" class=\"attachment-thumbnail size-thumbnail lazyload\" alt=\"\" data-src=\"https:\/\/atecordoba.org\/wp-content\/uploads\/2025\/05\/WhatsApp-Image-2025-05-22-at-11.01.55-2-150x150.jpeg\" data-sizes=\"auto\" data-srcset=\"https:\/\/atecordoba.org\/wp-content\/uploads\/2025\/05\/WhatsApp-Image-2025-05-22-at-11.01.55-2-150x150.jpeg 150w, https:\/\/atecordoba.org\/wp-content\/uploads\/2025\/05\/WhatsApp-Image-2025-05-22-at-11.01.55-2-560x560.jpeg 560w, https:\/\/atecordoba.org\/wp-content\/uploads\/2025\/05\/WhatsApp-Image-2025-05-22-at-11.01.55-2-75x75.jpeg 75w, https:\/\/atecordoba.org\/wp-content\/uploads\/2025\/05\/WhatsApp-Image-2025-05-22-at-11.01.55-2-350x350.jpeg 350w\" data-expand=\"700\" \/><\/a>\n                <\/div><\/figure><br style=\"clear: both\" \/><figure class='gallery-item'>\n                <div class='gallery-icon landscape'>\n                    <a href='https:\/\/atecordoba.org\/wp-content\/uploads\/2025\/05\/WhatsApp-Image-2025-05-22-at-11.01.55-4.jpeg'><img loading=\"lazy\" decoding=\"async\" width=\"150\" height=\"150\" src=\"\" class=\"attachment-thumbnail size-thumbnail lazyload\" alt=\"\" data-src=\"https:\/\/atecordoba.org\/wp-content\/uploads\/2025\/05\/WhatsApp-Image-2025-05-22-at-11.01.55-4-150x150.jpeg\" data-sizes=\"auto\" data-srcset=\"https:\/\/atecordoba.org\/wp-content\/uploads\/2025\/05\/WhatsApp-Image-2025-05-22-at-11.01.55-4-150x150.jpeg 150w, https:\/\/atecordoba.org\/wp-content\/uploads\/2025\/05\/WhatsApp-Image-2025-05-22-at-11.01.55-4-560x560.jpeg 560w, https:\/\/atecordoba.org\/wp-content\/uploads\/2025\/05\/WhatsApp-Image-2025-05-22-at-11.01.55-4-75x75.jpeg 75w, https:\/\/atecordoba.org\/wp-content\/uploads\/2025\/05\/WhatsApp-Image-2025-05-22-at-11.01.55-4-350x350.jpeg 350w\" data-expand=\"700\" \/><\/a>\n                <\/div><\/figure><figure class='gallery-item'>\n                <div class='gallery-icon landscape'>\n                    <a href='https:\/\/atecordoba.org\/wp-content\/uploads\/2025\/05\/WhatsApp-Image-2025-05-22-at-11.01.55-5.jpeg'><img loading=\"lazy\" decoding=\"async\" width=\"150\" height=\"150\" src=\"\" class=\"attachment-thumbnail size-thumbnail lazyload\" alt=\"\" data-src=\"https:\/\/atecordoba.org\/wp-content\/uploads\/2025\/05\/WhatsApp-Image-2025-05-22-at-11.01.55-5-150x150.jpeg\" data-sizes=\"auto\" data-srcset=\"https:\/\/atecordoba.org\/wp-content\/uploads\/2025\/05\/WhatsApp-Image-2025-05-22-at-11.01.55-5-150x150.jpeg 150w, https:\/\/atecordoba.org\/wp-content\/uploads\/2025\/05\/WhatsApp-Image-2025-05-22-at-11.01.55-5-560x560.jpeg 560w, https:\/\/atecordoba.org\/wp-content\/uploads\/2025\/05\/WhatsApp-Image-2025-05-22-at-11.01.55-5-75x75.jpeg 75w, https:\/\/atecordoba.org\/wp-content\/uploads\/2025\/05\/WhatsApp-Image-2025-05-22-at-11.01.55-5-350x350.jpeg 350w\" data-expand=\"700\" \/><\/a>\n                <\/div><\/figure><figure class='gallery-item'>\n                <div class='gallery-icon landscape'>\n                    <a href='https:\/\/atecordoba.org\/wp-content\/uploads\/2025\/05\/WhatsApp-Image-2025-05-22-at-11.01.55-3.jpeg'><img loading=\"lazy\" decoding=\"async\" width=\"150\" height=\"150\" src=\"\" class=\"attachment-thumbnail size-thumbnail lazyload\" alt=\"\" data-src=\"https:\/\/atecordoba.org\/wp-content\/uploads\/2025\/05\/WhatsApp-Image-2025-05-22-at-11.01.55-3-150x150.jpeg\" data-sizes=\"auto\" data-srcset=\"https:\/\/atecordoba.org\/wp-content\/uploads\/2025\/05\/WhatsApp-Image-2025-05-22-at-11.01.55-3-150x150.jpeg 150w, https:\/\/atecordoba.org\/wp-content\/uploads\/2025\/05\/WhatsApp-Image-2025-05-22-at-11.01.55-3-560x560.jpeg 560w, https:\/\/atecordoba.org\/wp-content\/uploads\/2025\/05\/WhatsApp-Image-2025-05-22-at-11.01.55-3-75x75.jpeg 75w, https:\/\/atecordoba.org\/wp-content\/uploads\/2025\/05\/WhatsApp-Image-2025-05-22-at-11.01.55-3-350x350.jpeg 350w\" data-expand=\"700\" \/><\/a>\n                <\/div><\/figure><br style=\"clear: both\" \/>\n            <\/div>\n\n","protected":false},"excerpt":{"rendered":"<p>Una nutrida y bulliciosa marcha de trabajadoras y trabajadores de la salud provincial se realiz\u00f3 esta ma\u00f1ana por las calles de C\u00f3rdoba, en el marco del paro nacional que ATE dispuso en todo el pa\u00eds en reclamo de mejoras salariales, tanto al gobierno nacional como al gobierno de C\u00f3rdoba, dada la abultada p\u00e9rdida de poder [&hellip;]<\/p>\n","protected":false},"author":7,"featured_media":48787,"comment_status":"open","ping_status":"open","sticky":false,"template":"","format":"standard","meta":{"_exactmetrics_skip_tracking":false,"_exactmetrics_sitenote_active":false,"_exactmetrics_sitenote_note":"","_exactmetrics_sitenote_category":0,"jnews-multi-image_gallery":[],"jnews_single_post":{"format":"standard","override":[{"template":"1","parallax":"1","fullscreen":"1","layout":"no-sidebar-narrow","sidebar":"default-sidebar","second_sidebar":"default-sidebar","sticky_sidebar":"1","share_position":"bottom","share_float_style":"share-monocrhome","show_share_counter":"1","show_view_counter":"1","show_post_meta":"1","show_post_author_image":"1","show_post_date":"1","post_date_format":"default","post_date_format_custom":"Y\/m\/d","show_post_category":"1","show_post_reading_time":"0","post_reading_time_wpm":"300","post_calculate_word_method":"str_word_count","show_zoom_button":"0","zoom_button_out_step":"2","zoom_button_in_step":"3","show_post_tag":"1","number_popup_post":"1","show_post_related":"1","show_inline_post_related":"0"}],"image_override":[{"single_post_thumbnail_size":"crop-500","single_post_gallery_size":"crop-500"}],"trending_post_position":"meta","trending_post_label":"Trending","sponsored_post_label":"Sponsored by","disable_ad":"0"},"jnews_primary_category":[],"jnews_social_meta":[],"jnews_review":[],"enable_review":"","type":"percentage","name":"","summary":"","brand":"","sku":"","good":[],"bad":[],"score_override":"","override_value":"","rating":[],"price":[],"jnews_override_counter":{"view_counter_number":"0","share_counter_number":"0","like_counter_number":"0","dislike_counter_number":"0"},"jnews_post_split":{"post_split":[{"template":"1","tag":"h2","numbering":"asc","mode":"normal","first":"0","enable_toc":"0","toc_type":"normal"}]},"footnotes":""},"categories":[341],"tags":[],"class_list":["post-48786","post","type-post","status-publish","format-standard","has-post-thumbnail","hentry","category-cdp"],"jetpack_featured_media_url":"https:\/\/atecordoba.org\/wp-content\/uploads\/2025\/05\/WhatsApp-Image-2025-05-22-at-11.58.20-e1747936115190.jpeg","_links":{"self":[{"href":"https:\/\/atecordoba.org\/index.php?rest_route=\/wp\/v2\/posts\/48786","targetHints":{"allow":["GET"]}}],"collection":[{"href":"https:\/\/atecordoba.org\/index.php?rest_route=\/wp\/v2\/posts"}],"about":[{"href":"https:\/\/atecordoba.org\/index.php?rest_route=\/wp\/v2\/types\/post"}],"author":[{"embeddable":true,"href":"https:\/\/atecordoba.org\/index.php?rest_route=\/wp\/v2\/users\/7"}],"replies":[{"embeddable":true,"href":"https:\/\/atecordoba.org\/index.php?rest_route=%2Fwp%2Fv2%2Fcomments&post=48786"}],"version-history":[{"count":2,"href":"https:\/\/atecordoba.org\/index.php?rest_route=\/wp\/v2\/posts\/48786\/revisions"}],"predecessor-version":[{"id":48801,"href":"https:\/\/atecordoba.org\/index.php?rest_route=\/wp\/v2\/posts\/48786\/revisions\/48801"}],"wp:featuredmedia":[{"embeddable":true,"href":"https:\/\/atecordoba.org\/index.php?rest_route=\/wp\/v2\/media\/48787"}],"wp:attachment":[{"href":"https:\/\/atecordoba.org\/index.php?rest_route=%2Fwp%2Fv2%2Fmedia&parent=48786"}],"wp:term":[{"taxonomy":"category","embeddable":true,"href":"https:\/\/atecordoba.org\/index.php?rest_route=%2Fwp%2Fv2%2Fcategories&post=48786"},{"taxonomy":"post_tag","embeddable":true,"href":"https:\/\/atecordoba.org\/index.php?rest_route=%2Fwp%2Fv2%2Ftags&post=48786"}],"curies":[{"name":"wp","href":"https:\/\/api.w.org\/{rel}","templated":true}]}}