{"id":48780,"date":"2025-05-22T10:53:57","date_gmt":"2025-05-22T13:53:57","guid":{"rendered":"https:\/\/atecordoba.org\/?p=48780"},"modified":"2025-05-22T10:53:57","modified_gmt":"2025-05-22T13:53:57","slug":"acuerdo-salarial-del-125-para-los-trabajadores-municipales-de-alcira-gigena","status":"publish","type":"post","link":"https:\/\/atecordoba.org\/?p=48780","title":{"rendered":"Acuerdo Salarial del 12,5% para los Trabajadores Municipales de Alcira Gigena"},"content":{"rendered":"<div class=\"xdj266r x11i5rnm xat24cr x1mh8g0r x1vvkbs x126k92a\">\n<div dir=\"auto\"><a href=\"https:\/\/atecordoba.org\/wp-content\/uploads\/2025\/05\/499040110_18269865898285377_2350834139231268542_n.jpg\"><img loading=\"lazy\" decoding=\"async\" class=\"alignnone size-full wp-image-48781\" src=\"https:\/\/atecordoba.org\/wp-content\/uploads\/2025\/05\/499040110_18269865898285377_2350834139231268542_n.jpg\" alt=\"\" width=\"720\" height=\"540\" srcset=\"https:\/\/atecordoba.org\/wp-content\/uploads\/2025\/05\/499040110_18269865898285377_2350834139231268542_n.jpg 720w, https:\/\/atecordoba.org\/wp-content\/uploads\/2025\/05\/499040110_18269865898285377_2350834139231268542_n-300x225.jpg 300w\" sizes=\"auto, (max-width: 720px) 100vw, 720px\" \/><\/a>En el marco de la mesa de negociaci\u00f3n paritaria, ATE R\u00edo Cuarto acord\u00f3 una recomposici\u00f3n salarial del 12,5%, que ser\u00e1 abonada con los haberes correspondientes al mes de mayo y que se incorpora al sueldo b\u00e1sico de las y los compa\u00f1eros municipales.<\/div>\n<div dir=\"auto\"><\/div>\n<\/div>\n<div class=\"x11i5rnm xat24cr x1mh8g0r x1vvkbs xtlvy1s x126k92a\">\n<div dir=\"auto\"><\/div>\n<div dir=\"auto\">En la audiencia paritaria participaron, en representaci\u00f3n del sindicato, la delegada gremial Ofelia Arguello y el delegado Jos\u00e9 Altamirano; el Secretario Adjunto, Rodrigo Olguin; y el Secretario De Finanzas, Mauricio Macci\u00f3.<\/div>\n<\/div>\n<div class=\"x11i5rnm xat24cr x1mh8g0r x1vvkbs xtlvy1s x126k92a\">\n<div dir=\"auto\"><\/div>\n<div dir=\"auto\">Y por parte del Ejecutivo Municipal, estuvieron la Intendenta Nanci Foresto, el Secretario de Gobierno, N\u00e9stor Molinero y el Secretario de Gesti\u00f3n Econ\u00f3mica El\u00edas Fern\u00e1ndez.<\/div>\n<\/div>\n<div class=\"x11i5rnm xat24cr x1mh8g0r x1vvkbs xtlvy1s x126k92a\">\n<div dir=\"auto\"><\/div>\n<div dir=\"auto\">\u00a0Asimismo, se acord\u00f3 una nueva reuni\u00f3n para el mes de julio, con el fin de continuar la negociaci\u00f3n paritaria y seguir avanzando en mejoras salariales.<\/div>\n<\/div>\n","protected":false},"excerpt":{"rendered":"<p>En el marco de la mesa de negociaci\u00f3n paritaria, ATE R\u00edo Cuarto acord\u00f3 una recomposici\u00f3n salarial del 12,5%, que ser\u00e1 abonada con los haberes correspondientes al mes de mayo y que se incorpora al sueldo b\u00e1sico de las y los compa\u00f1eros municipales. En la audiencia paritaria participaron, en representaci\u00f3n del sindicato, la delegada gremial Ofelia [&hellip;]<\/p>\n","protected":false},"author":3,"featured_media":48781,"comment_status":"open","ping_status":"open","sticky":false,"template":"","format":"standard","meta":{"_exactmetrics_skip_tracking":false,"_exactmetrics_sitenote_active":false,"_exactmetrics_sitenote_note":"","_exactmetrics_sitenote_category":0,"jnews-multi-image_gallery":[],"jnews_single_post":{"format":"standard","override":[{"template":"1","parallax":"1","fullscreen":"1","layout":"no-sidebar-narrow","sidebar":"default-sidebar","second_sidebar":"default-sidebar","sticky_sidebar":"1","share_position":"bottom","share_float_style":"share-monocrhome","show_share_counter":"1","show_view_counter":"1","show_post_meta":"1","show_post_author_image":"1","show_post_date":"1","post_date_format":"default","post_date_format_custom":"Y\/m\/d","show_post_category":"1","show_post_reading_time":"0","post_reading_time_wpm":"300","post_calculate_word_method":"str_word_count","show_zoom_button":"0","zoom_button_out_step":"2","zoom_button_in_step":"3","show_post_tag":"1","number_popup_post":"1","show_post_related":"1","show_inline_post_related":"0"}],"image_override":[{"single_post_thumbnail_size":"crop-500","single_post_gallery_size":"crop-500"}],"trending_post_position":"meta","trending_post_label":"Trending","sponsored_post_label":"Sponsored by","disable_ad":"0"},"jnews_primary_category":[],"jnews_social_meta":[],"jnews_review":[],"enable_review":"","type":"percentage","name":"","summary":"","brand":"","sku":"","good":[],"bad":[],"score_override":"","override_value":"","rating":[],"price":[],"jnews_override_counter":{"view_counter_number":"0","share_counter_number":"0","like_counter_number":"0","dislike_counter_number":"0"},"jnews_post_split":{"post_split":[{"template":"1","tag":"h2","numbering":"asc","mode":"normal","first":"0","enable_toc":"0","toc_type":"normal"}]},"footnotes":""},"categories":[20],"tags":[],"class_list":["post-48780","post","type-post","status-publish","format-standard","has-post-thumbnail","hentry","category-municipales"],"jetpack_featured_media_url":"https:\/\/atecordoba.org\/wp-content\/uploads\/2025\/05\/499040110_18269865898285377_2350834139231268542_n.jpg","_links":{"self":[{"href":"https:\/\/atecordoba.org\/index.php?rest_route=\/wp\/v2\/posts\/48780","targetHints":{"allow":["GET"]}}],"collection":[{"href":"https:\/\/atecordoba.org\/index.php?rest_route=\/wp\/v2\/posts"}],"about":[{"href":"https:\/\/atecordoba.org\/index.php?rest_route=\/wp\/v2\/types\/post"}],"author":[{"embeddable":true,"href":"https:\/\/atecordoba.org\/index.php?rest_route=\/wp\/v2\/users\/3"}],"replies":[{"embeddable":true,"href":"https:\/\/atecordoba.org\/index.php?rest_route=%2Fwp%2Fv2%2Fcomments&post=48780"}],"version-history":[{"count":2,"href":"https:\/\/atecordoba.org\/index.php?rest_route=\/wp\/v2\/posts\/48780\/revisions"}],"predecessor-version":[{"id":48783,"href":"https:\/\/atecordoba.org\/index.php?rest_route=\/wp\/v2\/posts\/48780\/revisions\/48783"}],"wp:featuredmedia":[{"embeddable":true,"href":"https:\/\/atecordoba.org\/index.php?rest_route=\/wp\/v2\/media\/48781"}],"wp:attachment":[{"href":"https:\/\/atecordoba.org\/index.php?rest_route=%2Fwp%2Fv2%2Fmedia&parent=48780"}],"wp:term":[{"taxonomy":"category","embeddable":true,"href":"https:\/\/atecordoba.org\/index.php?rest_route=%2Fwp%2Fv2%2Fcategories&post=48780"},{"taxonomy":"post_tag","embeddable":true,"href":"https:\/\/atecordoba.org\/index.php?rest_route=%2Fwp%2Fv2%2Ftags&post=48780"}],"curies":[{"name":"wp","href":"https:\/\/api.w.org\/{rel}","templated":true}]}}