{"id":48755,"date":"2025-05-21T10:03:39","date_gmt":"2025-05-21T13:03:39","guid":{"rendered":"https:\/\/atecordoba.org\/?p=48755"},"modified":"2025-05-21T10:04:54","modified_gmt":"2025-05-21T13:04:54","slug":"amenazaron-de-muerte-y-desaparicion-a-aguiar-en-la-previa-al-paro-de-ate","status":"publish","type":"post","link":"https:\/\/atecordoba.org\/?p=48755","title":{"rendered":"Amenazaron de muerte y desaparici\u00f3n a Aguiar en la previa al paro de ATE"},"content":{"rendered":"<p><img loading=\"lazy\" decoding=\"async\" class=\"alignleft wp-image-48756 \" src=\"https:\/\/atecordoba.org\/wp-content\/uploads\/2025\/05\/aguiar_amenaza-472x1024.jpg\" alt=\"\" width=\"328\" height=\"712\" srcset=\"https:\/\/atecordoba.org\/wp-content\/uploads\/2025\/05\/aguiar_amenaza-472x1024.jpg 472w, https:\/\/atecordoba.org\/wp-content\/uploads\/2025\/05\/aguiar_amenaza-138x300.jpg 138w, https:\/\/atecordoba.org\/wp-content\/uploads\/2025\/05\/aguiar_amenaza-708x1536.jpg 708w, https:\/\/atecordoba.org\/wp-content\/uploads\/2025\/05\/aguiar_amenaza.jpg 738w\" sizes=\"auto, (max-width: 328px) 100vw, 328px\" \/>A horas del inicio del Paro Nacional de ATE previsto para ma\u00f1ana 22 de mayo, el Secretario General del sindicato estatal, Rodolfo Aguiar, fue amenazado de muerte y desaparici\u00f3n por un militante libertario. \u201cSe trata de un hecho grave que no podemos dejar pasar\u201d, asegur\u00f3 el dirigente sindical.<\/p>\n<p>El hecho ocurri\u00f3 a trav\u00e9s de la red social Instagram, cuando el usuario \u201ccharlybenitees\u201d comparti\u00f3 una imagen del dirigente de ATE con el siguiente texto: \u201cRez\u00e1 por tu vida que no te cruce nunca en la calle, te juro voy preso pero le hago un bien enorme a la patria. Hay que hacer desaparecer a esta bosta que todos los d\u00edas insiste con el terrorismo. Patricia metelo preso de una vez a este mierda por favor ! @patobullrich\u201d.<\/p>\n<p>Ante esta situaci\u00f3n, Aguiar expres\u00f3: \u201cHemos decidido denunciar esta conducta delictiva y violenta que se habilita desde las m\u00e1s altas esferas del poder. Tenemos que frenar a estos energ\u00famenos que est\u00e1n corriendo los l\u00edmites de la democracia\u201d.<\/p>\n<p>\u201cIntentan infundirnos miedo, atemorizarnos, pero van a fracasar. Los tenemos que poner en evidencia y deben ser condenados\u201d, agreg\u00f3 el Secretario General de ATE Nacional<\/p>\n<p>\u201cHasta ahora la Justicia ha sido la gran ausente. Esperamos que finalmente act\u00fae con ejemplaridad frente a un ataque sin precedentes a todos los derechos constitucionales\u201d, concluy\u00f3 el referente estatal.<\/p>\n<p>El equipo jur\u00eddico de ATE present\u00f3 la denuncia penal por este hecho. El C\u00f3digo Penal argentino pena con entre seis meses y dos a\u00f1os de prisi\u00f3n a quien \u201chiciere uso de amenazas para alarmar o amedrentar a una o m\u00e1s personas\u201d.<\/p>\n<p>La persona que profiri\u00f3 las amenazas tiene un uso constante de distintas redes sociales. Se trata de un vidriero proveniente del partido de General San Mart\u00edn de la Provincia de Buenos Aires. En m\u00e1s de una ocasi\u00f3n ha expresado comentarios negacionistas de la \u00faltima dictadura militar.<\/p>\n<p>En la red social X se presenta como \u201cEl Vidriero Liberal\u201d, donde habitualmente comparte contenido en favor de Javier Milei e insulta a quienes opinan distinto a \u00e9l, aunque no es com\u00fan en nivel de agresi\u00f3n, violencia y amenazas que utiliz\u00f3 en las amenazas al dirigente de ATE.<\/p>\n","protected":false},"excerpt":{"rendered":"<p>A horas del inicio del Paro Nacional de ATE previsto para ma\u00f1ana 22 de mayo, el Secretario General del sindicato estatal, Rodolfo Aguiar, fue amenazado de muerte y desaparici\u00f3n por un militante libertario. \u201cSe trata de un hecho grave que no podemos dejar pasar\u201d, asegur\u00f3 el dirigente sindical. El hecho ocurri\u00f3 a trav\u00e9s de la [&hellip;]<\/p>\n","protected":false},"author":7,"featured_media":48757,"comment_status":"open","ping_status":"open","sticky":false,"template":"","format":"standard","meta":{"_exactmetrics_skip_tracking":false,"_exactmetrics_sitenote_active":false,"_exactmetrics_sitenote_note":"","_exactmetrics_sitenote_category":0,"jnews-multi-image_gallery":[],"jnews_single_post":{"format":"standard","override":[{"template":"1","parallax":"1","fullscreen":"1","layout":"no-sidebar-narrow","sidebar":"default-sidebar","second_sidebar":"default-sidebar","sticky_sidebar":"1","share_position":"bottom","share_float_style":"share-monocrhome","show_share_counter":"1","show_view_counter":"1","show_post_meta":"1","show_post_author_image":"1","show_post_date":"1","post_date_format":"default","post_date_format_custom":"Y\/m\/d","show_post_category":"1","show_post_reading_time":"0","post_reading_time_wpm":"300","post_calculate_word_method":"str_word_count","show_zoom_button":"0","zoom_button_out_step":"2","zoom_button_in_step":"3","show_post_tag":"1","number_popup_post":"1","show_post_related":"1","show_inline_post_related":"0"}],"image_override":[{"single_post_thumbnail_size":"crop-500","single_post_gallery_size":"crop-500"}],"trending_post_position":"meta","trending_post_label":"Trending","sponsored_post_label":"Sponsored by","disable_ad":"0"},"jnews_primary_category":[],"jnews_social_meta":[],"jnews_review":[],"enable_review":"","type":"percentage","name":"","summary":"","brand":"","sku":"","good":[],"bad":[],"score_override":"","override_value":"","rating":[],"price":[],"jnews_override_counter":{"view_counter_number":"0","share_counter_number":"0","like_counter_number":"0","dislike_counter_number":"0"},"jnews_post_split":{"post_split":[{"template":"1","tag":"h2","numbering":"asc","mode":"normal","first":"0","enable_toc":"0","toc_type":"normal"}]},"footnotes":""},"categories":[756],"tags":[887,1513,1514,1512],"class_list":["post-48755","post","type-post","status-publish","format-standard","has-post-thumbnail","hentry","category-consejo-directivo-nacional-cdn","tag-aguiar","tag-amenaza","tag-libertarios-amenaza","tag-violencia-politica"],"jetpack_featured_media_url":"https:\/\/atecordoba.org\/wp-content\/uploads\/2025\/05\/aguiar_amenaza-1.jpg","_links":{"self":[{"href":"https:\/\/atecordoba.org\/index.php?rest_route=\/wp\/v2\/posts\/48755","targetHints":{"allow":["GET"]}}],"collection":[{"href":"https:\/\/atecordoba.org\/index.php?rest_route=\/wp\/v2\/posts"}],"about":[{"href":"https:\/\/atecordoba.org\/index.php?rest_route=\/wp\/v2\/types\/post"}],"author":[{"embeddable":true,"href":"https:\/\/atecordoba.org\/index.php?rest_route=\/wp\/v2\/users\/7"}],"replies":[{"embeddable":true,"href":"https:\/\/atecordoba.org\/index.php?rest_route=%2Fwp%2Fv2%2Fcomments&post=48755"}],"version-history":[{"count":3,"href":"https:\/\/atecordoba.org\/index.php?rest_route=\/wp\/v2\/posts\/48755\/revisions"}],"predecessor-version":[{"id":48761,"href":"https:\/\/atecordoba.org\/index.php?rest_route=\/wp\/v2\/posts\/48755\/revisions\/48761"}],"wp:featuredmedia":[{"embeddable":true,"href":"https:\/\/atecordoba.org\/index.php?rest_route=\/wp\/v2\/media\/48757"}],"wp:attachment":[{"href":"https:\/\/atecordoba.org\/index.php?rest_route=%2Fwp%2Fv2%2Fmedia&parent=48755"}],"wp:term":[{"taxonomy":"category","embeddable":true,"href":"https:\/\/atecordoba.org\/index.php?rest_route=%2Fwp%2Fv2%2Fcategories&post=48755"},{"taxonomy":"post_tag","embeddable":true,"href":"https:\/\/atecordoba.org\/index.php?rest_route=%2Fwp%2Fv2%2Ftags&post=48755"}],"curies":[{"name":"wp","href":"https:\/\/api.w.org\/{rel}","templated":true}]}}