{"id":48735,"date":"2025-05-20T13:30:05","date_gmt":"2025-05-20T16:30:05","guid":{"rendered":"https:\/\/atecordoba.org\/?p=48735"},"modified":"2025-05-20T13:30:05","modified_gmt":"2025-05-20T16:30:05","slug":"fiscal-de-aragon-el-alfil-del-cordobesismo-en-la-judicializacion-de-la-protesta-social","status":"publish","type":"post","link":"https:\/\/atecordoba.org\/?p=48735","title":{"rendered":"Fiscal De Arag\u00f3n: El alfil del cordobesismo en la judicializaci\u00f3n de la protesta social"},"content":{"rendered":"<h6><img loading=\"lazy\" decoding=\"async\" class=\"aligncenter wp-image-48736 \" src=\"https:\/\/atecordoba.org\/wp-content\/uploads\/2025\/05\/de-aragon-1024x721.jpg\" alt=\"\" width=\"631\" height=\"444\" \/>(fuente CTA Aut\u00f3noma C\u00f3rdoba)<\/h6>\n<p>Este 28 de mayo se cumplir\u00e1 un a\u00f1o de un hecho de grav\u00edsimas consecuencias para la convivencia democr\u00e1tica en C\u00f3rdoba protagonizado por el Fiscal Provincial Emilio de Arag\u00f3n (foto de portada) cuando fuerzas policiales realizaron allanamientos de la sede gremial de ATE R\u00edo Cuarto y del domicilio particular del secretario General de ATE C\u00f3rdoba y de la CTAA C\u00f3rdoba, Federico Giuliani. Le retuvieron su tel\u00e9fono particular, en base a una causa abierta por el fiscal, fundamentada en la represi\u00f3n policial sucedida el 25 de mayo del a\u00f1o pasado en la esquina de Avenida V\u00e9lez Sarsfield y 27 de abril. Giuliani junto a 14 compa\u00f1eras y compa\u00f1eros resultaron heridos de diversa magnitud, sin que mediara causa alguna que justifique el accionar represivo.<\/p>\n<p>Los efectivos policiales que custodiaban el acto partidario del Presidente Javier Milei, la emprendieron con gases lacrim\u00f3genos y disparando balas de goma contra la multitud que se encontraba en el lugar.<img loading=\"lazy\" decoding=\"async\" class=\"wp-image-48737 size-full alignleft\" src=\"https:\/\/atecordoba.org\/wp-content\/uploads\/2025\/05\/unnamed-10.jpg\" alt=\"\" width=\"300\" height=\"300\" srcset=\"https:\/\/atecordoba.org\/wp-content\/uploads\/2025\/05\/unnamed-10.jpg 300w, https:\/\/atecordoba.org\/wp-content\/uploads\/2025\/05\/unnamed-10-150x150.jpg 150w, https:\/\/atecordoba.org\/wp-content\/uploads\/2025\/05\/unnamed-10-75x75.jpg 75w\" sizes=\"auto, (max-width: 300px) 100vw, 300px\" \/><\/p>\n<p>As\u00ed mostr\u00f3 una vez m\u00e1s sus garras De Arag\u00f3n, punta de lanza del Cordobesismo en la criminalizaci\u00f3n de la protesta social y prosigui\u00f3 con el acoso judicial que ya hab\u00eda iniciado en 2023, al procesar a Giuliani junto a cinco dirigentes sociales por cortar una calle de manera pac\u00edfica durante una marcha, causa que recientemente fue desestimada por la propia Justicia en instancias de apelaci\u00f3n.<\/p>\n<p>En un extremo propio de otros tiempos donde no se respetaba en C\u00f3rdoba el derecho y la libertad de las personas, la Polic\u00eda le retuvo el tel\u00e9fono celular uno de sus hijos de 9 a\u00f1os. Al mismo tiempo, se allan\u00f3 el auto particular de su esposa, junto a otro propiedad de ATE. Aunque todav\u00eda no ha sido llamado a declarar por esta causa, se le impuso a Giuliani una fianza de 10 millones de pesos para no quedar preso.<\/p>\n<p><strong>Antecedentes<\/strong><\/p>\n<p>De Arag\u00f3n recibi\u00f3 el cachetazo de la C\u00e1mara de Acusaci\u00f3n por la causa de 2023, cuando pidi\u00f3 la elevaci\u00f3n a juicio de Giuliani y a otros cinco dirigentes sociales por participar de la Marcha contra el Hambre, que se realiz\u00f3 en el mes de abril de ese a\u00f1o, por el delito previsto en el art\u00edculo 194 del C\u00f3digo Penal \u201cobstrucci\u00f3n de la circulaci\u00f3n en la v\u00eda p\u00fablica\u201d.<\/p>\n<p>La sentencia del tribunal marca un punto de inflexi\u00f3n respecto al acoso judicial que viene sufriendo el dirigente riocuartense al ejercer el derecho constitucional a la protesta que fija el art\u00edculo 14 de la Carta Magna. El fallo fija entonces un claro l\u00edmite al Gobierno de C\u00f3rdoba sobre los intentos por frenar la protesta social y fundamentalmente a la Justicia obediente con esa intensi\u00f3n.<img loading=\"lazy\" decoding=\"async\" class=\"aligncenter wp-image-48738 \" src=\"https:\/\/atecordoba.org\/wp-content\/uploads\/2025\/05\/unnamed-4.jpg\" alt=\"\" width=\"615\" height=\"347\" srcset=\"https:\/\/atecordoba.org\/wp-content\/uploads\/2025\/05\/unnamed-4.jpg 1024w, https:\/\/atecordoba.org\/wp-content\/uploads\/2025\/05\/unnamed-4-300x169.jpg 300w, https:\/\/atecordoba.org\/wp-content\/uploads\/2025\/05\/unnamed-4-768x434.jpg 768w, https:\/\/atecordoba.org\/wp-content\/uploads\/2025\/05\/unnamed-4-750x423.jpg 750w\" sizes=\"auto, (max-width: 615px) 100vw, 615px\" \/><\/p>\n<p>En uno de los punto significativos de la resoluci\u00f3n judicial, la C\u00e1mara estableci\u00f3 que \u201cno existe a nivel provincial una legislaci\u00f3n similar a la nacional\u201d a los fines de regular el derecho a la protesta que impuso el \u201cProtocolo para el mantenimiento del orden p\u00fablico ante el corte de v\u00edas de circulaci\u00f3n\u201d, que habilita a las fuerzas de seguridad federales a intervenir ante casos de \u201cimpedimentos al tr\u00e1nsito de personas o medios de transporte, cortes parciales o totales de rutas nacionales\u201d que promovi\u00f3 la Ministra de Seguridad Patricia Bullrich a nivel federal.<\/p>\n<p>Adem\u00e1s, el tribunal dej\u00f3 claro que \u201ces indiscutible el derecho de los ciudadanos a transitar por el territorio argentino, a reunirse y a peticionar a las autoridades (art. 14 de la Constituci\u00f3n Nacional), en cuyo marco se ejerce, o en s\u00ed mismo consiste, el derecho a manifestar sus opiniones y reclamos en la v\u00eda p\u00fablica\u201d.<\/p>\n<p><strong>\u201cMilei Culiadazo\u201d<\/strong><\/p>\n<p>La protesta del 25 de mayo de 2024, que se cumpli\u00f3 como estaba previsto en el ingreso del Aeropuerto C\u00f3rdoba, estuvo encabezada por Giuliani y cont\u00f3 con el apoyo y acompa\u00f1amiento de la Conducci\u00f3n Nacional de ATE, a trav\u00e9s de la presencia del Secretario General Rodolfo Aguiar y su Adjunta, Mercedes Cabezas, junto a dirigentes del Consejo Directivo Nacional.<img loading=\"lazy\" decoding=\"async\" class=\"alignright wp-image-48739 size-full\" src=\"https:\/\/atecordoba.org\/wp-content\/uploads\/2025\/05\/unnamed-8.jpg\" alt=\"\" width=\"300\" height=\"300\" srcset=\"https:\/\/atecordoba.org\/wp-content\/uploads\/2025\/05\/unnamed-8.jpg 300w, https:\/\/atecordoba.org\/wp-content\/uploads\/2025\/05\/unnamed-8-150x150.jpg 150w, https:\/\/atecordoba.org\/wp-content\/uploads\/2025\/05\/unnamed-8-75x75.jpg 75w\" sizes=\"auto, (max-width: 300px) 100vw, 300px\" \/><\/p>\n<p>Estuvieron tambi\u00e9n los dirigentes de las seis seccionales del interior provincial (R\u00edo Cuarto, Villa Mar\u00eda, R\u00edo Tercero, San Francisco, Adelia Mar\u00eda y Cruz del Eje), dando cuenta de la extensi\u00f3n territorial de ATE en toda la provincia.<\/p>\n<p>La medida de fuerza se desarrollaba de manera pac\u00edfica, conviviendo en el lugar con la Polic\u00eda Provincial cuando un grupo fuertemente armado de la Gendarmer\u00eda, en un acto de clara provocaci\u00f3n, se hizo presente para avanzar sobre el piquete, sin justificaci\u00f3n alguna ya que estaba acordado con el jefe del operativo policial que se liberar\u00eda un carril para que circulen los veh\u00edculos atascados.<\/p>\n<p>En una t\u00edpica postal de la pol\u00edtica-espect\u00e1culo de la Ministra de Seguridad, Patricia Bullrich, los gendarmes buscaron la foto de la represi\u00f3n empujando a un grupo de estatales, repartiendo patadas y gases lacrim\u00f3genos, para luego retirarse y dejar a la Polic\u00eda custodiando el acto. Con tanta impericia que se terminaron autogaseando por efectos del viento.<\/p>\n<p>El saldo lamentable fue cuatro compa\u00f1eros y compa\u00f1eras heridos por los golpes y asfixiados con los gases.<\/p>\n<p>\u201cTen\u00edamos un acuerdo con la Polic\u00eda y se hab\u00eda liberado medio carril. Sin embargo, nos pegaron y nos tiraron gases. Vinimos a reclamar por los despidos en la provincia, est\u00e1bamos hablando con el jefe del operativo sin problemas cuando irrumpen los gendarmes. De todas formas, no pudieron impedir que los estatales repudiemos la visita de Milei, que es persona no grata para los trabajadores en C\u00f3rdoba\u201d, declar\u00f3 Giuliani a prensa una vez sucedida la represi\u00f3n.<img loading=\"lazy\" decoding=\"async\" class=\"aligncenter wp-image-48740 \" src=\"https:\/\/atecordoba.org\/wp-content\/uploads\/2025\/05\/unnamed-1.jpg\" alt=\"\" width=\"617\" height=\"348\" srcset=\"https:\/\/atecordoba.org\/wp-content\/uploads\/2025\/05\/unnamed-1.jpg 1024w, https:\/\/atecordoba.org\/wp-content\/uploads\/2025\/05\/unnamed-1-300x169.jpg 300w, https:\/\/atecordoba.org\/wp-content\/uploads\/2025\/05\/unnamed-1-768x434.jpg 768w, https:\/\/atecordoba.org\/wp-content\/uploads\/2025\/05\/unnamed-1-750x423.jpg 750w\" sizes=\"auto, (max-width: 617px) 100vw, 617px\" \/><\/p>\n<p>Y acto seguido a la represi\u00f3n, el dirigente anunci\u00f3 que ATE se movilizaba al centro de la ciudad para acompa\u00f1ar al resto de las centrales gremiales que convocaron un acto de repudio a Milei en la esquina de Col\u00f3n y General Paz, frente al Correo.<\/p>\n<p>En ese marco, Giuliani fustig\u00f3 a los dirigentes que dicen que \u2018hay que esperar\u2019 antes de salir a la calle a protestar contra el ajuste del gobierno colonial. \u201cSon gente tibia, a m\u00ed me dan verg\u00fcenza ajena esas posturas que se dicen a poco d\u00edas de conmemorar otro aniversario del \u2018Cordobazo\u2019. Pero todos debemos saber que si los dirigentes no se mueven la gente va a salir a la calle igual. Es con los dirigentes a la cabeza o con la cabeza de los dirigentes, como dec\u00eda Per\u00f3n. Hay hambre, la gente la est\u00e1 pasando mal y Milei no es bienvenido en C\u00f3rdoba\u201d, concluy\u00f3.<\/p>\n<div id='gallery_1' class='gallery galleryid-48735 gallery-columns-3 gallery-size-thumbnail'><figure class='gallery-item'>\n                <div class='gallery-icon portrait'>\n                    <a href='https:\/\/atecordoba.org\/wp-content\/uploads\/2025\/05\/unnamed-6.jpg'><img loading=\"lazy\" decoding=\"async\" width=\"150\" height=\"150\" src=\"\" class=\"attachment-thumbnail size-thumbnail lazyload\" alt=\"\" data-src=\"https:\/\/atecordoba.org\/wp-content\/uploads\/2025\/05\/unnamed-6-150x150.jpg\" data-sizes=\"auto\" data-srcset=\"https:\/\/atecordoba.org\/wp-content\/uploads\/2025\/05\/unnamed-6-150x150.jpg 150w, https:\/\/atecordoba.org\/wp-content\/uploads\/2025\/05\/unnamed-6-75x75.jpg 75w\" data-expand=\"700\" \/><\/a>\n                <\/div><\/figure><figure class='gallery-item'>\n                <div class='gallery-icon landscape'>\n                    <a href='https:\/\/atecordoba.org\/wp-content\/uploads\/2025\/05\/unnamed-7.jpg'><img loading=\"lazy\" decoding=\"async\" width=\"150\" height=\"150\" src=\"\" class=\"attachment-thumbnail size-thumbnail lazyload\" alt=\"\" data-src=\"https:\/\/atecordoba.org\/wp-content\/uploads\/2025\/05\/unnamed-7-150x150.jpg\" data-sizes=\"auto\" data-srcset=\"https:\/\/atecordoba.org\/wp-content\/uploads\/2025\/05\/unnamed-7-150x150.jpg 150w, https:\/\/atecordoba.org\/wp-content\/uploads\/2025\/05\/unnamed-7-75x75.jpg 75w, https:\/\/atecordoba.org\/wp-content\/uploads\/2025\/05\/unnamed-7.jpg 300w\" data-expand=\"700\" \/><\/a>\n                <\/div><\/figure><figure class='gallery-item'>\n                <div class='gallery-icon portrait'>\n                    <a href='https:\/\/atecordoba.org\/wp-content\/uploads\/2025\/05\/unnamed-5.jpg'><img loading=\"lazy\" decoding=\"async\" width=\"150\" height=\"150\" src=\"\" class=\"attachment-thumbnail size-thumbnail lazyload\" alt=\"\" data-src=\"https:\/\/atecordoba.org\/wp-content\/uploads\/2025\/05\/unnamed-5-150x150.jpg\" data-sizes=\"auto\" data-srcset=\"https:\/\/atecordoba.org\/wp-content\/uploads\/2025\/05\/unnamed-5-150x150.jpg 150w, https:\/\/atecordoba.org\/wp-content\/uploads\/2025\/05\/unnamed-5-75x75.jpg 75w\" data-expand=\"700\" \/><\/a>\n                <\/div><\/figure><br style=\"clear: both\" \/>\n            <\/div>\n\n<p>Rodolfo Aguiar dijo que \u201cllegamos a C\u00f3rdoba para declarar persona no grata al Presidente. Milei tiene que saber que no es bienvenido a esta provincia y tampoco a ninguna otra. Las pol\u00edticas que lleva adelante est\u00e1 destrozando todos los distritos. Este 25 de mayo no tenemos nada para festejar: En el D\u00eda de la Patria, a la Patria la est\u00e1n vendiendo, rif\u00e1ndola al mejor postor\u201d.<\/p>\n<p>El dirigente oriundo de R\u00edo Negro apunt\u00f3 que \u201cdesde que asumi\u00f3, este Gobierno duplic\u00f3 la indigencia. Estamos frente a un fen\u00f3menos nuevo en Argentina, que es el empobrecimiento de los pobres. Los estatales estamos ac\u00e1 porque Milei nos est\u00e1 echando, nos cierra los organismos donde trabajamos, ajusta nuestros salarios, intenta privatizar las empresas p\u00fablicas y no lo vamos a permitir\u201d.<img loading=\"lazy\" decoding=\"async\" class=\"aligncenter wp-image-48741 \" src=\"https:\/\/atecordoba.org\/wp-content\/uploads\/2025\/05\/unnamed-3.jpg\" alt=\"\" width=\"628\" height=\"354\" srcset=\"https:\/\/atecordoba.org\/wp-content\/uploads\/2025\/05\/unnamed-3.jpg 1024w, https:\/\/atecordoba.org\/wp-content\/uploads\/2025\/05\/unnamed-3-300x169.jpg 300w, https:\/\/atecordoba.org\/wp-content\/uploads\/2025\/05\/unnamed-3-768x434.jpg 768w, https:\/\/atecordoba.org\/wp-content\/uploads\/2025\/05\/unnamed-3-750x423.jpg 750w\" sizes=\"auto, (max-width: 628px) 100vw, 628px\" \/><\/p>\n<p><strong>Brutal represi\u00f3n policial<\/strong><\/p>\n<p>Tras realizar la protesta en el Aeropuerto, ATE se moviliz\u00f3 en el centro de C\u00f3rdoba, para conjugar acciones con las centrales sindicales y los movimientos sociales que convocaron a repudiar la presencia de Javier Milei en la Provincia.<\/p>\n<p>Cuando la movilizaci\u00f3n de estatales y la Federaci\u00f3n Nacional Territorial (FeNaT-CTAA) transcurr\u00eda por la Avenida V\u00e9lez Sarsfield esquina 27 de Abril, la Polic\u00eda de la Provincia reprimi\u00f3 con balas de goma y gases lacrim\u00f3genos a quienes se encontraban en el lugar. La columna reaccion\u00f3 ante el ataque que realiz\u00f3 la Polic\u00eda contra una docente jubilada que intent\u00f3 acercase al Cabildo donde se realiz\u00f3 el acto partidario de los libertarios.<\/p>\n<p>Como saldo de la represi\u00f3n, Giuliani fue herido con cuatro municiones, junto a un grupo de compa\u00f1eros y compa\u00f1eras. La represi\u00f3n policial dej\u00f3 14 heridos y heridas, una de ellas es la Secretaria de Prensa de ATE y Vocal del Consejo Directivo Nacional, Julia Giuliani.<\/p>\n<p>Siete de los lastimados fueron atendidos en el Hospital Misericordia, en tanto otro compa\u00f1ero, con un balazo en el ojo, recibi\u00f3 curaciones en el Hospital Ferreyra.<img loading=\"lazy\" decoding=\"async\" class=\"aligncenter wp-image-48742 \" src=\"https:\/\/atecordoba.org\/wp-content\/uploads\/2025\/05\/unnamed.jpg\" alt=\"\" width=\"633\" height=\"357\" srcset=\"https:\/\/atecordoba.org\/wp-content\/uploads\/2025\/05\/unnamed.jpg 1024w, https:\/\/atecordoba.org\/wp-content\/uploads\/2025\/05\/unnamed-300x169.jpg 300w, https:\/\/atecordoba.org\/wp-content\/uploads\/2025\/05\/unnamed-768x434.jpg 768w, https:\/\/atecordoba.org\/wp-content\/uploads\/2025\/05\/unnamed-750x423.jpg 750w\" sizes=\"auto, (max-width: 633px) 100vw, 633px\" \/><\/p>\n<p>Aguiar, quien particip\u00f3 de la movilizaci\u00f3n en C\u00f3rdoba, se\u00f1al\u00f3: \u201cEsto es violencia institucional. No podemos naturalizar lo que est\u00e1 pasando. Estamos ejerciendo de manera pac\u00edfica nuestros derechos constitucionales. Est\u00e1n utilizando la fuerza de seguridad de una manera que pone en riesgo la democracia\u201d.<\/p>\n<p>Y agreg\u00f3: \u201cTienen que tener claro que si pretenden infundirnos miedo, temor y disciplinarnos, no lo van a lograr. Vamos a seguir estando en la calle\u201d.<\/p>\n<p>\u201cEn esta Argentina no hay plata para comprar comida, no hay plata para comprar remedios, pero para lo \u00fanico que hay plata es para reprimir. Est\u00e1 quedando claro que el modelo de pa\u00eds que quieren no pasa sin represi\u00f3n. En ese pa\u00eds no entramos los trabajadores y jubilados con una vida digna\u201d, finaliz\u00f3 el referente nacional.<\/p>\n<div id='gallery_2' class='gallery galleryid-48735 gallery-columns-3 gallery-size-thumbnail'><figure class='gallery-item'>\n                <div class='gallery-icon landscape'>\n                    <a href='https:\/\/atecordoba.org\/wp-content\/uploads\/2025\/05\/unnamed-12.jpg'><img loading=\"lazy\" decoding=\"async\" width=\"150\" height=\"150\" src=\"\" class=\"attachment-thumbnail size-thumbnail lazyload\" alt=\"\" data-src=\"https:\/\/atecordoba.org\/wp-content\/uploads\/2025\/05\/unnamed-12-150x150.jpg\" data-sizes=\"auto\" data-srcset=\"https:\/\/atecordoba.org\/wp-content\/uploads\/2025\/05\/unnamed-12-150x150.jpg 150w, https:\/\/atecordoba.org\/wp-content\/uploads\/2025\/05\/unnamed-12-75x75.jpg 75w\" data-expand=\"700\" \/><\/a>\n                <\/div><\/figure><figure class='gallery-item'>\n                <div class='gallery-icon landscape'>\n                    <a href='https:\/\/atecordoba.org\/wp-content\/uploads\/2025\/05\/unnamed-4-1.jpg'><img loading=\"lazy\" decoding=\"async\" width=\"150\" height=\"150\" src=\"\" class=\"attachment-thumbnail size-thumbnail lazyload\" alt=\"\" data-src=\"https:\/\/atecordoba.org\/wp-content\/uploads\/2025\/05\/unnamed-4-1-150x150.jpg\" data-sizes=\"auto\" data-srcset=\"https:\/\/atecordoba.org\/wp-content\/uploads\/2025\/05\/unnamed-4-1-150x150.jpg 150w, https:\/\/atecordoba.org\/wp-content\/uploads\/2025\/05\/unnamed-4-1-560x560.jpg 560w, https:\/\/atecordoba.org\/wp-content\/uploads\/2025\/05\/unnamed-4-1-75x75.jpg 75w, https:\/\/atecordoba.org\/wp-content\/uploads\/2025\/05\/unnamed-4-1-350x350.jpg 350w\" data-expand=\"700\" \/><\/a>\n                <\/div><\/figure><figure class='gallery-item'>\n                <div class='gallery-icon landscape'>\n                    <a href='https:\/\/atecordoba.org\/wp-content\/uploads\/2025\/05\/unnamed-11.jpg'><img loading=\"lazy\" decoding=\"async\" width=\"150\" height=\"150\" src=\"\" class=\"attachment-thumbnail size-thumbnail lazyload\" alt=\"\" data-src=\"https:\/\/atecordoba.org\/wp-content\/uploads\/2025\/05\/unnamed-11-150x150.jpg\" data-sizes=\"auto\" data-srcset=\"https:\/\/atecordoba.org\/wp-content\/uploads\/2025\/05\/unnamed-11-150x150.jpg 150w, https:\/\/atecordoba.org\/wp-content\/uploads\/2025\/05\/unnamed-11-75x75.jpg 75w, https:\/\/atecordoba.org\/wp-content\/uploads\/2025\/05\/unnamed-11.jpg 300w\" data-expand=\"700\" \/><\/a>\n                <\/div><\/figure><br style=\"clear: both\" \/><figure class='gallery-item'>\n                <div class='gallery-icon landscape'>\n                    <a href='https:\/\/atecordoba.org\/wp-content\/uploads\/2025\/05\/unnamed-2.jpg'><img loading=\"lazy\" decoding=\"async\" width=\"150\" height=\"150\" src=\"\" class=\"attachment-thumbnail size-thumbnail lazyload\" alt=\"\" data-src=\"https:\/\/atecordoba.org\/wp-content\/uploads\/2025\/05\/unnamed-2-150x150.jpg\" data-sizes=\"auto\" data-srcset=\"https:\/\/atecordoba.org\/wp-content\/uploads\/2025\/05\/unnamed-2-150x150.jpg 150w, https:\/\/atecordoba.org\/wp-content\/uploads\/2025\/05\/unnamed-2-560x560.jpg 560w, https:\/\/atecordoba.org\/wp-content\/uploads\/2025\/05\/unnamed-2-75x75.jpg 75w, https:\/\/atecordoba.org\/wp-content\/uploads\/2025\/05\/unnamed-2-350x350.jpg 350w\" data-expand=\"700\" \/><\/a>\n                <\/div><\/figure><figure class='gallery-item'>\n                <div class='gallery-icon landscape'>\n                    <a href='https:\/\/atecordoba.org\/wp-content\/uploads\/2025\/05\/unnamed-9.jpg'><img loading=\"lazy\" decoding=\"async\" width=\"150\" height=\"150\" src=\"\" class=\"attachment-thumbnail size-thumbnail lazyload\" alt=\"\" data-src=\"https:\/\/atecordoba.org\/wp-content\/uploads\/2025\/05\/unnamed-9-150x150.jpg\" data-sizes=\"auto\" data-srcset=\"https:\/\/atecordoba.org\/wp-content\/uploads\/2025\/05\/unnamed-9-150x150.jpg 150w, https:\/\/atecordoba.org\/wp-content\/uploads\/2025\/05\/unnamed-9-75x75.jpg 75w, https:\/\/atecordoba.org\/wp-content\/uploads\/2025\/05\/unnamed-9.jpg 300w\" data-expand=\"700\" \/><\/a>\n                <\/div><\/figure><figure class='gallery-item'>\n                <div class='gallery-icon landscape'>\n                    <a href='https:\/\/atecordoba.org\/wp-content\/uploads\/2025\/05\/unnamed-13.jpg'><img loading=\"lazy\" decoding=\"async\" width=\"150\" height=\"150\" src=\"\" class=\"attachment-thumbnail size-thumbnail lazyload\" alt=\"\" data-src=\"https:\/\/atecordoba.org\/wp-content\/uploads\/2025\/05\/unnamed-13-150x150.jpg\" data-sizes=\"auto\" data-srcset=\"https:\/\/atecordoba.org\/wp-content\/uploads\/2025\/05\/unnamed-13-150x150.jpg 150w, https:\/\/atecordoba.org\/wp-content\/uploads\/2025\/05\/unnamed-13-75x75.jpg 75w\" data-expand=\"700\" \/><\/a>\n                <\/div><\/figure><br style=\"clear: both\" \/>\n            <\/div>\n\n","protected":false},"excerpt":{"rendered":"<p>(fuente CTA Aut\u00f3noma C\u00f3rdoba) Este 28 de mayo se cumplir\u00e1 un a\u00f1o de un hecho de grav\u00edsimas consecuencias para la convivencia democr\u00e1tica en C\u00f3rdoba protagonizado por el Fiscal Provincial Emilio de Arag\u00f3n (foto de portada) cuando fuerzas policiales realizaron allanamientos de la sede gremial de ATE R\u00edo Cuarto y del domicilio particular del secretario General [&hellip;]<\/p>\n","protected":false},"author":7,"featured_media":48736,"comment_status":"open","ping_status":"open","sticky":false,"template":"","format":"standard","meta":{"_exactmetrics_skip_tracking":false,"_exactmetrics_sitenote_active":false,"_exactmetrics_sitenote_note":"","_exactmetrics_sitenote_category":0,"jnews-multi-image_gallery":[],"jnews_single_post":{"format":"standard","override":[{"template":"1","parallax":"1","fullscreen":"1","layout":"no-sidebar-narrow","sidebar":"default-sidebar","second_sidebar":"default-sidebar","sticky_sidebar":"1","share_position":"bottom","share_float_style":"share-monocrhome","show_share_counter":"1","show_view_counter":"1","show_post_meta":"1","show_post_author_image":"1","show_post_date":"1","post_date_format":"default","post_date_format_custom":"Y\/m\/d","show_post_category":"1","show_post_reading_time":"0","post_reading_time_wpm":"300","post_calculate_word_method":"str_word_count","show_zoom_button":"0","zoom_button_out_step":"2","zoom_button_in_step":"3","show_post_tag":"1","number_popup_post":"1","show_post_related":"1","show_inline_post_related":"0"}],"image_override":[{"single_post_thumbnail_size":"crop-500","single_post_gallery_size":"crop-500"}],"trending_post_position":"meta","trending_post_label":"Trending","sponsored_post_label":"Sponsored by","disable_ad":"0"},"jnews_primary_category":[],"jnews_social_meta":[],"jnews_review":[],"enable_review":"","type":"percentage","name":"","summary":"","brand":"","sku":"","good":[],"bad":[],"score_override":"","override_value":"","rating":[],"price":[],"jnews_override_counter":{"view_counter_number":"0","share_counter_number":"0","like_counter_number":"0","dislike_counter_number":"0"},"jnews_post_split":{"post_split":[{"template":"1","tag":"h2","numbering":"asc","mode":"normal","first":"0","enable_toc":"0","toc_type":"normal"}]},"footnotes":""},"categories":[341],"tags":[1320],"class_list":["post-48735","post","type-post","status-publish","format-standard","has-post-thumbnail","hentry","category-cdp","tag-criminalizacion-de-la-protesta"],"jetpack_featured_media_url":"https:\/\/atecordoba.org\/wp-content\/uploads\/2025\/05\/de-aragon-e1747758574334.jpg","_links":{"self":[{"href":"https:\/\/atecordoba.org\/index.php?rest_route=\/wp\/v2\/posts\/48735","targetHints":{"allow":["GET"]}}],"collection":[{"href":"https:\/\/atecordoba.org\/index.php?rest_route=\/wp\/v2\/posts"}],"about":[{"href":"https:\/\/atecordoba.org\/index.php?rest_route=\/wp\/v2\/types\/post"}],"author":[{"embeddable":true,"href":"https:\/\/atecordoba.org\/index.php?rest_route=\/wp\/v2\/users\/7"}],"replies":[{"embeddable":true,"href":"https:\/\/atecordoba.org\/index.php?rest_route=%2Fwp%2Fv2%2Fcomments&post=48735"}],"version-history":[{"count":1,"href":"https:\/\/atecordoba.org\/index.php?rest_route=\/wp\/v2\/posts\/48735\/revisions"}],"predecessor-version":[{"id":48752,"href":"https:\/\/atecordoba.org\/index.php?rest_route=\/wp\/v2\/posts\/48735\/revisions\/48752"}],"wp:featuredmedia":[{"embeddable":true,"href":"https:\/\/atecordoba.org\/index.php?rest_route=\/wp\/v2\/media\/48736"}],"wp:attachment":[{"href":"https:\/\/atecordoba.org\/index.php?rest_route=%2Fwp%2Fv2%2Fmedia&parent=48735"}],"wp:term":[{"taxonomy":"category","embeddable":true,"href":"https:\/\/atecordoba.org\/index.php?rest_route=%2Fwp%2Fv2%2Fcategories&post=48735"},{"taxonomy":"post_tag","embeddable":true,"href":"https:\/\/atecordoba.org\/index.php?rest_route=%2Fwp%2Fv2%2Ftags&post=48735"}],"curies":[{"name":"wp","href":"https:\/\/api.w.org\/{rel}","templated":true}]}}