{"id":48730,"date":"2025-05-19T14:44:06","date_gmt":"2025-05-19T17:44:06","guid":{"rendered":"https:\/\/atecordoba.org\/?p=48730"},"modified":"2025-05-19T14:44:06","modified_gmt":"2025-05-19T17:44:06","slug":"ate-cordoba-adhiere-al-homenaje-a-las-presas-politicas-fugadas-de-la-carcel-del-buen-pastor","status":"publish","type":"post","link":"https:\/\/atecordoba.org\/?p=48730","title":{"rendered":"ATE C\u00f3rdoba adhiere al homenaje a las presas pol\u00edticas fugadas de la c\u00e1rcel del buen Pastor"},"content":{"rendered":"<p><img loading=\"lazy\" decoding=\"async\" class=\"alignleft wp-image-48731 \" src=\"https:\/\/atecordoba.org\/wp-content\/uploads\/2025\/05\/WhatsApp-Image-2025-05-19-at-14.42.18.jpeg\" alt=\"\" width=\"442\" height=\"553\" srcset=\"https:\/\/atecordoba.org\/wp-content\/uploads\/2025\/05\/WhatsApp-Image-2025-05-19-at-14.42.18.jpeg 720w, https:\/\/atecordoba.org\/wp-content\/uploads\/2025\/05\/WhatsApp-Image-2025-05-19-at-14.42.18-240x300.jpeg 240w\" sizes=\"auto, (max-width: 442px) 100vw, 442px\" \/>El Consejo Directivo Provincial de ATE C\u00f3rdoba adhiere al homenaje que se realizar\u00e1 este s\u00e1bado 24 de mayo, desde las 15 hs, en el Paseo del Buen Pastor (C\u00f3rdoba), al cumplirse 50 a\u00f1os de la fuga de 26 presas pol\u00edticas del penal de mujeres.<\/p>\n<div>Con la firma del secretario General Federico Giuliani ATE se compromete a ser parte de una jornada hist\u00f3rica para rendir homenaje, recuperar la memoria y reafirmar el compromiso con las luchas del presente.<\/div>\n<div>\n<p>La fuga no fue solo una acci\u00f3n audaz: fue una decisi\u00f3n pol\u00edtica y colectiva de las organizaciones revolucionarias PRT-ERP, FAL y Montoneros para seguir luchando en plena C\u00f3rdoba sitiada por el terrorismo de Estado desde 1975. Un plan tejido desde adentro y desde afuera.<\/p>\n<p>Una victoria de la solidaridad, del coraje y de la organizaci\u00f3n militante. Una grieta en los muros del encierro, el miedo y la represi\u00f3n. Una ventana a la dignidad que nos sigue impulsando.<\/p>\n<p>Hoy, ese mismo espacio donde intentaron tapar la historia con cemento y consumo, la memoria resiste: en las baldosas, en los rostros de las compa\u00f1eras desaparecidas en las columnas, en la vieja reja rescatada del olvido, en las luchas que siguen.<\/p>\n<p>De las 26 compa\u00f1eras que protagonizaron la fuga, 9 siguen desaparecidas. Las persiguieron por sus ideas, por romper con los mandatos patriarcales, por luchar por un mundo justo. Por eso este mes de mayo, las recordamos, las nombramos, y levantamos sus banderas en el presente.<\/p>\n<p>Desde la Colectiva por la Fuga, invitamos a ser parte de todas las actividades que conforman este gran homenaje, una agenda que combina arte, cuerpo, palabra y militancia para homenajear esta victoria colectiva.<\/p>\n<p><strong>LA FUGA: Agenda de actividades<\/strong><\/p>\n<p>S\u00e1bado 24 desde las 15 h :::: Paseo del Buen Pastor &#8211; Jornada homenaje a 50 a\u00f1os de la fuga de presas pol\u00edticas de la c\u00e1rcel del Buen Pastor.<\/p>\n<p>Viernes 30 a las 15 hs \u00a0Casa Pueblo G\u00fcemes &#8211; Proyecci\u00f3n de la pel\u00edcula \u201cLas brujas del Cordobazo\u201d. Pje Revol, casa 52,\u00a0 barrio G\u00fcemes (frente al Paseo de las Artes). Organizan: Casa Pueblo G\u00fcemes, Archivo Hist\u00f3rico Municipal (Municipalidad de C\u00f3rdoba\u00a0 -Trabajadores), Escuela Nicol\u00e1s Lobos Porto, G\u00fcemes, participan y co organizan &#8220;Luchadoras del Cordobazo&#8221;.<\/p>\n<p>S\u00e1bado 31 a las 19 hrs :::: Casa de la Memoria \u201cImprenta del Pueblo Roberto Matthews\u201d &#8211;\u00a0 Obra de teatro \u201cLas 26\u201d. Fructuoso Rivera 1035, barrio Observatorio.<\/p>\n<\/div>\n<div><\/div>\n","protected":false},"excerpt":{"rendered":"<p>El Consejo Directivo Provincial de ATE C\u00f3rdoba adhiere al homenaje que se realizar\u00e1 este s\u00e1bado 24 de mayo, desde las 15 hs, en el Paseo del Buen Pastor (C\u00f3rdoba), al cumplirse 50 a\u00f1os de la fuga de 26 presas pol\u00edticas del penal de mujeres. Con la firma del secretario General Federico Giuliani ATE se compromete [&hellip;]<\/p>\n","protected":false},"author":7,"featured_media":48732,"comment_status":"open","ping_status":"open","sticky":false,"template":"","format":"standard","meta":{"_exactmetrics_skip_tracking":false,"_exactmetrics_sitenote_active":false,"_exactmetrics_sitenote_note":"","_exactmetrics_sitenote_category":0,"jnews-multi-image_gallery":[],"jnews_single_post":{"format":"standard","override":[{"template":"1","parallax":"1","fullscreen":"1","layout":"no-sidebar-narrow","sidebar":"default-sidebar","second_sidebar":"default-sidebar","sticky_sidebar":"1","share_position":"bottom","share_float_style":"share-monocrhome","show_share_counter":"1","show_view_counter":"1","show_post_meta":"1","show_post_author_image":"1","show_post_date":"1","post_date_format":"default","post_date_format_custom":"Y\/m\/d","show_post_category":"1","show_post_reading_time":"0","post_reading_time_wpm":"300","post_calculate_word_method":"str_word_count","show_zoom_button":"0","zoom_button_out_step":"2","zoom_button_in_step":"3","show_post_tag":"1","number_popup_post":"1","show_post_related":"1","show_inline_post_related":"0"}],"image_override":[{"single_post_thumbnail_size":"crop-500","single_post_gallery_size":"crop-500"}],"trending_post_position":"meta","trending_post_label":"Trending","sponsored_post_label":"Sponsored by","disable_ad":"0"},"jnews_primary_category":[],"jnews_social_meta":[],"jnews_review":[],"enable_review":"","type":"percentage","name":"","summary":"","brand":"","sku":"","good":[],"bad":[],"score_override":"","override_value":"","rating":[],"price":[],"jnews_override_counter":{"view_counter_number":"0","share_counter_number":"0","like_counter_number":"0","dislike_counter_number":"0"},"jnews_post_split":{"post_split":[{"template":"1","tag":"h2","numbering":"asc","mode":"normal","first":"0","enable_toc":"0","toc_type":"normal"}]},"footnotes":""},"categories":[10],"tags":[],"class_list":["post-48730","post","type-post","status-publish","format-standard","has-post-thumbnail","hentry","category-accion-politica"],"jetpack_featured_media_url":"https:\/\/atecordoba.org\/wp-content\/uploads\/2025\/05\/WhatsApp-Image-2025-05-19-at-14.42.18-1.jpeg","_links":{"self":[{"href":"https:\/\/atecordoba.org\/index.php?rest_route=\/wp\/v2\/posts\/48730","targetHints":{"allow":["GET"]}}],"collection":[{"href":"https:\/\/atecordoba.org\/index.php?rest_route=\/wp\/v2\/posts"}],"about":[{"href":"https:\/\/atecordoba.org\/index.php?rest_route=\/wp\/v2\/types\/post"}],"author":[{"embeddable":true,"href":"https:\/\/atecordoba.org\/index.php?rest_route=\/wp\/v2\/users\/7"}],"replies":[{"embeddable":true,"href":"https:\/\/atecordoba.org\/index.php?rest_route=%2Fwp%2Fv2%2Fcomments&post=48730"}],"version-history":[{"count":1,"href":"https:\/\/atecordoba.org\/index.php?rest_route=\/wp\/v2\/posts\/48730\/revisions"}],"predecessor-version":[{"id":48733,"href":"https:\/\/atecordoba.org\/index.php?rest_route=\/wp\/v2\/posts\/48730\/revisions\/48733"}],"wp:featuredmedia":[{"embeddable":true,"href":"https:\/\/atecordoba.org\/index.php?rest_route=\/wp\/v2\/media\/48732"}],"wp:attachment":[{"href":"https:\/\/atecordoba.org\/index.php?rest_route=%2Fwp%2Fv2%2Fmedia&parent=48730"}],"wp:term":[{"taxonomy":"category","embeddable":true,"href":"https:\/\/atecordoba.org\/index.php?rest_route=%2Fwp%2Fv2%2Fcategories&post=48730"},{"taxonomy":"post_tag","embeddable":true,"href":"https:\/\/atecordoba.org\/index.php?rest_route=%2Fwp%2Fv2%2Ftags&post=48730"}],"curies":[{"name":"wp","href":"https:\/\/api.w.org\/{rel}","templated":true}]}}