{"id":48722,"date":"2025-05-19T10:45:34","date_gmt":"2025-05-19T13:45:34","guid":{"rendered":"https:\/\/atecordoba.org\/?p=48722"},"modified":"2025-05-19T10:49:41","modified_gmt":"2025-05-19T13:49:41","slug":"a-traves-de-una-medida-cautelar-la-justicia-federal-ordena-a-pami-cubrir-el-100-de-medicamentos-en-cordoba","status":"publish","type":"post","link":"https:\/\/atecordoba.org\/?p=48722","title":{"rendered":"A trav\u00e9s de una medida cautelar, la Justicia Federal ordena a PAMI cubrir el 100% de medicamentos en C\u00f3rdoba"},"content":{"rendered":"<p><img loading=\"lazy\" decoding=\"async\" class=\"aligncenter wp-image-48723 \" src=\"https:\/\/atecordoba.org\/wp-content\/uploads\/2025\/05\/pami-FACHADA.jpg\" alt=\"\" width=\"609\" height=\"406\" \/>La decisi\u00f3n fue tomada por el Juzgado Federal N\u00b02 de Mendoza a cargo del Dr. Pablo Oscar Quir\u00f3s el pasado viernes, al hacer lugar a una <a href=\"\/Usuario\/Downloads\/Resoluci%C3%B3n%20del%2016.5.25%20cautelar%20Pcia%20Cba.pdf\">medida cautelar<\/a> solicitada en diciembre pasado por diversos organismos integrados en la Mesa de Trabajo por los Derechos Humanos de C\u00f3rdoba<\/p>\n<p>Seg\u00fan inform\u00f3 el organismo de DDHH, que promovi\u00f3 la acci\u00f3n de amparo, cont\u00f3 con el patrocinio de los abogados cordobeses Mabel Edith Sessa y Carlos Hugo Vicente. En este caso con la firma y acompa\u00f1amiento de la Asamblea Permanente por los Derechos Humanos (APDH), la Asociaci\u00f3n Civil de Familiares de Desaparecidos y Detenidos por Razones Pol\u00edticas de C\u00f3rdoba; la Asociaci\u00f3n civil Foro Solidario C\u00f3rdoba y la Uni\u00f3n Obrera Gr\u00e1fica Cordobesa.<\/p>\n<p>Adem\u00e1s, sumaron su presentaci\u00f3n los afiliados al PAMI Gustavo Ignacio Tissera, N\u00e9stor Edgardo Anglada, Roberto Ernesto Chiavassa, Alcira Steinmetz y Alicia Beatriz Acin. Adem\u00e1s tambi\u00e9n copresidentes de la APDH Regional C\u00f3rdoba, y el aporte cient\u00edfico del Prof. Dr. Oscar Atienza.<\/p>\n<p>Este pedido surgi\u00f3 a partir de la medida tomada por el Gobierno Nacional de recortar el acceso a la medicaci\u00f3n gratuita para los afiliados al PAMI, que representa una grave vulneraci\u00f3n de un derecho b\u00e1sico fundamental como es el acceso a la salud para una gran parte de la poblaci\u00f3n.<\/p>\n<p>Fue ante este escenario que la Mesa de Trabajo por los Derechos Humanos de C\u00f3rdoba solicit\u00f3 que se garantizara la continuidad de las prestaciones y coberturas de medicamentos a los afiliados y afiliadas al PAMI, y se declare la inconstitucionalidad y nulidad de la normativa que la recorta (Resoluci\u00f3n 2024-2431 INSSJP-DE#INSSJP de fecha 22\/08\/2024 emitida por PAMI).<\/p>\n<p><strong>Por qu\u00e9 Mendoza<\/strong><\/p>\n<p>\u201cLuego de una gran cantidad de demoras en la Justicia Federal de C\u00f3rdoba, en marzo, nuestra solicitud de amparo fue remitida, incorporada y vinculada al expediente FMZ 27196\/202, (JUBYPEN MENDOZA (ASOCIACI\u00d3N DE JUBILADOS y PENSIONADOS DE MENDOZA) y otros c\/ INSSJP &#8211; PAMI s\/ Amparo Colectivo) que adem\u00e1s vincul\u00f3 amparos colectivos id\u00e9nticos, integrando la causa amparos de Mendoza, Tucum\u00e1n, Salta y C\u00f3rdoba, entre otros\u201d, explic\u00f3 el comunicado respecto a por qu\u00e9 la medida cautelar tomada por el juez federal a pesar de ser presentada originalmente en nuestra provincia.<\/p>\n<p>Finalmente, la Justicia Federal decidi\u00f3 hacer extensiva la medida cautelar y orden\u00f3 al PAMI que se anule la decisi\u00f3n de no cubrir el acceso a medicamentos y de todas las resoluciones, disposiciones complementarias, modificatorias y reglamentarias de la misma o las que en el futuro pongan en riesgo la cobertura m\u00e9dica de los jubilados, jubiladas y pensionados y pensionadas afiliados a dicha entidad.<\/p>\n<p>Adem\u00e1s, exige que el PAMI haga p\u00fablica esta decisi\u00f3n en los medios de comunicaci\u00f3n provinciales digitales de circulaci\u00f3n masiva de C\u00f3rdoba para que sus afiliados tomen efectivo conocimiento. Asimismo, ordena que la cautelar comience a regir las 48 horas siguientes.<\/p>\n<p><strong>Garantizar derechos<\/strong><\/p>\n<p>\u201cDesde la Mesa de Trabajo por los DDHH C\u00f3rdoba, que integran organizaciones con amplia trayectoria en defensa de los derechos humanos, celebramos la decisi\u00f3n judicial como un paso fundamental para frenar el retroceso en materia de derechos, que implican las pol\u00edticas desaprensivas y de ajuste del gobierno nacional, que afectan los derechos m\u00e1s elementales como es la salud y la vida\u201d, se\u00f1ala el organismo de DDHH.<\/p>\n<p>La gente mayor, por su condici\u00f3n de tal, merece una protecci\u00f3n especial, la que a su vez debe ser inmediata y actual (urgente); el acceso a la salud integral es un derecho humano consagrado en nuestra constituci\u00f3n, leyes especiales y en los tratados internacionales. Este fallo es una respuesta contundente en protecci\u00f3n de esos derechos.<\/p>\n<p>\u201cPor otra parte, este precedente judicial refuerza la esperanza de que los derechos adquiridos por el pueblo argentino a trav\u00e9s de tantas luchas y sacrificios sigan siendo protegidos ante embestidas estatales regresivas. La lucha contin\u00faa en cada espacio donde se defienda la vida, la salud y la dignidad de las personas, en especial de nuestros adultos mayores\u201d, concluye el comunicado.<\/p>\n<p>&nbsp;<\/p>\n","protected":false},"excerpt":{"rendered":"<p>La decisi\u00f3n fue tomada por el Juzgado Federal N\u00b02 de Mendoza a cargo del Dr. Pablo Oscar Quir\u00f3s el pasado viernes, al hacer lugar a una medida cautelar solicitada en diciembre pasado por diversos organismos integrados en la Mesa de Trabajo por los Derechos Humanos de C\u00f3rdoba Seg\u00fan inform\u00f3 el organismo de DDHH, que promovi\u00f3 [&hellip;]<\/p>\n","protected":false},"author":7,"featured_media":48723,"comment_status":"open","ping_status":"open","sticky":false,"template":"","format":"standard","meta":{"_exactmetrics_skip_tracking":false,"_exactmetrics_sitenote_active":false,"_exactmetrics_sitenote_note":"","_exactmetrics_sitenote_category":0,"jnews-multi-image_gallery":[],"jnews_single_post":{"format":"standard","override":[{"template":"1","parallax":"1","fullscreen":"1","layout":"no-sidebar-narrow","sidebar":"default-sidebar","second_sidebar":"default-sidebar","sticky_sidebar":"1","share_position":"bottom","share_float_style":"share-monocrhome","show_share_counter":"1","show_view_counter":"1","show_post_meta":"1","show_post_author_image":"1","show_post_date":"1","post_date_format":"default","post_date_format_custom":"Y\/m\/d","show_post_category":"1","show_post_reading_time":"0","post_reading_time_wpm":"300","post_calculate_word_method":"str_word_count","show_zoom_button":"0","zoom_button_out_step":"2","zoom_button_in_step":"3","show_post_tag":"1","number_popup_post":"1","show_post_related":"1","show_inline_post_related":"0"}],"image_override":[{"single_post_thumbnail_size":"crop-500","single_post_gallery_size":"crop-500"}],"trending_post_position":"meta","trending_post_label":"Trending","sponsored_post_label":"Sponsored by","disable_ad":"0"},"jnews_primary_category":[],"jnews_social_meta":[],"jnews_review":[],"enable_review":"","type":"percentage","name":"","summary":"","brand":"","sku":"","good":[],"bad":[],"score_override":"","override_value":"","rating":[],"price":[],"jnews_override_counter":{"view_counter_number":"0","share_counter_number":"0","like_counter_number":"0","dislike_counter_number":"0"},"jnews_post_split":{"post_split":[{"template":"1","tag":"h2","numbering":"asc","mode":"normal","first":"0","enable_toc":"0","toc_type":"normal"}]},"footnotes":""},"categories":[10],"tags":[57],"class_list":["post-48722","post","type-post","status-publish","format-standard","has-post-thumbnail","hentry","category-accion-politica","tag-pami"],"jetpack_featured_media_url":"https:\/\/atecordoba.org\/wp-content\/uploads\/2025\/05\/pami-FACHADA-e1747662274236.jpg","_links":{"self":[{"href":"https:\/\/atecordoba.org\/index.php?rest_route=\/wp\/v2\/posts\/48722","targetHints":{"allow":["GET"]}}],"collection":[{"href":"https:\/\/atecordoba.org\/index.php?rest_route=\/wp\/v2\/posts"}],"about":[{"href":"https:\/\/atecordoba.org\/index.php?rest_route=\/wp\/v2\/types\/post"}],"author":[{"embeddable":true,"href":"https:\/\/atecordoba.org\/index.php?rest_route=\/wp\/v2\/users\/7"}],"replies":[{"embeddable":true,"href":"https:\/\/atecordoba.org\/index.php?rest_route=%2Fwp%2Fv2%2Fcomments&post=48722"}],"version-history":[{"count":4,"href":"https:\/\/atecordoba.org\/index.php?rest_route=\/wp\/v2\/posts\/48722\/revisions"}],"predecessor-version":[{"id":48728,"href":"https:\/\/atecordoba.org\/index.php?rest_route=\/wp\/v2\/posts\/48722\/revisions\/48728"}],"wp:featuredmedia":[{"embeddable":true,"href":"https:\/\/atecordoba.org\/index.php?rest_route=\/wp\/v2\/media\/48723"}],"wp:attachment":[{"href":"https:\/\/atecordoba.org\/index.php?rest_route=%2Fwp%2Fv2%2Fmedia&parent=48722"}],"wp:term":[{"taxonomy":"category","embeddable":true,"href":"https:\/\/atecordoba.org\/index.php?rest_route=%2Fwp%2Fv2%2Fcategories&post=48722"},{"taxonomy":"post_tag","embeddable":true,"href":"https:\/\/atecordoba.org\/index.php?rest_route=%2Fwp%2Fv2%2Ftags&post=48722"}],"curies":[{"name":"wp","href":"https:\/\/api.w.org\/{rel}","templated":true}]}}