{"id":48714,"date":"2025-05-19T09:41:05","date_gmt":"2025-05-19T12:41:05","guid":{"rendered":"https:\/\/atecordoba.org\/?p=48714"},"modified":"2025-05-19T09:43:10","modified_gmt":"2025-05-19T12:43:10","slug":"aguiar-y-giuliani-en-el-plenario-nacional-de-aceiteros","status":"publish","type":"post","link":"https:\/\/atecordoba.org\/?p=48714","title":{"rendered":"Aguiar y Giuliani en el Plenario Nacional de Aceiteros"},"content":{"rendered":"<p><img loading=\"lazy\" decoding=\"async\" class=\"aligncenter wp-image-48715 \" src=\"https:\/\/atecordoba.org\/wp-content\/uploads\/2025\/05\/497748005_18458519611072689_2037992477771828488_n.jpg\" alt=\"\" width=\"611\" height=\"585\" \/>El Secretario General de ATE y la CTA Aut\u00f3noma C\u00f3rdoba, Federico Giuliani, estuvo presente la semana pasada en el Plenario Nacional de Delegados y Delegadas de la Federaci\u00f3n de Aceiteros y Desmotadores en la Capital Federal, junto a su Secretario General, Daniel Yofra y al Secretario General de ATE Nacional, Rodolfo Aguiar, en el camino a construir el sindicalismo que viene, promoviendo la unidad de los que luchan y no se resignan a combatir de manera declarativa la barbarie mile\u00edsta.<\/p>\n<p class=\"entry-title\">\u201cEstamos avanzando en la conformaci\u00f3n de un Frente Sindical de gremios combativos para enfrentar al Gobierno. Est\u00e1n convocados todos los que est\u00e1n dispuestos a luchar contra el Gobierno de Javier Milei, m\u00e1s all\u00e1 de a qu\u00e9 central de trabajadores pertenezcan\u201d, se\u00f1al\u00f3 Giuliani.<\/p>\n<p>Durante dos jornadas, la Federaci\u00f3n de Aceiteros y Desmotadores de la Argentina llev\u00f3 adelante su 14 Plenario Nacional de Delegados de Base con la participaci\u00f3n de destacados referentes del sindicalismo, periodistas, economistas y abogados laboralistas.<img loading=\"lazy\" decoding=\"async\" class=\"aligncenter wp-image-48716 \" src=\"https:\/\/atecordoba.org\/wp-content\/uploads\/2025\/05\/20250514-Plenario-Aceiteros-1-1024x683.webp\" alt=\"\" width=\"614\" height=\"409\" srcset=\"https:\/\/atecordoba.org\/wp-content\/uploads\/2025\/05\/20250514-Plenario-Aceiteros-1-1024x683.webp 1024w, https:\/\/atecordoba.org\/wp-content\/uploads\/2025\/05\/20250514-Plenario-Aceiteros-1-300x200.webp 300w, https:\/\/atecordoba.org\/wp-content\/uploads\/2025\/05\/20250514-Plenario-Aceiteros-1-768x512.webp 768w, https:\/\/atecordoba.org\/wp-content\/uploads\/2025\/05\/20250514-Plenario-Aceiteros-1-750x500.webp 750w, https:\/\/atecordoba.org\/wp-content\/uploads\/2025\/05\/20250514-Plenario-Aceiteros-1-1140x760.webp 1140w, https:\/\/atecordoba.org\/wp-content\/uploads\/2025\/05\/20250514-Plenario-Aceiteros-1.webp 1536w\" sizes=\"auto, (max-width: 614px) 100vw, 614px\" \/><\/p>\n<p>La comitiva estatal cordobesa estuvo integrada por la secretaria de Prensa de ATE C\u00f3rdoba y vocal nacional, Julia Giuliani, y los secretarios generales de las seccionales Adelia Mar\u00eda Y Cruz del Eje, Diego Villegas y Juan Pablo Pozzi.<\/p>\n<p>El panel de cierre cont\u00f3 con la participaci\u00f3n del Secretario General de ATE, Rodolfo Aguiar, quien junto a Daniel Yofra Secretario General de la organizaci\u00f3n convocante, hablaron sobre la situaci\u00f3n de los trabajadores frente al ataque neoliberal.<\/p>\n<p>La mesa, que se complet\u00f3 con Domingo Moreyra (Ceramistas) y Juan Carlos Schmid (Dragado y Balizamiento), estuvo moderada por el abogado laboralista Carlos Zamboni Siri.<\/p>\n<p>Bajo un clima de fervorosa m\u00edstica obrera, los paneles se repartieron durante este martes y mi\u00e9rcoles en las instalaciones del Club Espa\u00f1ol, ubicado en calle Bernardo de Irigoyen 172 de la Ciudad Aut\u00f3noma de Buenos Aires.<\/p>\n<p>Sobre el final de Plenario y en referencia a la situaci\u00f3n laboral de los asalariados,\u00a0Daniel Yofra\u00a0se\u00f1al\u00f3: \u201cLos \u00fanicos que vamos a poder solucionar los problemas de los trabajadores somos los trabajadores, con marchas, huelgas, teniendo empat\u00eda y solidaridad con el resto de la clase obrera. No va a haber un mes\u00edas pol\u00edtico que venga a salvarnos\u201d, argumentando que durante los \u00faltimos gobiernos nacionales de distinto color pol\u00edtico hubo topes salariales y presiones de todo tipo.<img loading=\"lazy\" decoding=\"async\" class=\"aligncenter wp-image-48717 \" src=\"https:\/\/atecordoba.org\/wp-content\/uploads\/2025\/05\/20250514-Plenario-Aceiteros-2.webp\" alt=\"\" width=\"614\" height=\"409\" srcset=\"https:\/\/atecordoba.org\/wp-content\/uploads\/2025\/05\/20250514-Plenario-Aceiteros-2.webp 768w, https:\/\/atecordoba.org\/wp-content\/uploads\/2025\/05\/20250514-Plenario-Aceiteros-2-300x200.webp 300w, https:\/\/atecordoba.org\/wp-content\/uploads\/2025\/05\/20250514-Plenario-Aceiteros-2-750x500.webp 750w\" sizes=\"auto, (max-width: 614px) 100vw, 614px\" \/><\/p>\n<p>Por su parte,\u00a0Rodolfo Aguiar\u00a0abri\u00f3 su alocuci\u00f3n reconociendo el poder\u00edo de la Federaci\u00f3n de Aceiteros: \u201cEl poder de un sindicato, de una federaci\u00f3n o de una central obrera no est\u00e1 en su sede en Buenos Aires, el poder no est\u00e1 en sus bienes, el poder siempre est\u00e1 en su gente. Est\u00e1 en sus delegadas y delegados, en sus dirigentes\u201d y complet\u00f3: \u201cNos aplauden nuestros jefes o nos aplauden nuestros compa\u00f1eros, pero los dos a la vez no nos pueden aplaudir. Es hora de volver a discutir y poner en debate el modelo sindical en la Argentina, sobre todo de muchos sindicalistas que creen que pueden cosechar ambos aplausos.\u201d<\/p>\n<p>\u201cNos toc\u00f3 el desaf\u00edo m\u00e1s importante de la democracia, que es tener un gobierno enfrente que lleg\u00f3 con el programa econ\u00f3mico de la \u00faltima dictadura c\u00edvico militar debajo del brazo y que vino a quitarnos todos los derechos, no solo a los trabajadores y jubilados, como algunos piensan, nos vino a quitar los derechos de todo el pueblo, derechos fundamentales, a destruir puestos de empleo\u201d, analiz\u00f3 el dirigente estatal.<\/p>\n<p><img loading=\"lazy\" decoding=\"async\" class=\"wp-image-48718 size-full alignnone\" src=\"https:\/\/atecordoba.org\/wp-content\/uploads\/2025\/05\/498145128_18403695823096068_961473137028773020_n-300x200-1.jpg\" alt=\"\" width=\"300\" height=\"200\" \/> <img loading=\"lazy\" decoding=\"async\" class=\"size-medium wp-image-48719 alignright\" src=\"https:\/\/atecordoba.org\/wp-content\/uploads\/2025\/05\/pepe-300x200-1.jpg\" alt=\"\" width=\"300\" height=\"200\" \/><\/p>\n<div class=\"elementor-element elementor-element-4aa6d48 elementor-widget elementor-widget-theme-post-content\" data-id=\"4aa6d48\" data-element_type=\"widget\" data-widget_type=\"theme-post-content.default\">\n<div class=\"elementor-widget-container\">\n<p>Y sentenci\u00f3: \u201cFrente a los intentos de infundir miedo y temor, frente a los intentos de disciplinar; ac\u00e1 est\u00e1n los hombres y las mujeres que, cuando muchos especularon, que cuando otros no se animaron, desde el primer d\u00eda que asum\u00eda el presidente Milei, salieron a la calle a plantear huelgas y manifestaciones para plantear que los ten\u00edamos que confrontar y que el camino no era dialogar\u201d.<\/p>\n<p>El espacio fue un verdadero \u00e1mbito de formaci\u00f3n, ya que m\u00e1s temprano hubo una mesa que debati\u00f3 bajo el t\u00f3pico \u00abDeuda Externa y pol\u00edtica de ingresos\u00bb integrada por el periodista Alejandro Bercovich, el abogado laboralista Carlos Zamboni Siriy el economista Sergio Arelovich. A lo largo de los dos d\u00edas m\u00e1s de 25 expositores presentaron sus ideas en siete paneles, destac\u00e1ndose la presencia del abogado laboralista y presidente de ALAL, Mat\u00edas Cremonte y de la historiadora Victoria Basualdo, por ejemplo.<\/p>\n<\/div>\n<\/div>\n<div class=\"addtoany_share_save_container addtoany_content addtoany_content_bottom\"><\/div>\n","protected":false},"excerpt":{"rendered":"<p>El Secretario General de ATE y la CTA Aut\u00f3noma C\u00f3rdoba, Federico Giuliani, estuvo presente la semana pasada en el Plenario Nacional de Delegados y Delegadas de la Federaci\u00f3n de Aceiteros y Desmotadores en la Capital Federal, junto a su Secretario General, Daniel Yofra y al Secretario General de ATE Nacional, Rodolfo Aguiar, en el camino [&hellip;]<\/p>\n","protected":false},"author":7,"featured_media":48715,"comment_status":"open","ping_status":"open","sticky":false,"template":"","format":"standard","meta":{"_exactmetrics_skip_tracking":false,"_exactmetrics_sitenote_active":false,"_exactmetrics_sitenote_note":"","_exactmetrics_sitenote_category":0,"jnews-multi-image_gallery":[],"jnews_single_post":{"format":"standard","override":[{"template":"1","parallax":"1","fullscreen":"1","layout":"no-sidebar-narrow","sidebar":"default-sidebar","second_sidebar":"default-sidebar","sticky_sidebar":"1","share_position":"bottom","share_float_style":"share-monocrhome","show_share_counter":"1","show_view_counter":"1","show_post_meta":"1","show_post_author_image":"1","show_post_date":"1","post_date_format":"default","post_date_format_custom":"Y\/m\/d","show_post_category":"1","show_post_reading_time":"0","post_reading_time_wpm":"300","post_calculate_word_method":"str_word_count","show_zoom_button":"0","zoom_button_out_step":"2","zoom_button_in_step":"3","show_post_tag":"1","number_popup_post":"1","show_post_related":"1","show_inline_post_related":"0"}],"image_override":[{"single_post_thumbnail_size":"crop-500","single_post_gallery_size":"crop-500"}],"trending_post_position":"meta","trending_post_label":"Trending","sponsored_post_label":"Sponsored by","disable_ad":"0"},"jnews_primary_category":[],"jnews_social_meta":[],"jnews_review":[],"enable_review":"","type":"percentage","name":"","summary":"","brand":"","sku":"","good":[],"bad":[],"score_override":"","override_value":"","rating":[],"price":[],"jnews_override_counter":{"view_counter_number":"0","share_counter_number":"0","like_counter_number":"0","dislike_counter_number":"0"},"jnews_post_split":{"post_split":[{"template":"1","tag":"h2","numbering":"asc","mode":"normal","first":"0","enable_toc":"0","toc_type":"normal"}]},"footnotes":""},"categories":[10],"tags":[981],"class_list":["post-48714","post","type-post","status-publish","format-standard","has-post-thumbnail","hentry","category-accion-politica","tag-aceiteros"],"jetpack_featured_media_url":"https:\/\/atecordoba.org\/wp-content\/uploads\/2025\/05\/497748005_18458519611072689_2037992477771828488_n-e1747658581933.jpg","_links":{"self":[{"href":"https:\/\/atecordoba.org\/index.php?rest_route=\/wp\/v2\/posts\/48714","targetHints":{"allow":["GET"]}}],"collection":[{"href":"https:\/\/atecordoba.org\/index.php?rest_route=\/wp\/v2\/posts"}],"about":[{"href":"https:\/\/atecordoba.org\/index.php?rest_route=\/wp\/v2\/types\/post"}],"author":[{"embeddable":true,"href":"https:\/\/atecordoba.org\/index.php?rest_route=\/wp\/v2\/users\/7"}],"replies":[{"embeddable":true,"href":"https:\/\/atecordoba.org\/index.php?rest_route=%2Fwp%2Fv2%2Fcomments&post=48714"}],"version-history":[{"count":1,"href":"https:\/\/atecordoba.org\/index.php?rest_route=\/wp\/v2\/posts\/48714\/revisions"}],"predecessor-version":[{"id":48720,"href":"https:\/\/atecordoba.org\/index.php?rest_route=\/wp\/v2\/posts\/48714\/revisions\/48720"}],"wp:featuredmedia":[{"embeddable":true,"href":"https:\/\/atecordoba.org\/index.php?rest_route=\/wp\/v2\/media\/48715"}],"wp:attachment":[{"href":"https:\/\/atecordoba.org\/index.php?rest_route=%2Fwp%2Fv2%2Fmedia&parent=48714"}],"wp:term":[{"taxonomy":"category","embeddable":true,"href":"https:\/\/atecordoba.org\/index.php?rest_route=%2Fwp%2Fv2%2Fcategories&post=48714"},{"taxonomy":"post_tag","embeddable":true,"href":"https:\/\/atecordoba.org\/index.php?rest_route=%2Fwp%2Fv2%2Ftags&post=48714"}],"curies":[{"name":"wp","href":"https:\/\/api.w.org\/{rel}","templated":true}]}}