{"id":48703,"date":"2025-05-16T15:08:26","date_gmt":"2025-05-16T18:08:26","guid":{"rendered":"https:\/\/atecordoba.org\/?p=48703"},"modified":"2025-05-16T15:08:26","modified_gmt":"2025-05-16T18:08:26","slug":"ate-realizo-ayer-un-paro-de-actividades-en-dioxitek-en-reclamo-de-aumento-salarial","status":"publish","type":"post","link":"https:\/\/atecordoba.org\/?p=48703","title":{"rendered":"ATE realiz\u00f3 ayer un paro de actividades en Dioxitek en reclamo de aumento salarial"},"content":{"rendered":"<p><img loading=\"lazy\" decoding=\"async\" class=\"aligncenter wp-image-48696 \" src=\"https:\/\/atecordoba.org\/wp-content\/uploads\/2025\/05\/logo-dioxitek-1024x987.jpeg\" alt=\"\" width=\"489\" height=\"471\" srcset=\"https:\/\/atecordoba.org\/wp-content\/uploads\/2025\/05\/logo-dioxitek-1024x987.jpeg 1024w, https:\/\/atecordoba.org\/wp-content\/uploads\/2025\/05\/logo-dioxitek-300x289.jpeg 300w, https:\/\/atecordoba.org\/wp-content\/uploads\/2025\/05\/logo-dioxitek-768x740.jpeg 768w, https:\/\/atecordoba.org\/wp-content\/uploads\/2025\/05\/logo-dioxitek-750x723.jpeg 750w, https:\/\/atecordoba.org\/wp-content\/uploads\/2025\/05\/logo-dioxitek.jpeg 1080w\" sizes=\"auto, (max-width: 489px) 100vw, 489px\" \/>Los trabajadores de Dioxitek C\u00f3rdoba realizaron ayer jueves 15 de mayo un paro general con asambleas de personal.<\/p>\n<p>En la oportunidad se resolvi\u00f3 por unanimidad:<\/p>\n<ul>\n<li>Rechazar la propuesta de la empresa por ser totalmente insuficiente.<\/li>\n<li>Exigir una urgente recomposici\u00f3n salarial.<\/li>\n<li>Demandar la recategorizaci\u00f3n inmediata de todo el personal bajo curva B.<\/li>\n<li>Denunciar el incumplimiento de los deberes de funcionario p\u00fablico por parte de la conducci\u00f3n.<\/li>\n<\/ul>\n<p>\u00a1Basta de amenazas y falta de respuestas!<br \/>\n\u00a1Exigimos soluciones concretas y respeto a nuestros derechos laborales!<\/p>\n<p>&nbsp;<\/p>\n","protected":false},"excerpt":{"rendered":"<p>Los trabajadores de Dioxitek C\u00f3rdoba realizaron ayer jueves 15 de mayo un paro general con asambleas de personal. En la oportunidad se resolvi\u00f3 por unanimidad: Rechazar la propuesta de la empresa por ser totalmente insuficiente. Exigir una urgente recomposici\u00f3n salarial. Demandar la recategorizaci\u00f3n inmediata de todo el personal bajo curva B. Denunciar el incumplimiento de [&hellip;]<\/p>\n","protected":false},"author":7,"featured_media":48704,"comment_status":"open","ping_status":"open","sticky":false,"template":"","format":"standard","meta":{"_exactmetrics_skip_tracking":false,"_exactmetrics_sitenote_active":false,"_exactmetrics_sitenote_note":"","_exactmetrics_sitenote_category":0,"jnews-multi-image_gallery":[],"jnews_single_post":{"format":"standard","override":[{"template":"1","parallax":"1","fullscreen":"1","layout":"no-sidebar-narrow","sidebar":"default-sidebar","second_sidebar":"default-sidebar","sticky_sidebar":"1","share_position":"bottom","share_float_style":"share-monocrhome","show_share_counter":"1","show_view_counter":"1","show_post_meta":"1","show_post_author_image":"1","show_post_date":"1","post_date_format":"default","post_date_format_custom":"Y\/m\/d","show_post_category":"1","show_post_reading_time":"0","post_reading_time_wpm":"300","post_calculate_word_method":"str_word_count","show_zoom_button":"0","zoom_button_out_step":"2","zoom_button_in_step":"3","show_post_tag":"1","number_popup_post":"1","show_post_related":"1","show_inline_post_related":"0"}],"image_override":[{"single_post_thumbnail_size":"crop-500","single_post_gallery_size":"crop-500"}],"trending_post_position":"meta","trending_post_label":"Trending","sponsored_post_label":"Sponsored by","disable_ad":"0"},"jnews_primary_category":[],"jnews_social_meta":[],"jnews_review":[],"enable_review":"","type":"percentage","name":"","summary":"","brand":"","sku":"","good":[],"bad":[],"score_override":"","override_value":"","rating":[],"price":[],"jnews_override_counter":{"view_counter_number":"0","share_counter_number":"0","like_counter_number":"0","dislike_counter_number":"0"},"jnews_post_split":{"post_split":[{"template":"1","tag":"h2","numbering":"asc","mode":"normal","first":"0","enable_toc":"0","toc_type":"normal"}]},"footnotes":""},"categories":[18],"tags":[],"class_list":["post-48703","post","type-post","status-publish","format-standard","has-post-thumbnail","hentry","category-nacionales"],"jetpack_featured_media_url":"https:\/\/atecordoba.org\/wp-content\/uploads\/2025\/05\/WhatsApp-Image-2025-05-16-at-15.06.29.jpeg","_links":{"self":[{"href":"https:\/\/atecordoba.org\/index.php?rest_route=\/wp\/v2\/posts\/48703","targetHints":{"allow":["GET"]}}],"collection":[{"href":"https:\/\/atecordoba.org\/index.php?rest_route=\/wp\/v2\/posts"}],"about":[{"href":"https:\/\/atecordoba.org\/index.php?rest_route=\/wp\/v2\/types\/post"}],"author":[{"embeddable":true,"href":"https:\/\/atecordoba.org\/index.php?rest_route=\/wp\/v2\/users\/7"}],"replies":[{"embeddable":true,"href":"https:\/\/atecordoba.org\/index.php?rest_route=%2Fwp%2Fv2%2Fcomments&post=48703"}],"version-history":[{"count":1,"href":"https:\/\/atecordoba.org\/index.php?rest_route=\/wp\/v2\/posts\/48703\/revisions"}],"predecessor-version":[{"id":48705,"href":"https:\/\/atecordoba.org\/index.php?rest_route=\/wp\/v2\/posts\/48703\/revisions\/48705"}],"wp:featuredmedia":[{"embeddable":true,"href":"https:\/\/atecordoba.org\/index.php?rest_route=\/wp\/v2\/media\/48704"}],"wp:attachment":[{"href":"https:\/\/atecordoba.org\/index.php?rest_route=%2Fwp%2Fv2%2Fmedia&parent=48703"}],"wp:term":[{"taxonomy":"category","embeddable":true,"href":"https:\/\/atecordoba.org\/index.php?rest_route=%2Fwp%2Fv2%2Fcategories&post=48703"},{"taxonomy":"post_tag","embeddable":true,"href":"https:\/\/atecordoba.org\/index.php?rest_route=%2Fwp%2Fv2%2Ftags&post=48703"}],"curies":[{"name":"wp","href":"https:\/\/api.w.org\/{rel}","templated":true}]}}