{"id":48701,"date":"2025-05-16T15:31:31","date_gmt":"2025-05-16T18:31:31","guid":{"rendered":"https:\/\/atecordoba.org\/?p=48701"},"modified":"2025-05-16T15:34:57","modified_gmt":"2025-05-16T18:34:57","slug":"nueva-maternidad-trabajadoras-es-se-manifestaron-en-reclamo-de-mejoras-salariales-y-reincorporacion-de-las-y-los-despedidos","status":"publish","type":"post","link":"https:\/\/atecordoba.org\/?p=48701","title":{"rendered":"Nueva Maternidad: trabajadoras\/es se manifestaron en reclamo de mejoras salariales y reincorporaci\u00f3n de las y los despedidos"},"content":{"rendered":"<p><img loading=\"lazy\" decoding=\"async\" class=\"aligncenter wp-image-48707 \" src=\"https:\/\/atecordoba.org\/wp-content\/uploads\/2025\/05\/WhatsApp-Image-2025-05-16-at-13.59.33-1024x768.jpeg\" alt=\"\" width=\"626\" height=\"470\" srcset=\"https:\/\/atecordoba.org\/wp-content\/uploads\/2025\/05\/WhatsApp-Image-2025-05-16-at-13.59.33-1024x768.jpeg 1024w, https:\/\/atecordoba.org\/wp-content\/uploads\/2025\/05\/WhatsApp-Image-2025-05-16-at-13.59.33-300x225.jpeg 300w, https:\/\/atecordoba.org\/wp-content\/uploads\/2025\/05\/WhatsApp-Image-2025-05-16-at-13.59.33-768x576.jpeg 768w, https:\/\/atecordoba.org\/wp-content\/uploads\/2025\/05\/WhatsApp-Image-2025-05-16-at-13.59.33-1536x1152.jpeg 1536w, https:\/\/atecordoba.org\/wp-content\/uploads\/2025\/05\/WhatsApp-Image-2025-05-16-at-13.59.33-2048x1536.jpeg 2048w, https:\/\/atecordoba.org\/wp-content\/uploads\/2025\/05\/WhatsApp-Image-2025-05-16-at-13.59.33-750x563.jpeg 750w, https:\/\/atecordoba.org\/wp-content\/uploads\/2025\/05\/WhatsApp-Image-2025-05-16-at-13.59.33-1140x855.jpeg 1140w\" sizes=\"auto, (max-width: 626px) 100vw, 626px\" \/>Hoy se realiz\u00f3 una jornada de protesta en el hospital Nueva Maternidad convocada por ATE y la agrupaci\u00f3n m\u00e9dico, donde participaron -con mucha concurrencia- compa\u00f1eros del sector m\u00e9dico, enfermeros, y algunos administrativos.<\/p>\n<p>Junto con ATE estuvo solidariz\u00e1ndose en el lugar una delegaci\u00f3n de la UEPC Capital.<\/p>\n<p>El personal hizo abandono de tareas despu\u00e9s de las 11 horas para manifestarse frente al centro de salud y realiz\u00f3 un corte de calle de media calzada sobre la avenida V\u00e9lez S\u00e1rsfield.<\/p>\n<p>El pliego de demandas est\u00e1 encabezado por un urgente aumento salarial parea el sector, que se extienda a todo el sistema de salud provincial, la reincorporaci\u00f3n de todos los compa\u00f1eros despedidos y\u00a0en repudio de la persecuci\u00f3n antisindical que sufren los activistas y delegados de ATE, tanto en la Maternidad como en el Hospital Materno Neonatal.<\/p>\n<p><img loading=\"lazy\" decoding=\"async\" class=\"aligncenter wp-image-48706 \" src=\"https:\/\/atecordoba.org\/wp-content\/uploads\/2025\/05\/WhatsApp-Image-2025-05-16-at-13.59.27-1-1024x768.jpeg\" alt=\"\" width=\"622\" height=\"467\" srcset=\"https:\/\/atecordoba.org\/wp-content\/uploads\/2025\/05\/WhatsApp-Image-2025-05-16-at-13.59.27-1-1024x768.jpeg 1024w, https:\/\/atecordoba.org\/wp-content\/uploads\/2025\/05\/WhatsApp-Image-2025-05-16-at-13.59.27-1-300x225.jpeg 300w, https:\/\/atecordoba.org\/wp-content\/uploads\/2025\/05\/WhatsApp-Image-2025-05-16-at-13.59.27-1-768x576.jpeg 768w, https:\/\/atecordoba.org\/wp-content\/uploads\/2025\/05\/WhatsApp-Image-2025-05-16-at-13.59.27-1-1536x1152.jpeg 1536w, https:\/\/atecordoba.org\/wp-content\/uploads\/2025\/05\/WhatsApp-Image-2025-05-16-at-13.59.27-1-2048x1536.jpeg 2048w, https:\/\/atecordoba.org\/wp-content\/uploads\/2025\/05\/WhatsApp-Image-2025-05-16-at-13.59.27-1-750x563.jpeg 750w, https:\/\/atecordoba.org\/wp-content\/uploads\/2025\/05\/WhatsApp-Image-2025-05-16-at-13.59.27-1-1140x855.jpeg 1140w\" sizes=\"auto, (max-width: 622px) 100vw, 622px\" \/><\/p>\n<p>Luego de hacer una protesta frente al hospital, las y los trabajadores se movilizaron al Ministerio de Salud, donde se realiz\u00f3 un acto.<\/p>\n<p>Se sumaron a la movilizaci\u00f3n delegados del hospital Misericordia, San Roque Viejo, Rawson y del Hospital de Ni\u00f1os.<\/p>\n<p>La conducci\u00f3n de ATE estuvo representada por el secretario Gremial, Jorge Chalup, el secretario de Organizaci\u00f3n, Javier Bracamonte, y las delegadas nacionales Mariela Lozano e Ivana Guevara.<\/p>\n<p><strong>Agenda de reclamos<\/strong><\/p>\n<ul>\n<li>Percepci\u00f3n del 100% del Adicional Remunerativo por Actividad de Guardia, igual al otorgado al resto de los m\u00e9dicos de la provincia en 2022.<\/li>\n<li>Percibir el pago \u201cadicional por Guardia D\u00eda H\u00e1bil\u201d por guardia de 24 horas realizada, sin el m\u00ednimo requerido injustificada de 96 horas (presentismo).<\/li>\n<li>Incluir el Grupo de Tocoginec\u00f3logos de la Provincia en las recomposiciones salariales de lo acontecido los \u00faltimos dos a\u00f1os, que los haberes de los profesionales no percibieron en los \u00faltimos dos a\u00f1os.<\/li>\n<li>Adicional por actividad cr\u00edtica, por tratarse de un hospital de tercer nivel, del 30% del salario b\u00e1sico, incluyendo tanto a la Nueva Maternidad y el Hospital Neonatal.<\/li>\n<li>Adicional de 50% del b\u00e1sico por atenci\u00f3n del binomio (madre\/hijo) debido a la gran responsabilidad que ello demanda y a los altos riesgos y demandas a los que el personal se enfrenta diariamente.<\/li>\n<\/ul>\n<p><img loading=\"lazy\" decoding=\"async\" class=\"aligncenter wp-image-48708 \" src=\"https:\/\/atecordoba.org\/wp-content\/uploads\/2025\/05\/WhatsApp-Image-2025-05-16-at-13.59.25-1024x769.jpeg\" alt=\"\" width=\"558\" height=\"419\" srcset=\"https:\/\/atecordoba.org\/wp-content\/uploads\/2025\/05\/WhatsApp-Image-2025-05-16-at-13.59.25-1024x769.jpeg 1024w, https:\/\/atecordoba.org\/wp-content\/uploads\/2025\/05\/WhatsApp-Image-2025-05-16-at-13.59.25-300x225.jpeg 300w, https:\/\/atecordoba.org\/wp-content\/uploads\/2025\/05\/WhatsApp-Image-2025-05-16-at-13.59.25-768x577.jpeg 768w, https:\/\/atecordoba.org\/wp-content\/uploads\/2025\/05\/WhatsApp-Image-2025-05-16-at-13.59.25-1536x1153.jpeg 1536w, https:\/\/atecordoba.org\/wp-content\/uploads\/2025\/05\/WhatsApp-Image-2025-05-16-at-13.59.25-2048x1537.jpeg 2048w, https:\/\/atecordoba.org\/wp-content\/uploads\/2025\/05\/WhatsApp-Image-2025-05-16-at-13.59.25-750x563.jpeg 750w, https:\/\/atecordoba.org\/wp-content\/uploads\/2025\/05\/WhatsApp-Image-2025-05-16-at-13.59.25-1140x856.jpeg 1140w\" sizes=\"auto, (max-width: 558px) 100vw, 558px\" \/><\/p>\n","protected":false},"excerpt":{"rendered":"<p>Hoy se realiz\u00f3 una jornada de protesta en el hospital Nueva Maternidad convocada por ATE y la agrupaci\u00f3n m\u00e9dico, donde participaron -con mucha concurrencia- compa\u00f1eros del sector m\u00e9dico, enfermeros, y algunos administrativos. Junto con ATE estuvo solidariz\u00e1ndose en el lugar una delegaci\u00f3n de la UEPC Capital. El personal hizo abandono de tareas despu\u00e9s de las [&hellip;]<\/p>\n","protected":false},"author":7,"featured_media":48711,"comment_status":"open","ping_status":"open","sticky":false,"template":"","format":"standard","meta":{"_exactmetrics_skip_tracking":false,"_exactmetrics_sitenote_active":false,"_exactmetrics_sitenote_note":"","_exactmetrics_sitenote_category":0,"jnews-multi-image_gallery":[],"jnews_single_post":{"format":"standard","override":[{"template":"1","parallax":"1","fullscreen":"1","layout":"no-sidebar-narrow","sidebar":"default-sidebar","second_sidebar":"default-sidebar","sticky_sidebar":"1","share_position":"bottom","share_float_style":"share-monocrhome","show_share_counter":"1","show_view_counter":"1","show_post_meta":"1","show_post_author_image":"1","show_post_date":"1","post_date_format":"default","post_date_format_custom":"Y\/m\/d","show_post_category":"1","show_post_reading_time":"0","post_reading_time_wpm":"300","post_calculate_word_method":"str_word_count","show_zoom_button":"0","zoom_button_out_step":"2","zoom_button_in_step":"3","show_post_tag":"1","number_popup_post":"1","show_post_related":"1","show_inline_post_related":"0"}],"image_override":[{"single_post_thumbnail_size":"crop-500","single_post_gallery_size":"crop-500"}],"trending_post_position":"meta","trending_post_label":"Trending","sponsored_post_label":"Sponsored by","disable_ad":"0"},"jnews_primary_category":[],"jnews_social_meta":[],"jnews_review":[],"enable_review":"","type":"percentage","name":"","summary":"","brand":"","sku":"","good":[],"bad":[],"score_override":"","override_value":"","rating":[],"price":[],"jnews_override_counter":{"view_counter_number":"0","share_counter_number":"0","like_counter_number":"0","dislike_counter_number":"0"},"jnews_post_split":{"post_split":[{"template":"1","tag":"h2","numbering":"asc","mode":"normal","first":"0","enable_toc":"0","toc_type":"normal"}]},"footnotes":""},"categories":[8],"tags":[],"class_list":["post-48701","post","type-post","status-publish","format-standard","has-post-thumbnail","hentry","category-provinciales"],"jetpack_featured_media_url":"https:\/\/atecordoba.org\/wp-content\/uploads\/2025\/05\/WhatsApp-Image-2025-05-16-at-13.59.26-scaled-e1747420492131.jpeg","_links":{"self":[{"href":"https:\/\/atecordoba.org\/index.php?rest_route=\/wp\/v2\/posts\/48701","targetHints":{"allow":["GET"]}}],"collection":[{"href":"https:\/\/atecordoba.org\/index.php?rest_route=\/wp\/v2\/posts"}],"about":[{"href":"https:\/\/atecordoba.org\/index.php?rest_route=\/wp\/v2\/types\/post"}],"author":[{"embeddable":true,"href":"https:\/\/atecordoba.org\/index.php?rest_route=\/wp\/v2\/users\/7"}],"replies":[{"embeddable":true,"href":"https:\/\/atecordoba.org\/index.php?rest_route=%2Fwp%2Fv2%2Fcomments&post=48701"}],"version-history":[{"count":1,"href":"https:\/\/atecordoba.org\/index.php?rest_route=\/wp\/v2\/posts\/48701\/revisions"}],"predecessor-version":[{"id":48709,"href":"https:\/\/atecordoba.org\/index.php?rest_route=\/wp\/v2\/posts\/48701\/revisions\/48709"}],"wp:featuredmedia":[{"embeddable":true,"href":"https:\/\/atecordoba.org\/index.php?rest_route=\/wp\/v2\/media\/48711"}],"wp:attachment":[{"href":"https:\/\/atecordoba.org\/index.php?rest_route=%2Fwp%2Fv2%2Fmedia&parent=48701"}],"wp:term":[{"taxonomy":"category","embeddable":true,"href":"https:\/\/atecordoba.org\/index.php?rest_route=%2Fwp%2Fv2%2Fcategories&post=48701"},{"taxonomy":"post_tag","embeddable":true,"href":"https:\/\/atecordoba.org\/index.php?rest_route=%2Fwp%2Fv2%2Ftags&post=48701"}],"curies":[{"name":"wp","href":"https:\/\/api.w.org\/{rel}","templated":true}]}}