{"id":48679,"date":"2025-05-16T10:32:56","date_gmt":"2025-05-16T13:32:56","guid":{"rendered":"https:\/\/atecordoba.org\/?p=48679"},"modified":"2025-05-16T11:37:53","modified_gmt":"2025-05-16T14:37:53","slug":"se-realizo-el-encuentro-ecofeminista-en-ate","status":"publish","type":"post","link":"https:\/\/atecordoba.org\/?p=48679","title":{"rendered":"Segundo encuentro de capacitaci\u00f3n en problem\u00e1ticas de g\u00e9nero"},"content":{"rendered":"<p><img loading=\"lazy\" decoding=\"async\" class=\"aligncenter wp-image-48680 \" src=\"https:\/\/atecordoba.org\/wp-content\/uploads\/2025\/05\/WhatsApp-Image-2025-05-16-at-09.40.35-1024x461.jpeg\" alt=\"\" width=\"612\" height=\"276\" srcset=\"https:\/\/atecordoba.org\/wp-content\/uploads\/2025\/05\/WhatsApp-Image-2025-05-16-at-09.40.35-1024x461.jpeg 1024w, https:\/\/atecordoba.org\/wp-content\/uploads\/2025\/05\/WhatsApp-Image-2025-05-16-at-09.40.35-300x135.jpeg 300w, https:\/\/atecordoba.org\/wp-content\/uploads\/2025\/05\/WhatsApp-Image-2025-05-16-at-09.40.35-768x346.jpeg 768w, https:\/\/atecordoba.org\/wp-content\/uploads\/2025\/05\/WhatsApp-Image-2025-05-16-at-09.40.35-750x338.jpeg 750w, https:\/\/atecordoba.org\/wp-content\/uploads\/2025\/05\/WhatsApp-Image-2025-05-16-at-09.40.35-1140x513.jpeg 1140w, https:\/\/atecordoba.org\/wp-content\/uploads\/2025\/05\/WhatsApp-Image-2025-05-16-at-09.40.35.jpeg 1280w\" sizes=\"auto, (max-width: 612px) 100vw, 612px\" \/>Ayer se realiz\u00f3 en la sede del Consejo Directivo Provincial (CDP) de ATE un encuentro militante ecofeminista que busca dar respuestas comunitarias ante problem\u00e1ticas socioambientales.<\/p>\n<p>La iniciativa surge como respuesta colectiva y ecotransfeminista ante incendios forestales que arrasaron mas de 300.000 hect\u00e1reas de monte nativo cordob\u00e9s en 2020.<\/p>\n<p><img loading=\"lazy\" decoding=\"async\" class=\"aligncenter wp-image-48681 \" src=\"https:\/\/atecordoba.org\/wp-content\/uploads\/2025\/05\/WhatsApp-Image-2025-05-16-at-09.40.35-1-768x1024.jpeg\" alt=\"\" width=\"610\" height=\"813\" srcset=\"https:\/\/atecordoba.org\/wp-content\/uploads\/2025\/05\/WhatsApp-Image-2025-05-16-at-09.40.35-1-768x1024.jpeg 768w, https:\/\/atecordoba.org\/wp-content\/uploads\/2025\/05\/WhatsApp-Image-2025-05-16-at-09.40.35-1-225x300.jpeg 225w, https:\/\/atecordoba.org\/wp-content\/uploads\/2025\/05\/WhatsApp-Image-2025-05-16-at-09.40.35-1-750x1000.jpeg 750w, https:\/\/atecordoba.org\/wp-content\/uploads\/2025\/05\/WhatsApp-Image-2025-05-16-at-09.40.35-1.jpeg 960w\" sizes=\"auto, (max-width: 610px) 100vw, 610px\" \/><\/p>\n<p>La reuni\u00f3n estuvo encabezada por\u00a0Lucy Posada, docente, qu\u00edmica, madre, ecofeminista y artivista social.<\/p>\n<p>Posada creci\u00f3 en C\u00f3rdoba Capital, recorriendo el monte de la mano de su abuela Tuca. Es acompa\u00f1ante en violencia de g\u00e9nero y en abortos, y hoy integra loa brigada forestal comunitaria Inchin en Sald\u00e1n.<\/p>\n<p>Otra de las compa\u00f1eras convocantes fue Natalia Roca, fot\u00f3grafa activista y doula, formada a partir de sus experiencias\u00a0 personales y maternidad.<\/p>\n<p>Desde Sald\u00e1n fue parte de la brigada forestal comunitaria y comenz\u00f3 a documentar el proceso organizativo de Fuegas, proyecto apoyado por National Geographic Society.<\/p>\n<p>La actividad cont\u00f3 con la participaci\u00f3n de compa\u00f1eros y compa\u00f1eras de la UEPC Capital.<\/p>\n<p>Estuvieron presentes tambi\u00e9n el secretario de DDHH del CDP, C\u00e9sar Theaux, y sus pares de G\u00e9nero y Acci\u00f3n Pol\u00edtica, Mar\u00eda del Milagro Spaventa y Alejandra Agnone respectivamente.<\/p>\n<p><strong>Ecofeminismos<\/strong><\/p>\n<p>El colectivo fuegas est\u00e1 integrado por brigadistas ambientales a partir de la propuesta de charlar sobre las respuestas comunitarias desde los ecofeminismos a la problem\u00e1tica socioambiental de los incendios en C\u00f3rdoba. &#8220;Las compa\u00f1eras desarrollaron c\u00f3mo fue el proceso de construcci\u00f3n de las brigadas, que nacen como alternativa para colaborar en el combate contra el fuego que arrasa cada a\u00f1o miles de hect\u00e1reas de bosque nativo en la provincia y que sabemos tienen negocios inmobiliarios detr\u00e1s&#8221;, explic\u00f3 Spaventa al finalizar el c\u00f3nclave.<\/p>\n<p>Ante la inacci\u00f3n del gobierno de C\u00f3rdoba para abarcar la totalidad de los desastres ambientales, nacen las brigadas comunitarias combatiendo los incendios, equipando a los brigadistas. Hoy existen m\u00e1s de 30 brigadas en la provincia, en algunos sectores coordinando con los bomberos el combate de los incendios.<\/p>\n<p>&#8220;Comentaron que Fuegas es un colectivo de mujeres y diversidades conformado por compa\u00f1eras donde surgi\u00f3 la necesidad de discutir las problem\u00e1ticas de g\u00e9nero dentro de las brigadas, ya que se encontraban con tareas que estereotipadamente le correspond\u00edan a las mujeres. La compa\u00f1eras plantearon que pueden desarrollar distintas tareas, conscientes de sus capacidades para realizar tareas a la par de los varones&#8221;, agreg\u00f3 la secretaria de G\u00e9nero de ATE.<\/p>\n<p>En el encuentro se abord\u00f3 el pedido de justicia para Luana Ludue\u00f1a, v\u00edctima del ex jefe de los bomberos de C\u00f3rdoba Diego Concha. Luena era una bombera como ellas y por eso es necesario visibilizar lo que sucedi\u00f3, acompa\u00f1ando el pedido de justicia. Esto tambi\u00e9n fortaleci\u00f3 la uni\u00f3n entre mujeres y as\u00ed surgi\u00f3 Fuegas.<\/p>\n<p>&#8220;La experiencia nos sirvi\u00f3 para sumar a lo que venimos analizando desde la Secretaria de G\u00e9nero. En un encuentro pasado vimos la realidad de los micromachismos que tiene la sociedad pero que tambi\u00e9n responden a un sistema mayor, el patriarcado. As\u00ed como se pretende poseer el cuerpo de la mujer, tambi\u00e9n est\u00e1 esa mirada sobre la tierra y su posesi\u00f3n de manera violenta, como hacen los negocios inmobiliarios que est\u00e1n detr\u00e1s de los incendios&#8221;, dijo Spaventa.<\/p>\n<p>&#8220;Fue un encuentro muy conmovedor, donde las compa\u00f1eras compartieron im\u00e1genes y videos de las experiencias en las brigadas que fueron muy movilizadores, donde est\u00e1n presentes tanto la muerte como la vida. Porque el fuego arrasa con todo, pero el monte tiene a su vez la capacidad de resurgir.\u00a0Se destaca tambi\u00e9n la fortaleza de estas brigadas para defender la vida&#8221;, concluy\u00f3 la dirigente.<\/p>\n<div id='gallery_1' class='gallery galleryid-48679 gallery-columns-3 gallery-size-thumbnail'><figure class='gallery-item'>\n                <div class='gallery-icon landscape'>\n                    <a href='https:\/\/atecordoba.org\/wp-content\/uploads\/2025\/05\/WhatsApp-Image-2025-05-16-at-09.40.34-1.jpeg'><img loading=\"lazy\" decoding=\"async\" width=\"150\" height=\"150\" src=\"\" class=\"attachment-thumbnail size-thumbnail lazyload\" alt=\"\" data-src=\"https:\/\/atecordoba.org\/wp-content\/uploads\/2025\/05\/WhatsApp-Image-2025-05-16-at-09.40.34-1-150x150.jpeg\" data-sizes=\"auto\" data-srcset=\"https:\/\/atecordoba.org\/wp-content\/uploads\/2025\/05\/WhatsApp-Image-2025-05-16-at-09.40.34-1-150x150.jpeg 150w, https:\/\/atecordoba.org\/wp-content\/uploads\/2025\/05\/WhatsApp-Image-2025-05-16-at-09.40.34-1-560x560.jpeg 560w, https:\/\/atecordoba.org\/wp-content\/uploads\/2025\/05\/WhatsApp-Image-2025-05-16-at-09.40.34-1-75x75.jpeg 75w, https:\/\/atecordoba.org\/wp-content\/uploads\/2025\/05\/WhatsApp-Image-2025-05-16-at-09.40.34-1-350x350.jpeg 350w\" data-expand=\"700\" \/><\/a>\n                <\/div><\/figure><figure class='gallery-item'>\n                <div class='gallery-icon portrait'>\n                    <a href='https:\/\/atecordoba.org\/wp-content\/uploads\/2025\/05\/WhatsApp-Image-2025-05-16-at-09.40.34.jpeg'><img loading=\"lazy\" decoding=\"async\" width=\"150\" height=\"150\" src=\"\" class=\"attachment-thumbnail size-thumbnail lazyload\" alt=\"\" data-src=\"https:\/\/atecordoba.org\/wp-content\/uploads\/2025\/05\/WhatsApp-Image-2025-05-16-at-09.40.34-150x150.jpeg\" data-sizes=\"auto\" data-srcset=\"https:\/\/atecordoba.org\/wp-content\/uploads\/2025\/05\/WhatsApp-Image-2025-05-16-at-09.40.34-150x150.jpeg 150w, https:\/\/atecordoba.org\/wp-content\/uploads\/2025\/05\/WhatsApp-Image-2025-05-16-at-09.40.34-560x560.jpeg 560w, https:\/\/atecordoba.org\/wp-content\/uploads\/2025\/05\/WhatsApp-Image-2025-05-16-at-09.40.34-75x75.jpeg 75w, https:\/\/atecordoba.org\/wp-content\/uploads\/2025\/05\/WhatsApp-Image-2025-05-16-at-09.40.34-350x350.jpeg 350w\" data-expand=\"700\" \/><\/a>\n                <\/div><\/figure><figure class='gallery-item'>\n                <div class='gallery-icon landscape'>\n                    <a href='https:\/\/atecordoba.org\/wp-content\/uploads\/2025\/05\/WhatsApp-Image-2025-05-16-at-09.40.32.jpeg'><img loading=\"lazy\" decoding=\"async\" width=\"150\" height=\"150\" src=\"\" class=\"attachment-thumbnail size-thumbnail lazyload\" alt=\"\" data-src=\"https:\/\/atecordoba.org\/wp-content\/uploads\/2025\/05\/WhatsApp-Image-2025-05-16-at-09.40.32-150x150.jpeg\" data-sizes=\"auto\" data-srcset=\"https:\/\/atecordoba.org\/wp-content\/uploads\/2025\/05\/WhatsApp-Image-2025-05-16-at-09.40.32-150x150.jpeg 150w, https:\/\/atecordoba.org\/wp-content\/uploads\/2025\/05\/WhatsApp-Image-2025-05-16-at-09.40.32-560x560.jpeg 560w, https:\/\/atecordoba.org\/wp-content\/uploads\/2025\/05\/WhatsApp-Image-2025-05-16-at-09.40.32-75x75.jpeg 75w, https:\/\/atecordoba.org\/wp-content\/uploads\/2025\/05\/WhatsApp-Image-2025-05-16-at-09.40.32-350x350.jpeg 350w\" data-expand=\"700\" \/><\/a>\n                <\/div><\/figure><br style=\"clear: both\" \/><figure class='gallery-item'>\n                <div class='gallery-icon landscape'>\n                    <a href='https:\/\/atecordoba.org\/wp-content\/uploads\/2025\/05\/WhatsApp-Image-2025-05-16-at-09.40.33-1-e1747402363908.jpeg'><img loading=\"lazy\" decoding=\"async\" width=\"150\" height=\"150\" src=\"\" class=\"attachment-thumbnail size-thumbnail lazyload\" alt=\"\" data-src=\"https:\/\/atecordoba.org\/wp-content\/uploads\/2025\/05\/WhatsApp-Image-2025-05-16-at-09.40.33-1-150x150.jpeg\" data-sizes=\"auto\" data-srcset=\"https:\/\/atecordoba.org\/wp-content\/uploads\/2025\/05\/WhatsApp-Image-2025-05-16-at-09.40.33-1-150x150.jpeg 150w, https:\/\/atecordoba.org\/wp-content\/uploads\/2025\/05\/WhatsApp-Image-2025-05-16-at-09.40.33-1-560x560.jpeg 560w, https:\/\/atecordoba.org\/wp-content\/uploads\/2025\/05\/WhatsApp-Image-2025-05-16-at-09.40.33-1-75x75.jpeg 75w, https:\/\/atecordoba.org\/wp-content\/uploads\/2025\/05\/WhatsApp-Image-2025-05-16-at-09.40.33-1-350x350.jpeg 350w\" data-expand=\"700\" \/><\/a>\n                <\/div><\/figure><figure class='gallery-item'>\n                <div class='gallery-icon portrait'>\n                    <a href='https:\/\/atecordoba.org\/wp-content\/uploads\/2025\/05\/WhatsApp-Image-2025-05-16-at-09.40.33-2.jpeg'><img loading=\"lazy\" decoding=\"async\" width=\"150\" height=\"150\" src=\"\" class=\"attachment-thumbnail size-thumbnail lazyload\" alt=\"\" data-src=\"https:\/\/atecordoba.org\/wp-content\/uploads\/2025\/05\/WhatsApp-Image-2025-05-16-at-09.40.33-2-150x150.jpeg\" data-sizes=\"auto\" data-srcset=\"https:\/\/atecordoba.org\/wp-content\/uploads\/2025\/05\/WhatsApp-Image-2025-05-16-at-09.40.33-2-150x150.jpeg 150w, https:\/\/atecordoba.org\/wp-content\/uploads\/2025\/05\/WhatsApp-Image-2025-05-16-at-09.40.33-2-560x560.jpeg 560w, https:\/\/atecordoba.org\/wp-content\/uploads\/2025\/05\/WhatsApp-Image-2025-05-16-at-09.40.33-2-75x75.jpeg 75w, https:\/\/atecordoba.org\/wp-content\/uploads\/2025\/05\/WhatsApp-Image-2025-05-16-at-09.40.33-2-350x350.jpeg 350w\" data-expand=\"700\" \/><\/a>\n                <\/div><\/figure><figure class='gallery-item'>\n                <div class='gallery-icon portrait'>\n                    <a href='https:\/\/atecordoba.org\/wp-content\/uploads\/2025\/05\/WhatsApp-Image-2025-05-16-at-09.40.33.jpeg'><img loading=\"lazy\" decoding=\"async\" width=\"150\" height=\"150\" src=\"\" class=\"attachment-thumbnail size-thumbnail lazyload\" alt=\"\" data-src=\"https:\/\/atecordoba.org\/wp-content\/uploads\/2025\/05\/WhatsApp-Image-2025-05-16-at-09.40.33-150x150.jpeg\" data-sizes=\"auto\" data-srcset=\"https:\/\/atecordoba.org\/wp-content\/uploads\/2025\/05\/WhatsApp-Image-2025-05-16-at-09.40.33-150x150.jpeg 150w, https:\/\/atecordoba.org\/wp-content\/uploads\/2025\/05\/WhatsApp-Image-2025-05-16-at-09.40.33-560x560.jpeg 560w, https:\/\/atecordoba.org\/wp-content\/uploads\/2025\/05\/WhatsApp-Image-2025-05-16-at-09.40.33-75x75.jpeg 75w, https:\/\/atecordoba.org\/wp-content\/uploads\/2025\/05\/WhatsApp-Image-2025-05-16-at-09.40.33-350x350.jpeg 350w\" data-expand=\"700\" \/><\/a>\n                <\/div><\/figure><br style=\"clear: both\" \/>\n            <\/div>\n\n","protected":false},"excerpt":{"rendered":"<p>Ayer se realiz\u00f3 en la sede del Consejo Directivo Provincial (CDP) de ATE un encuentro militante ecofeminista que busca dar respuestas comunitarias ante problem\u00e1ticas socioambientales. La iniciativa surge como respuesta colectiva y ecotransfeminista ante incendios forestales que arrasaron mas de 300.000 hect\u00e1reas de monte nativo cordob\u00e9s en 2020. La reuni\u00f3n estuvo encabezada por\u00a0Lucy Posada, docente, [&hellip;]<\/p>\n","protected":false},"author":7,"featured_media":48685,"comment_status":"open","ping_status":"open","sticky":false,"template":"","format":"standard","meta":{"_exactmetrics_skip_tracking":false,"_exactmetrics_sitenote_active":false,"_exactmetrics_sitenote_note":"","_exactmetrics_sitenote_category":0,"jnews-multi-image_gallery":[],"jnews_single_post":{"format":"standard","override":[{"template":"1","parallax":"1","fullscreen":"1","layout":"no-sidebar-narrow","sidebar":"default-sidebar","second_sidebar":"default-sidebar","sticky_sidebar":"1","share_position":"bottom","share_float_style":"share-monocrhome","show_share_counter":"1","show_view_counter":"1","show_post_meta":"1","show_post_author_image":"1","show_post_date":"1","post_date_format":"default","post_date_format_custom":"Y\/m\/d","show_post_category":"1","show_post_reading_time":"0","post_reading_time_wpm":"300","post_calculate_word_method":"str_word_count","show_zoom_button":"0","zoom_button_out_step":"2","zoom_button_in_step":"3","show_post_tag":"1","number_popup_post":"1","show_post_related":"1","show_inline_post_related":"0"}],"image_override":[{"single_post_thumbnail_size":"crop-500","single_post_gallery_size":"crop-500"}],"trending_post_position":"meta","trending_post_label":"Trending","sponsored_post_label":"Sponsored by","disable_ad":"0"},"jnews_primary_category":[],"jnews_social_meta":[],"jnews_review":[],"enable_review":"","type":"percentage","name":"","summary":"","brand":"","sku":"","good":[],"bad":[],"score_override":"","override_value":"","rating":[],"price":[],"jnews_override_counter":{"view_counter_number":"0","share_counter_number":"0","like_counter_number":"0","dislike_counter_number":"0"},"jnews_post_split":{"post_split":[{"template":"1","tag":"h2","numbering":"asc","mode":"normal","first":"0","enable_toc":"0","toc_type":"normal"}]},"footnotes":""},"categories":[10],"tags":[],"class_list":["post-48679","post","type-post","status-publish","format-standard","has-post-thumbnail","hentry","category-accion-politica"],"jetpack_featured_media_url":"https:\/\/atecordoba.org\/wp-content\/uploads\/2025\/05\/WhatsApp-Image-2025-05-16-at-09.40.33-1-e1747402363908.jpeg","_links":{"self":[{"href":"https:\/\/atecordoba.org\/index.php?rest_route=\/wp\/v2\/posts\/48679","targetHints":{"allow":["GET"]}}],"collection":[{"href":"https:\/\/atecordoba.org\/index.php?rest_route=\/wp\/v2\/posts"}],"about":[{"href":"https:\/\/atecordoba.org\/index.php?rest_route=\/wp\/v2\/types\/post"}],"author":[{"embeddable":true,"href":"https:\/\/atecordoba.org\/index.php?rest_route=\/wp\/v2\/users\/7"}],"replies":[{"embeddable":true,"href":"https:\/\/atecordoba.org\/index.php?rest_route=%2Fwp%2Fv2%2Fcomments&post=48679"}],"version-history":[{"count":4,"href":"https:\/\/atecordoba.org\/index.php?rest_route=\/wp\/v2\/posts\/48679\/revisions"}],"predecessor-version":[{"id":48691,"href":"https:\/\/atecordoba.org\/index.php?rest_route=\/wp\/v2\/posts\/48679\/revisions\/48691"}],"wp:featuredmedia":[{"embeddable":true,"href":"https:\/\/atecordoba.org\/index.php?rest_route=\/wp\/v2\/media\/48685"}],"wp:attachment":[{"href":"https:\/\/atecordoba.org\/index.php?rest_route=%2Fwp%2Fv2%2Fmedia&parent=48679"}],"wp:term":[{"taxonomy":"category","embeddable":true,"href":"https:\/\/atecordoba.org\/index.php?rest_route=%2Fwp%2Fv2%2Fcategories&post=48679"},{"taxonomy":"post_tag","embeddable":true,"href":"https:\/\/atecordoba.org\/index.php?rest_route=%2Fwp%2Fv2%2Ftags&post=48679"}],"curies":[{"name":"wp","href":"https:\/\/api.w.org\/{rel}","templated":true}]}}