{"id":4867,"date":"2014-12-09T17:04:53","date_gmt":"2014-12-09T20:04:53","guid":{"rendered":"http:\/\/www.atecordoba.org\/?p=4867"},"modified":"2014-12-09T17:04:53","modified_gmt":"2014-12-09T20:04:53","slug":"delegados-de-ate-frenaron-el-cierre-de-cuatro-consultorios-externos-en-el-hospital-de-ninos","status":"publish","type":"post","link":"https:\/\/atecordoba.org\/?p=4867","title":{"rendered":"Delegados de ATE frenaron el cierre de cuatro consultorios externos en el Hospital de Ni\u00f1os"},"content":{"rendered":"<p><em>Ante el intento de ajuste de la Direcci\u00f3n del centro de salud, la reacci\u00f3n de los trabajadores evit\u00f3 que 1600 ni\u00f1os se quedaran sin atenci\u00f3n. <\/em><\/p>\n<figure id=\"attachment_4868\" aria-describedby=\"caption-attachment-4868\" style=\"width: 500px\" class=\"wp-caption aligncenter\"><a href=\"http:\/\/www.atecordoba.org\/wp-content\/uploads\/2014\/12\/asamblea-hospital-de-ni\u00f1os-2-10-e1418155096757.jpg\"><img loading=\"lazy\" decoding=\"async\" class=\"wp-image-4868 size-full\" src=\"http:\/\/www.atecordoba.org\/wp-content\/uploads\/2014\/12\/asamblea-hospital-de-ni\u00f1os-2-10-e1418155096757.jpg\" alt=\"asamblea hospital de ni\u00f1os 2-10\" width=\"500\" height=\"375\" \/><\/a><figcaption id=\"caption-attachment-4868\" class=\"wp-caption-text\">El delegado Fernando Castro se dirige a los compa\u00f1eros en una asamblea realizada en el hall de ingreso del hospital de Ni\u00f1os (imagen de archivo)<\/figcaption><\/figure>\n<p>El lunes 1\u00ba de diciembre el cuerpo de delegados de ATE evit\u00f3 el cierre de cuatro consultorios que funcionan en el turno tarde del Hospital de Ni\u00f1os \u00a0y est\u00e1n ubicados en las Bater\u00edas C. Los delegados, junto a los m\u00e9dicos afectados al servicio, lograron adem\u00e1s que se reabra el turnero de la tarde, el archivo de historias cl\u00ednicas y que se nombre una enfermera con cargo de planta permanente para que reemplace a una compa\u00f1era que se jubil\u00f3 y no ten\u00eda sustituta.<\/p>\n<p>Todo comenz\u00f3 cuando la direcci\u00f3n del nosocomio envi\u00f3 una nota a los m\u00e9dicos a cargo de cuatro consultorios de cl\u00ednica m\u00e9dica para que concurran a una reuni\u00f3n con la direcci\u00f3n. Los profesionales sab\u00edan por comentarios del jefe de \u00e1rea les hab\u00eda informado que la decisi\u00f3n era trasladarlos a la guardia para cumplir all\u00ed sus funciones, mientras los consultorios quedar\u00edan fuera de servicio.<\/p>\n<p>El antecedente inmediato, de la semana anterior, fue que esa bater\u00eda se hab\u00eda quedado sin enfermera porque la trabajadora se jubil\u00f3, la direcci\u00f3n hab\u00eda ordenado el cierre del archivo a partir de las 14 horas y el turnero s\u00f3lo brindar\u00eda informes a los pacientes pero no turnos, de forma que para conseguir un turno por la tarde, los padres de los pacientes deb\u00edan concurrir a las 7 de la ma\u00f1ana para conseguir su n\u00famero.<\/p>\n<p>Esto signific\u00f3 que el m\u00e9dico turno tarde no contaba con enfermera y por lo tanto no pod\u00eda trasladar a los menores a realizar ning\u00fan estudio. Adem\u00e1s, no ten\u00edan acceso a las historias cl\u00ednicas por el cierre del archivo.<\/p>\n<p>Los m\u00e9dicos resolvieron juntarse con los delegados de ATE para analizar la situaci\u00f3n, habida cuenta que se preve\u00eda que, en la reuni\u00f3n en la Direcci\u00f3n del nosocomio, los funcionarios les informar\u00edan el cierre de los consultorios, \u00a0que en los hechos ya no contaban con los medios para atender a los pacientes.<\/p>\n<p>As\u00ed, conjuntamente resolvieron resistir el cierre de la atenci\u00f3n ambulatoria del turno tarde, que atiende en promedio 1600 pacientes al mes, a raz\u00f3n de 20 ni\u00f1os diarios por consultorio.<\/p>\n<p>De esta forma, la importante infraestructura del Hospital de Ni\u00f1os quedar\u00eda sin uso por la tarde, salvo la atenci\u00f3n por Guardia.<\/p>\n<p>El lunes, los cuatro m\u00e9dicos m\u00e1s tres delegados de ATE \u2013Fernando Castro, Susana Salbaduchi y Santiago Beliz\u00e1n\u2013 concurrieron a la Direcci\u00f3n para encontrarse con la Vicedirectora Fernanda Marchetti y plantearle la necesidad de mantener abiertos los consultorios.<\/p>\n<p>Pero la reuni\u00f3n no se pudo realizar ya que Marchetti no permiti\u00f3 que ingresaran los delegados y los m\u00e9dicos afirmaron que sin los delegados de ATE no participar\u00edan.<\/p>\n<p>Sin embargo, se produjo una charla informal que en el momento donde los compa\u00f1eros le dejaron claro a la funcionaria que sab\u00edan que la intenci\u00f3n de esa reuni\u00f3n informarles el cierre los consultorios del turno tarde, al igual que el turnero y el archivo de ese horario, para traspasarlos a la guardia.<\/p>\n<p>Tambi\u00e9n le informaron a Marchetti que los trabajadores iban a resistir la medida y que no se iba a permitir que los chicos queden sin atenci\u00f3n porque estaba en juego la defensa de los compa\u00f1eros m\u00e9dicos defendiendo su lugar de trabajo y la garant\u00eda de atenci\u00f3n de los 1600 chicos que precisan del servicio.<\/p>\n<p>Luego de 40 minutos de discusi\u00f3n y de reiterados rechazos de aceptar la reuni\u00f3n sin la presencia de los delegados de ATE todos se retiraron.<\/p>\n<p>Sin embargo, la muestra de firmeza que dieron los trabajadores y los delegados de ATE produjo como resultado, para sorpresa y alegr\u00eda de todos, que el martes siguiente los m\u00e9dicos informaron a sus representantes que tras la discusi\u00f3n se hab\u00edan repuesto las historias cl\u00ednicas, la Direcci\u00f3n reabri\u00f3 el archivo hasta las 20 horas, ampli\u00f3 el horario de atenci\u00f3n del turnero y se nombr\u00f3 a una nueva enfermera como planta permanente del hospital en reemplazo de la compa\u00f1era jubilada.<\/p>\n<p>Los compa\u00f1eros felicitaron a los delegados y los comprometieron a estar alertas ante nuevas medidas de ajuste de la direcci\u00f3n del hospital<\/p>\n<p>De esta forma, ATE dej\u00f3 sentado que es la organizaci\u00f3n y la capacidad de repuesta conjuntamente de delegados y trabajadores las herramientas necesarias para resistir el ajuste que promueve el gobierno provincial en los hospitales p\u00fablicos de C\u00f3rdoba.<\/p>\n<p>\u00a1Felicitaciones compa\u00f1eros!<\/p>\n","protected":false},"excerpt":{"rendered":"<p>Ante el intento de ajuste de la Direcci\u00f3n del centro de salud, la reacci\u00f3n de los trabajadores evit\u00f3 que 1600 ni\u00f1os se quedaran sin atenci\u00f3n. El lunes 1\u00ba de diciembre el cuerpo de delegados de ATE evit\u00f3 el cierre de cuatro consultorios que funcionan en el turno tarde del Hospital de Ni\u00f1os \u00a0y est\u00e1n ubicados [&hellip;]<\/p>\n","protected":false},"author":1,"featured_media":19220,"comment_status":"open","ping_status":"open","sticky":false,"template":"","format":"standard","meta":{"_exactmetrics_skip_tracking":false,"_exactmetrics_sitenote_active":false,"_exactmetrics_sitenote_note":"","_exactmetrics_sitenote_category":0,"jnews-multi-image_gallery":[],"jnews_single_post":[],"jnews_primary_category":[],"jnews_social_meta":[],"jnews_review":[],"enable_review":"","type":"","name":"","summary":"","brand":"","sku":"","good":[],"bad":[],"score_override":"","override_value":"","rating":[],"price":[],"jnews_override_counter":[],"jnews_post_split":[],"footnotes":""},"categories":[7,8,102],"tags":[],"class_list":["post-4867","post","type-post","status-publish","format-standard","has-post-thumbnail","hentry","category-hospitales","category-provinciales","category-salud-2"],"jetpack_featured_media_url":"https:\/\/atecordoba.org\/wp-content\/uploads\/2020\/05\/logo-nuevochico-e1561581322808.png","_links":{"self":[{"href":"https:\/\/atecordoba.org\/index.php?rest_route=\/wp\/v2\/posts\/4867","targetHints":{"allow":["GET"]}}],"collection":[{"href":"https:\/\/atecordoba.org\/index.php?rest_route=\/wp\/v2\/posts"}],"about":[{"href":"https:\/\/atecordoba.org\/index.php?rest_route=\/wp\/v2\/types\/post"}],"author":[{"embeddable":true,"href":"https:\/\/atecordoba.org\/index.php?rest_route=\/wp\/v2\/users\/1"}],"replies":[{"embeddable":true,"href":"https:\/\/atecordoba.org\/index.php?rest_route=%2Fwp%2Fv2%2Fcomments&post=4867"}],"version-history":[{"count":0,"href":"https:\/\/atecordoba.org\/index.php?rest_route=\/wp\/v2\/posts\/4867\/revisions"}],"wp:featuredmedia":[{"embeddable":true,"href":"https:\/\/atecordoba.org\/index.php?rest_route=\/wp\/v2\/media\/19220"}],"wp:attachment":[{"href":"https:\/\/atecordoba.org\/index.php?rest_route=%2Fwp%2Fv2%2Fmedia&parent=4867"}],"wp:term":[{"taxonomy":"category","embeddable":true,"href":"https:\/\/atecordoba.org\/index.php?rest_route=%2Fwp%2Fv2%2Fcategories&post=4867"},{"taxonomy":"post_tag","embeddable":true,"href":"https:\/\/atecordoba.org\/index.php?rest_route=%2Fwp%2Fv2%2Ftags&post=4867"}],"curies":[{"name":"wp","href":"https:\/\/api.w.org\/{rel}","templated":true}]}}