{"id":48663,"date":"2025-05-15T14:35:07","date_gmt":"2025-05-15T17:35:07","guid":{"rendered":"https:\/\/atecordoba.org\/?p=48663"},"modified":"2025-05-15T14:49:38","modified_gmt":"2025-05-15T17:49:38","slug":"agricultura-familiar-tecnicas-os-despedidos-de-nacion-se-reunieron-con-funcionarios-del-ministerio-de-bioagroindustria-de-cordoba","status":"publish","type":"post","link":"https:\/\/atecordoba.org\/?p=48663","title":{"rendered":"Agricultura Familiar: t\u00e9cnicas\/os despedidos de Naci\u00f3n se reunieron con funcionarios del Ministerio de Bioagroindustria de C\u00f3rdoba"},"content":{"rendered":"<p><img loading=\"lazy\" decoding=\"async\" class=\"aligncenter wp-image-48667 \" src=\"https:\/\/atecordoba.org\/wp-content\/uploads\/2025\/05\/WhatsApp-Image-2025-05-15-at-13.02.55-1-1024x769.jpeg\" alt=\"\" width=\"605\" height=\"454\" \/>Una delegaci\u00f3n de t\u00e9cnicos y t\u00e9cnicas despedidos del\u00a0Instituto de Agricultura Familiar, Campesina e Ind\u00edgena de la Naci\u00f3n (ex Secretaria de Agricultura Familiar) mantuvo hoy por la ma\u00f1ana una audiencia con funcionarios del Ministerio de Bioagroindustria de C\u00f3rdoba para presentar un programa para el fortalecimiento productivo del sector de la agricultura familiar en C\u00f3rdoba-.<\/p>\n<p>&#8220;El programa tambi\u00e9n tiene por objetivo la reinserci\u00f3n laboral de t\u00e9cnicos que fuimos despedidos&#8221;, explic\u00f3 Natalia Arrieta, trabajadora de la ex SAF.<\/p>\n<p>La audiencia cont\u00f3 con el aval de ATE, que acompa\u00f1\u00f3 a las y los compa\u00f1eros para apoyar la iniciativa, que tiene una amplia propuesta para la asistencia t\u00e9cnica territorial que fortalezca integralmente la agricultura familiar<br \/>\nen la provincia de C\u00f3rdoba.<\/p>\n<p><img loading=\"lazy\" decoding=\"async\" class=\"aligncenter wp-image-48668 \" src=\"https:\/\/atecordoba.org\/wp-content\/uploads\/2025\/05\/WhatsApp-Image-2025-05-15-at-13.02.53-2-1024x768.jpeg\" alt=\"\" width=\"619\" height=\"465\" srcset=\"https:\/\/atecordoba.org\/wp-content\/uploads\/2025\/05\/WhatsApp-Image-2025-05-15-at-13.02.53-2-1024x768.jpeg 1024w, https:\/\/atecordoba.org\/wp-content\/uploads\/2025\/05\/WhatsApp-Image-2025-05-15-at-13.02.53-2-300x225.jpeg 300w, https:\/\/atecordoba.org\/wp-content\/uploads\/2025\/05\/WhatsApp-Image-2025-05-15-at-13.02.53-2-768x576.jpeg 768w, https:\/\/atecordoba.org\/wp-content\/uploads\/2025\/05\/WhatsApp-Image-2025-05-15-at-13.02.53-2-1536x1152.jpeg 1536w, https:\/\/atecordoba.org\/wp-content\/uploads\/2025\/05\/WhatsApp-Image-2025-05-15-at-13.02.53-2-2048x1536.jpeg 2048w, https:\/\/atecordoba.org\/wp-content\/uploads\/2025\/05\/WhatsApp-Image-2025-05-15-at-13.02.53-2-750x563.jpeg 750w, https:\/\/atecordoba.org\/wp-content\/uploads\/2025\/05\/WhatsApp-Image-2025-05-15-at-13.02.53-2-1140x855.jpeg 1140w\" sizes=\"auto, (max-width: 619px) 100vw, 619px\" \/><\/p>\n<p>En ese marco, estuvieron presentes en la reuni\u00f3n la subsecretaria de Agricultura Familiar de C\u00f3rdoba, Mariana Victoria Vigo junto a integrantes del organismo, Abel Ponce y Germ\u00e1n Font. El nucleamiento de t\u00e9cnicos\/as que particip\u00f3 estuvo integrado por Adriana Gonz\u00e1lez Bravo, Alejo Scifo y Natalia Arrieta. Por ATE particip\u00f3 el secretario de DDHH del Consejo Directivo Provincial, C\u00e9sar Theaux.<\/p>\n<p>&#8220;Estuvimos casi dos horas en reuni\u00f3n, donde pudimos hablar de todo respecto al sector y le dejamos un copia del programa que dise\u00f1amos junto a nuestros compa\u00f1eros&#8221;, resumi\u00f3 Arrieta.<img loading=\"lazy\" decoding=\"async\" class=\"aligncenter wp-image-48669 \" src=\"https:\/\/atecordoba.org\/wp-content\/uploads\/2025\/05\/WhatsApp-Image-2025-05-15-at-13.02.54-1-1024x769.jpeg\" alt=\"\" width=\"611\" height=\"459\" srcset=\"https:\/\/atecordoba.org\/wp-content\/uploads\/2025\/05\/WhatsApp-Image-2025-05-15-at-13.02.54-1-1024x769.jpeg 1024w, https:\/\/atecordoba.org\/wp-content\/uploads\/2025\/05\/WhatsApp-Image-2025-05-15-at-13.02.54-1-300x225.jpeg 300w, https:\/\/atecordoba.org\/wp-content\/uploads\/2025\/05\/WhatsApp-Image-2025-05-15-at-13.02.54-1-768x577.jpeg 768w, https:\/\/atecordoba.org\/wp-content\/uploads\/2025\/05\/WhatsApp-Image-2025-05-15-at-13.02.54-1-1536x1153.jpeg 1536w, https:\/\/atecordoba.org\/wp-content\/uploads\/2025\/05\/WhatsApp-Image-2025-05-15-at-13.02.54-1-2048x1537.jpeg 2048w, https:\/\/atecordoba.org\/wp-content\/uploads\/2025\/05\/WhatsApp-Image-2025-05-15-at-13.02.54-1-750x563.jpeg 750w, https:\/\/atecordoba.org\/wp-content\/uploads\/2025\/05\/WhatsApp-Image-2025-05-15-at-13.02.54-1-1140x856.jpeg 1140w\" sizes=\"auto, (max-width: 611px) 100vw, 611px\" \/><\/p>\n<p><strong>El programa<\/strong><\/p>\n<p>El proyecto busca:<\/p>\n<ul>\n<li>Brindar asistencia t\u00e9cnica permanente y especializada a peque\u00f1os productores\/as, familias rurales y organizaciones de la agricultura familiar.<\/li>\n<li>Revalorizar la experiencia de t\u00e9cnicos\/as despedidos del sector p\u00fablico (INAFCI y otros organismos) y facilitar su reinserci\u00f3n laboral.<\/li>\n<li>Promover pr\u00e1cticas de fortalecimiento productivo, agroecolog\u00eda, agregado de valor, comercializaci\u00f3n en circuitos cortos y ferias.<\/li>\n<li>Impulsar redes locales de producci\u00f3n, extensi\u00f3n y comercializaci\u00f3n articuladas con municipios, universidades, cooperativas y organizaciones campesinas.<\/li>\n<li>Fomentar la educaci\u00f3n ambiental, la econom\u00eda circular y la soberan\u00eda alimentaria en las comunidades rurales y urbanas.<\/li>\n<\/ul>\n<a href=\"https:\/\/atecordoba.org\/wp-content\/uploads\/2025\/05\/ministerio-agroindustria-1.pdf\" class=\"pdfemb-viewer\" style=\"\" data-width=\"max\" data-height=\"max\" data-toolbar=\"bottom\" data-toolbar-fixed=\"off\">ministerio agroindustria<\/a>\n<p>&nbsp;<\/p>\n","protected":false},"excerpt":{"rendered":"<p>Una delegaci\u00f3n de t\u00e9cnicos y t\u00e9cnicas despedidos del\u00a0Instituto de Agricultura Familiar, Campesina e Ind\u00edgena de la Naci\u00f3n (ex Secretaria de Agricultura Familiar) mantuvo hoy por la ma\u00f1ana una audiencia con funcionarios del Ministerio de Bioagroindustria de C\u00f3rdoba para presentar un programa para el fortalecimiento productivo del sector de la agricultura familiar en C\u00f3rdoba-. &#8220;El programa [&hellip;]<\/p>\n","protected":false},"author":7,"featured_media":48667,"comment_status":"open","ping_status":"open","sticky":false,"template":"","format":"standard","meta":{"_exactmetrics_skip_tracking":false,"_exactmetrics_sitenote_active":false,"_exactmetrics_sitenote_note":"","_exactmetrics_sitenote_category":0,"jnews-multi-image_gallery":[],"jnews_single_post":{"format":"standard","override":[{"template":"1","parallax":"1","fullscreen":"1","layout":"no-sidebar-narrow","sidebar":"default-sidebar","second_sidebar":"default-sidebar","sticky_sidebar":"1","share_position":"bottom","share_float_style":"share-monocrhome","show_share_counter":"1","show_view_counter":"1","show_post_meta":"1","show_post_author_image":"1","show_post_date":"1","post_date_format":"default","post_date_format_custom":"Y\/m\/d","show_post_category":"1","show_post_reading_time":"0","post_reading_time_wpm":"300","post_calculate_word_method":"str_word_count","show_zoom_button":"0","zoom_button_out_step":"2","zoom_button_in_step":"3","show_post_tag":"1","number_popup_post":"1","show_post_related":"1","show_inline_post_related":"0"}],"image_override":[{"single_post_thumbnail_size":"crop-500","single_post_gallery_size":"crop-500"}],"trending_post_position":"meta","trending_post_label":"Trending","sponsored_post_label":"Sponsored by","disable_ad":"0"},"jnews_primary_category":[],"jnews_social_meta":[],"jnews_review":[],"enable_review":"","type":"percentage","name":"","summary":"","brand":"","sku":"","good":[],"bad":[],"score_override":"","override_value":"","rating":[],"price":[],"jnews_override_counter":{"view_counter_number":"0","share_counter_number":"0","like_counter_number":"0","dislike_counter_number":"0"},"jnews_post_split":{"post_split":[{"template":"1","tag":"h2","numbering":"asc","mode":"normal","first":"0","enable_toc":"0","toc_type":"normal"}]},"footnotes":""},"categories":[18,8],"tags":[],"class_list":["post-48663","post","type-post","status-publish","format-standard","has-post-thumbnail","hentry","category-nacionales","category-provinciales"],"jetpack_featured_media_url":"https:\/\/atecordoba.org\/wp-content\/uploads\/2025\/05\/WhatsApp-Image-2025-05-15-at-13.02.55-1-scaled-e1747330489387.jpeg","_links":{"self":[{"href":"https:\/\/atecordoba.org\/index.php?rest_route=\/wp\/v2\/posts\/48663","targetHints":{"allow":["GET"]}}],"collection":[{"href":"https:\/\/atecordoba.org\/index.php?rest_route=\/wp\/v2\/posts"}],"about":[{"href":"https:\/\/atecordoba.org\/index.php?rest_route=\/wp\/v2\/types\/post"}],"author":[{"embeddable":true,"href":"https:\/\/atecordoba.org\/index.php?rest_route=\/wp\/v2\/users\/7"}],"replies":[{"embeddable":true,"href":"https:\/\/atecordoba.org\/index.php?rest_route=%2Fwp%2Fv2%2Fcomments&post=48663"}],"version-history":[{"count":2,"href":"https:\/\/atecordoba.org\/index.php?rest_route=\/wp\/v2\/posts\/48663\/revisions"}],"predecessor-version":[{"id":48672,"href":"https:\/\/atecordoba.org\/index.php?rest_route=\/wp\/v2\/posts\/48663\/revisions\/48672"}],"wp:featuredmedia":[{"embeddable":true,"href":"https:\/\/atecordoba.org\/index.php?rest_route=\/wp\/v2\/media\/48667"}],"wp:attachment":[{"href":"https:\/\/atecordoba.org\/index.php?rest_route=%2Fwp%2Fv2%2Fmedia&parent=48663"}],"wp:term":[{"taxonomy":"category","embeddable":true,"href":"https:\/\/atecordoba.org\/index.php?rest_route=%2Fwp%2Fv2%2Fcategories&post=48663"},{"taxonomy":"post_tag","embeddable":true,"href":"https:\/\/atecordoba.org\/index.php?rest_route=%2Fwp%2Fv2%2Ftags&post=48663"}],"curies":[{"name":"wp","href":"https:\/\/api.w.org\/{rel}","templated":true}]}}