{"id":48658,"date":"2025-05-15T11:58:55","date_gmt":"2025-05-15T14:58:55","guid":{"rendered":"https:\/\/atecordoba.org\/?p=48658"},"modified":"2025-05-15T12:21:37","modified_gmt":"2025-05-15T15:21:37","slug":"logro-de-ate-senaf-reinstala-a-las-y-los-trabajadores-trasladados-de-unquillo","status":"publish","type":"post","link":"https:\/\/atecordoba.org\/?p=48658","title":{"rendered":"Logro de ATE: SENAF reinstala a las y los trabajadores trasladados de Unquillo"},"content":{"rendered":"<p><img loading=\"lazy\" decoding=\"async\" class=\"aligncenter wp-image-48659 \" src=\"https:\/\/atecordoba.org\/wp-content\/uploads\/2025\/05\/senaf-unquillo.jpeg\" alt=\"\" width=\"606\" height=\"455\" srcset=\"https:\/\/atecordoba.org\/wp-content\/uploads\/2025\/05\/senaf-unquillo.jpeg 1024w, https:\/\/atecordoba.org\/wp-content\/uploads\/2025\/05\/senaf-unquillo-300x225.jpeg 300w, https:\/\/atecordoba.org\/wp-content\/uploads\/2025\/05\/senaf-unquillo-768x576.jpeg 768w, https:\/\/atecordoba.org\/wp-content\/uploads\/2025\/05\/senaf-unquillo-750x563.jpeg 750w\" sizes=\"auto, (max-width: 606px) 100vw, 606px\" \/>A trav\u00e9s de una notificaci\u00f3n realizada esta semana, la Secretar\u00eda de Ni\u00f1ez Adolescencia y Familia (SENAF) dio marcha atr\u00e1s el traslado de seis trabajadores y trabajadoras de la Unidad de Desarrollo Regional de la localidad de Unquillo, que hab\u00edan sido notificados de sus traslados el 1\u00ba de abril a otros destinos dentro del organismo,\u00a0 incluso a distancias de m\u00e1s de 30 kil\u00f3metros de sus domicilios, implicando el desarraigo de estas compa\u00f1eras y compa\u00f1eros.<\/p>\n<p>Ahora, la intervenci\u00f3n de ATE logr\u00f3 revertir la medida y garantizar los puestos de trabajo as\u00ed como los derechos de la comunidad que hace efectivo el personal con su trabajo cotidiano.<\/p>\n<p>El 1\u00ba de abril de 2025 seis trabajadores del equipo t\u00e9cnico de la Unidad de Desarrollo Regional de la localidad de Unquillo, dependiente de la Secretar\u00eda de Ni\u00f1ez, Adolescencia y Familia (SENAF), recibieron la notificaci\u00f3n sobre su traslado a otros organismos de la SENAF para prestar servicios en otros programas en diversos puntos de la provincia, incluso haciendo tareas distintas a las que ven\u00edan desarrollando.<\/p>\n<p>&#8220;Se trata de trabajadoras y trabajadores que garantizaban derechos a las infancias, juventudes y familias de todo el corredor de las Sierras Chicas, lo cual es fundamental, sobre todo para las infancias en situaci\u00f3n de vulnerabilidad&#8221;, explic\u00f3 con satisfacci\u00f3n por el logro alcanzado el secretario General de ATE C\u00f3rdoba, Federico Giuliani.<\/p>\n<p>En el proceso de lucha y organizaci\u00f3n\u00a0sindical del personal ATE convoc\u00f3 a varias asambleas, incluso con el apoyo de las y los que no hab\u00edan sido trasladados.<\/p>\n<p>Tambi\u00e9n se presentaron recursos de reconsideraci\u00f3n, sin obtener respuesta, por lo que con la intervenci\u00f3n del equipo jur\u00eddico de ATE se decidi\u00f3 presentar el viernes pasado una nota instando a las autoridades a que responda el recurso de reconsideraci\u00f3n. &#8220;Entre los d\u00edas martes y mi\u00e9rcoles de esta semana, las y los compa\u00f1eros fueron notificados individualmente que se dejaban sin efecto los traslados notificados anteriormente&#8221;, detall\u00f3 Irina Silberman, integrante del Consejo Directivo Provincial (CDP).<\/p>\n<p>&#8220;Cabe destacar de cuatro de los seis trasladados eran afiliadas y afiliados de ATE por lo que una vez m\u00e1s destacamos la importancia de la organizaci\u00f3n sindical y la importancia de estar organizados en ATE, el gremio que defiende los intereses y los derechos de los trabajadores de SENAF as\u00ed como de las comunidad que recibe la atenci\u00f3n de dicho organismo&#8221;, agreg\u00f3 SilBerman.<\/p>\n<p>En tanto Giuliani destac\u00f3 que &#8220;hoy celebramos la reinstalaci\u00f3n de estos compa\u00f1eros, que no pierden sus funciones ni son desarraigados. Tambi\u00e9n destacamos que el corredor de las localidades de Sierras Chicas mantiene un equipo de profesionales comprometidos con la no vulneraci\u00f3n de los derechos de la poblaci\u00f3n&#8221;.<\/p>\n","protected":false},"excerpt":{"rendered":"<p>A trav\u00e9s de una notificaci\u00f3n realizada esta semana, la Secretar\u00eda de Ni\u00f1ez Adolescencia y Familia (SENAF) dio marcha atr\u00e1s el traslado de seis trabajadores y trabajadoras de la Unidad de Desarrollo Regional de la localidad de Unquillo, que hab\u00edan sido notificados de sus traslados el 1\u00ba de abril a otros destinos dentro del organismo,\u00a0 incluso [&hellip;]<\/p>\n","protected":false},"author":7,"featured_media":48659,"comment_status":"open","ping_status":"open","sticky":false,"template":"","format":"standard","meta":{"_exactmetrics_skip_tracking":false,"_exactmetrics_sitenote_active":false,"_exactmetrics_sitenote_note":"","_exactmetrics_sitenote_category":0,"jnews-multi-image_gallery":[],"jnews_single_post":{"format":"standard","override":[{"template":"1","parallax":"1","fullscreen":"1","layout":"no-sidebar-narrow","sidebar":"default-sidebar","second_sidebar":"default-sidebar","sticky_sidebar":"1","share_position":"bottom","share_float_style":"share-monocrhome","show_share_counter":"1","show_view_counter":"1","show_post_meta":"1","show_post_author_image":"1","show_post_date":"1","post_date_format":"default","post_date_format_custom":"Y\/m\/d","show_post_category":"1","show_post_reading_time":"0","post_reading_time_wpm":"300","post_calculate_word_method":"str_word_count","show_zoom_button":"0","zoom_button_out_step":"2","zoom_button_in_step":"3","show_post_tag":"1","number_popup_post":"1","show_post_related":"1","show_inline_post_related":"0"}],"image_override":[{"single_post_thumbnail_size":"crop-500","single_post_gallery_size":"crop-500"}],"trending_post_position":"meta","trending_post_label":"Trending","sponsored_post_label":"Sponsored by","disable_ad":"0"},"jnews_primary_category":[],"jnews_social_meta":[],"jnews_review":[],"enable_review":"","type":"percentage","name":"","summary":"","brand":"","sku":"","good":[],"bad":[],"score_override":"","override_value":"","rating":[],"price":[],"jnews_override_counter":{"view_counter_number":"0","share_counter_number":"0","like_counter_number":"0","dislike_counter_number":"0"},"jnews_post_split":{"post_split":[{"template":"1","tag":"h2","numbering":"asc","mode":"normal","first":"0","enable_toc":"0","toc_type":"normal"}]},"footnotes":""},"categories":[8],"tags":[457,1504],"class_list":["post-48658","post","type-post","status-publish","format-standard","has-post-thumbnail","hentry","category-provinciales","tag-senaf","tag-unquillo"],"jetpack_featured_media_url":"https:\/\/atecordoba.org\/wp-content\/uploads\/2025\/05\/senaf-unquillo.jpeg","_links":{"self":[{"href":"https:\/\/atecordoba.org\/index.php?rest_route=\/wp\/v2\/posts\/48658","targetHints":{"allow":["GET"]}}],"collection":[{"href":"https:\/\/atecordoba.org\/index.php?rest_route=\/wp\/v2\/posts"}],"about":[{"href":"https:\/\/atecordoba.org\/index.php?rest_route=\/wp\/v2\/types\/post"}],"author":[{"embeddable":true,"href":"https:\/\/atecordoba.org\/index.php?rest_route=\/wp\/v2\/users\/7"}],"replies":[{"embeddable":true,"href":"https:\/\/atecordoba.org\/index.php?rest_route=%2Fwp%2Fv2%2Fcomments&post=48658"}],"version-history":[{"count":2,"href":"https:\/\/atecordoba.org\/index.php?rest_route=\/wp\/v2\/posts\/48658\/revisions"}],"predecessor-version":[{"id":48662,"href":"https:\/\/atecordoba.org\/index.php?rest_route=\/wp\/v2\/posts\/48658\/revisions\/48662"}],"wp:featuredmedia":[{"embeddable":true,"href":"https:\/\/atecordoba.org\/index.php?rest_route=\/wp\/v2\/media\/48659"}],"wp:attachment":[{"href":"https:\/\/atecordoba.org\/index.php?rest_route=%2Fwp%2Fv2%2Fmedia&parent=48658"}],"wp:term":[{"taxonomy":"category","embeddable":true,"href":"https:\/\/atecordoba.org\/index.php?rest_route=%2Fwp%2Fv2%2Fcategories&post=48658"},{"taxonomy":"post_tag","embeddable":true,"href":"https:\/\/atecordoba.org\/index.php?rest_route=%2Fwp%2Fv2%2Ftags&post=48658"}],"curies":[{"name":"wp","href":"https:\/\/api.w.org\/{rel}","templated":true}]}}