{"id":48652,"date":"2025-05-13T13:10:42","date_gmt":"2025-05-13T16:10:42","guid":{"rendered":"https:\/\/atecordoba.org\/?p=48652"},"modified":"2025-05-13T13:17:33","modified_gmt":"2025-05-13T16:17:33","slug":"salud-la-nueva-maternidad-provincial-va-al-paro-por-salarios-dignos","status":"publish","type":"post","link":"https:\/\/atecordoba.org\/?p=48652","title":{"rendered":"Salud: la Nueva Maternidad Provincial va al paro por salarios dignos"},"content":{"rendered":"<p><img loading=\"lazy\" decoding=\"async\" class=\"aligncenter wp-image-48655 \" src=\"https:\/\/atecordoba.org\/wp-content\/uploads\/2025\/05\/maternidad-fede.jpeg\" alt=\"\" width=\"626\" height=\"470\" srcset=\"https:\/\/atecordoba.org\/wp-content\/uploads\/2025\/05\/maternidad-fede.jpeg 1024w, https:\/\/atecordoba.org\/wp-content\/uploads\/2025\/05\/maternidad-fede-300x225.jpeg 300w, https:\/\/atecordoba.org\/wp-content\/uploads\/2025\/05\/maternidad-fede-768x576.jpeg 768w, https:\/\/atecordoba.org\/wp-content\/uploads\/2025\/05\/maternidad-fede-750x563.jpeg 750w\" sizes=\"auto, (max-width: 626px) 100vw, 626px\" \/>En el marco del plan de lucha de la Salud Provincial, ATE realizar\u00e1 un paro de actividades en la Maternidad Provincial el pr\u00f3ximo viernes 16 de mayo en reclamo de mejoras salariales urgentes para el sector, frente a un salario b\u00e1sico que parte de 630 mil pesos que no alcanza a cubrir la canasta b\u00e1sica fijada por INDEC de $1.157.239 para el mes de abril.<\/p>\n<p>De esta forma, el viernes solo estar\u00e1n garantizadas las guardias m\u00ednimas establecidas por ley. El resto de los servicios estar\u00e1n paralizados.<\/p>\n<p>La agenda de reclamos incluye:<\/p>\n<ul>\n<li>Percepci\u00f3n del 100% del Adicional Remunerativo por Actividad de Guardia, igual al otorgado al resto de los m\u00e9dicos de la provincia en 2022.<\/li>\n<li>Percibir el pago &#8220;adicional por Guardia D\u00eda H\u00e1bil&#8221; por guardia de 24 horas realizada, sin el m\u00ednimo requerido injustificada de 96 horas (presentismo).<\/li>\n<li>Incluir el Grupo de Tocoginec\u00f3logos de la Provincia en las recomposiciones salariales de lo acontecido los \u00faltimos dos a\u00f1os, que los haberes de los profesionales no percibieron en los \u00faltimos dos a\u00f1os.<\/li>\n<li>Adicional por actividad cr\u00edtica, por tratarse de un hospital de tercer nivel, del 30% del salario b\u00e1sico, incluyendo tanto a la Nueva Maternidad y el Hospital Neonatal.<\/li>\n<li>Adicional de 50% del b\u00e1sico por atenci\u00f3n del binomio (madre\/hijo) debido a la gran responsabilidad que ello demanda y a los altos riesgos y demandas a los que el personal se enfrenta diariamente.<\/li>\n<li>Por la reincorporaci\u00f3n de los despedidos.<\/li>\n<li>Basta de persecuci\u00f3n contra dirigentes de ATE en el Hospital Neonatal y la Nueva Maternidad<\/li>\n<\/ul>\n","protected":false},"excerpt":{"rendered":"<p>En el marco del plan de lucha de la Salud Provincial, ATE realizar\u00e1 un paro de actividades en la Maternidad Provincial el pr\u00f3ximo viernes 16 de mayo en reclamo de mejoras salariales urgentes para el sector, frente a un salario b\u00e1sico que parte de 630 mil pesos que no alcanza a cubrir la canasta b\u00e1sica [&hellip;]<\/p>\n","protected":false},"author":7,"featured_media":48655,"comment_status":"open","ping_status":"open","sticky":false,"template":"","format":"standard","meta":{"_exactmetrics_skip_tracking":false,"_exactmetrics_sitenote_active":false,"_exactmetrics_sitenote_note":"","_exactmetrics_sitenote_category":0,"jnews-multi-image_gallery":[],"jnews_single_post":{"format":"standard","override":[{"template":"1","parallax":"1","fullscreen":"1","layout":"no-sidebar-narrow","sidebar":"default-sidebar","second_sidebar":"default-sidebar","sticky_sidebar":"1","share_position":"bottom","share_float_style":"share-monocrhome","show_share_counter":"1","show_view_counter":"1","show_post_meta":"1","show_post_author_image":"1","show_post_date":"1","post_date_format":"default","post_date_format_custom":"Y\/m\/d","show_post_category":"1","show_post_reading_time":"0","post_reading_time_wpm":"300","post_calculate_word_method":"str_word_count","show_zoom_button":"0","zoom_button_out_step":"2","zoom_button_in_step":"3","show_post_tag":"1","number_popup_post":"1","show_post_related":"1","show_inline_post_related":"0"}],"image_override":[{"single_post_thumbnail_size":"crop-500","single_post_gallery_size":"crop-500"}],"trending_post_position":"meta","trending_post_label":"Trending","sponsored_post_label":"Sponsored by","disable_ad":"0"},"jnews_primary_category":[],"jnews_social_meta":[],"jnews_review":[],"enable_review":"","type":"percentage","name":"","summary":"","brand":"","sku":"","good":[],"bad":[],"score_override":"","override_value":"","rating":[],"price":[],"jnews_override_counter":{"view_counter_number":"0","share_counter_number":"0","like_counter_number":"0","dislike_counter_number":"0"},"jnews_post_split":{"post_split":[{"template":"1","tag":"h2","numbering":"asc","mode":"normal","first":"0","enable_toc":"0","toc_type":"normal"}]},"footnotes":""},"categories":[8],"tags":[1510],"class_list":["post-48652","post","type-post","status-publish","format-standard","has-post-thumbnail","hentry","category-provinciales","tag-nueva-maternidad-provincial"],"jetpack_featured_media_url":"https:\/\/atecordoba.org\/wp-content\/uploads\/2025\/05\/maternidad-fede.jpeg","_links":{"self":[{"href":"https:\/\/atecordoba.org\/index.php?rest_route=\/wp\/v2\/posts\/48652","targetHints":{"allow":["GET"]}}],"collection":[{"href":"https:\/\/atecordoba.org\/index.php?rest_route=\/wp\/v2\/posts"}],"about":[{"href":"https:\/\/atecordoba.org\/index.php?rest_route=\/wp\/v2\/types\/post"}],"author":[{"embeddable":true,"href":"https:\/\/atecordoba.org\/index.php?rest_route=\/wp\/v2\/users\/7"}],"replies":[{"embeddable":true,"href":"https:\/\/atecordoba.org\/index.php?rest_route=%2Fwp%2Fv2%2Fcomments&post=48652"}],"version-history":[{"count":3,"href":"https:\/\/atecordoba.org\/index.php?rest_route=\/wp\/v2\/posts\/48652\/revisions"}],"predecessor-version":[{"id":48656,"href":"https:\/\/atecordoba.org\/index.php?rest_route=\/wp\/v2\/posts\/48652\/revisions\/48656"}],"wp:featuredmedia":[{"embeddable":true,"href":"https:\/\/atecordoba.org\/index.php?rest_route=\/wp\/v2\/media\/48655"}],"wp:attachment":[{"href":"https:\/\/atecordoba.org\/index.php?rest_route=%2Fwp%2Fv2%2Fmedia&parent=48652"}],"wp:term":[{"taxonomy":"category","embeddable":true,"href":"https:\/\/atecordoba.org\/index.php?rest_route=%2Fwp%2Fv2%2Fcategories&post=48652"},{"taxonomy":"post_tag","embeddable":true,"href":"https:\/\/atecordoba.org\/index.php?rest_route=%2Fwp%2Fv2%2Ftags&post=48652"}],"curies":[{"name":"wp","href":"https:\/\/api.w.org\/{rel}","templated":true}]}}