{"id":48640,"date":"2025-05-13T10:03:06","date_gmt":"2025-05-13T13:03:06","guid":{"rendered":"https:\/\/atecordoba.org\/?p=48640"},"modified":"2025-05-13T10:03:06","modified_gmt":"2025-05-13T13:03:06","slug":"ate-repudia-el-vaciamiento-de-fadea","status":"publish","type":"post","link":"https:\/\/atecordoba.org\/?p=48640","title":{"rendered":"ATE repudia el vaciamiento de FADEA"},"content":{"rendered":"<p><img loading=\"lazy\" decoding=\"async\" class=\"aligncenter wp-image-48638 \" src=\"https:\/\/atecordoba.org\/wp-content\/uploads\/2025\/05\/FNaSsXOXsAQw1EP-1024x576.jpg\" alt=\"\" width=\"604\" height=\"340\" srcset=\"https:\/\/atecordoba.org\/wp-content\/uploads\/2025\/05\/FNaSsXOXsAQw1EP-1024x576.jpg 1024w, https:\/\/atecordoba.org\/wp-content\/uploads\/2025\/05\/FNaSsXOXsAQw1EP-300x169.jpg 300w, https:\/\/atecordoba.org\/wp-content\/uploads\/2025\/05\/FNaSsXOXsAQw1EP-768x432.jpg 768w, https:\/\/atecordoba.org\/wp-content\/uploads\/2025\/05\/FNaSsXOXsAQw1EP-1536x864.jpg 1536w, https:\/\/atecordoba.org\/wp-content\/uploads\/2025\/05\/FNaSsXOXsAQw1EP-2048x1152.jpg 2048w, https:\/\/atecordoba.org\/wp-content\/uploads\/2025\/05\/FNaSsXOXsAQw1EP-750x422.jpg 750w, https:\/\/atecordoba.org\/wp-content\/uploads\/2025\/05\/FNaSsXOXsAQw1EP-1140x641.jpg 1140w\" sizes=\"auto, (max-width: 604px) 100vw, 604px\" \/><\/p>\n<p>El Consejo Directivo Provincial de ATE C\u00f3rdoba repudia el proceso de vaciamiento de la F\u00e1brica Argentina de Aviones (FADEA) que le est\u00e1 imponiendo el Gobierno de Milei.<\/p>\n<p>Con un parate de actividades por 72 horas y 700 trabajadores suspendidos, la situaci\u00f3n de FADEA expresa el desprecio del Gobierno Nacional por la producci\u00f3n industrial argentina, que pone en crisis la capacidad de atender las necesidades de producci\u00f3n para la defensa, mientras Milei compra vetustos aviones de guerra a la OTAN, en una operaci\u00f3n con tintes de conveniencia geopol\u00edtica en favor de EE.UU. y el gobierno fascista de Donald Trump.<\/p>\n<p>Ahora, 700 sufren un recorte brutal de sus salarios ya que la empresa solo pag\u00f3 el 30% de los sueldos y los compa\u00f1eros de FADEA sufren la incertidumbre sobre la continuidad de los puestos de trabajo.<br \/>\nCabe se\u00f1alar que la crisis de FADEA es resultado de la ca\u00edda de los contratos con el Ministerio de Defensa, que representan el 80% de los ingresos de la firma estatal.<\/p>\n<p>Tal cual como ATE C\u00f3rdoba viene denunciando desde la asunci\u00f3n de Milei, el gobierno libertario ha venido a llevar adelante un criminal desguace del Estado, rifando d\u00e9cadas de inversi\u00f3n del conjunto de las y los argentino en el desarrollo de la industria nacional, que fue en el caso de FADEA el germen del desarrollo industrial cordob\u00e9s, aportando al nacimiento y desarrollo de la industria metalmec\u00e1nica de la provincia.<\/p>\n<p>Desde ATE C\u00f3rdoba nos solidarizamos con los trabajadores de FADEA e instamos al gobierno de Milei a retomar y cumplir los contratos firmamos con FADEA para que la hist\u00f3rica F\u00e1brica de Aviones retome su actividades de manera normal.<\/p>\n","protected":false},"excerpt":{"rendered":"<p>El Consejo Directivo Provincial de ATE C\u00f3rdoba repudia el proceso de vaciamiento de la F\u00e1brica Argentina de Aviones (FADEA) que le est\u00e1 imponiendo el Gobierno de Milei. Con un parate de actividades por 72 horas y 700 trabajadores suspendidos, la situaci\u00f3n de FADEA expresa el desprecio del Gobierno Nacional por la producci\u00f3n industrial argentina, que [&hellip;]<\/p>\n","protected":false},"author":7,"featured_media":48639,"comment_status":"open","ping_status":"open","sticky":false,"template":"","format":"standard","meta":{"_exactmetrics_skip_tracking":false,"_exactmetrics_sitenote_active":false,"_exactmetrics_sitenote_note":"","_exactmetrics_sitenote_category":0,"jnews-multi-image_gallery":[],"jnews_single_post":{"format":"standard","override":[{"template":"1","parallax":"1","fullscreen":"1","layout":"no-sidebar-narrow","sidebar":"default-sidebar","second_sidebar":"default-sidebar","sticky_sidebar":"1","share_position":"bottom","share_float_style":"share-monocrhome","show_share_counter":"1","show_view_counter":"1","show_post_meta":"1","show_post_author_image":"1","show_post_date":"1","post_date_format":"default","post_date_format_custom":"Y\/m\/d","show_post_category":"1","show_post_reading_time":"0","post_reading_time_wpm":"300","post_calculate_word_method":"str_word_count","show_zoom_button":"0","zoom_button_out_step":"2","zoom_button_in_step":"3","show_post_tag":"1","number_popup_post":"1","show_post_related":"1","show_inline_post_related":"0"}],"image_override":[{"single_post_thumbnail_size":"crop-500","single_post_gallery_size":"crop-500"}],"trending_post_position":"meta","trending_post_label":"Trending","sponsored_post_label":"Sponsored by","disable_ad":"0"},"jnews_primary_category":[],"jnews_social_meta":[],"jnews_review":[],"enable_review":"","type":"percentage","name":"","summary":"","brand":"","sku":"","good":[],"bad":[],"score_override":"","override_value":"","rating":[],"price":[],"jnews_override_counter":{"view_counter_number":"0","share_counter_number":"0","like_counter_number":"0","dislike_counter_number":"0"},"jnews_post_split":{"post_split":[{"template":"1","tag":"h2","numbering":"asc","mode":"normal","first":"0","enable_toc":"0","toc_type":"normal"}]},"footnotes":""},"categories":[341],"tags":[165],"class_list":["post-48640","post","type-post","status-publish","format-standard","has-post-thumbnail","hentry","category-cdp","tag-fadea"],"jetpack_featured_media_url":"https:\/\/atecordoba.org\/wp-content\/uploads\/2025\/05\/IMG-20220216-WA0061-e1747141379540.jpg","_links":{"self":[{"href":"https:\/\/atecordoba.org\/index.php?rest_route=\/wp\/v2\/posts\/48640","targetHints":{"allow":["GET"]}}],"collection":[{"href":"https:\/\/atecordoba.org\/index.php?rest_route=\/wp\/v2\/posts"}],"about":[{"href":"https:\/\/atecordoba.org\/index.php?rest_route=\/wp\/v2\/types\/post"}],"author":[{"embeddable":true,"href":"https:\/\/atecordoba.org\/index.php?rest_route=\/wp\/v2\/users\/7"}],"replies":[{"embeddable":true,"href":"https:\/\/atecordoba.org\/index.php?rest_route=%2Fwp%2Fv2%2Fcomments&post=48640"}],"version-history":[{"count":1,"href":"https:\/\/atecordoba.org\/index.php?rest_route=\/wp\/v2\/posts\/48640\/revisions"}],"predecessor-version":[{"id":48641,"href":"https:\/\/atecordoba.org\/index.php?rest_route=\/wp\/v2\/posts\/48640\/revisions\/48641"}],"wp:featuredmedia":[{"embeddable":true,"href":"https:\/\/atecordoba.org\/index.php?rest_route=\/wp\/v2\/media\/48639"}],"wp:attachment":[{"href":"https:\/\/atecordoba.org\/index.php?rest_route=%2Fwp%2Fv2%2Fmedia&parent=48640"}],"wp:term":[{"taxonomy":"category","embeddable":true,"href":"https:\/\/atecordoba.org\/index.php?rest_route=%2Fwp%2Fv2%2Fcategories&post=48640"},{"taxonomy":"post_tag","embeddable":true,"href":"https:\/\/atecordoba.org\/index.php?rest_route=%2Fwp%2Fv2%2Ftags&post=48640"}],"curies":[{"name":"wp","href":"https:\/\/api.w.org\/{rel}","templated":true}]}}