{"id":48605,"date":"2025-05-09T14:32:49","date_gmt":"2025-05-09T17:32:49","guid":{"rendered":"https:\/\/atecordoba.org\/?p=48605"},"modified":"2025-05-09T15:24:09","modified_gmt":"2025-05-09T18:24:09","slug":"mesa-de-relaciones-laborales-en-los-hornillos-importantes-avances-para-las-y-los-trabajadores","status":"publish","type":"post","link":"https:\/\/atecordoba.org\/?p=48605","title":{"rendered":"Mesa de Relaciones Laborales en Los Hornillos: Importantes avances para las y los trabajadores"},"content":{"rendered":"<p data-pm-slice=\"1 1 []\">Este 9 de mayo, se llev\u00f3 a cabo una mesa de relaciones laborales entre ATE C\u00f3rdoba y la comuna de Los Hornillos, donde se abordaron temas claves para las condiciones laborales del personal. La reuni\u00f3n, realizada a las 12:30 horas, cont\u00f3 con la participaci\u00f3n de Lourdes Palacios (Asesora Legal de la comuna de Los Hornillos), Milagros Sozzi (Consejo Directivo Provincial de ATE C\u00f3rdoba), Ariel Kastli y Gabriela Chavez, recientemente electos delegadxs de ATE.<\/p>\n<p data-pm-slice=\"1 1 []\"><a href=\"https:\/\/atecordoba.org\/wp-content\/uploads\/2025\/05\/ce73bb23-b919-49b6-aff4-dbce0c6b05f2.jpg\"><img loading=\"lazy\" decoding=\"async\" class=\"alignnone size-full wp-image-48606\" src=\"https:\/\/atecordoba.org\/wp-content\/uploads\/2025\/05\/ce73bb23-b919-49b6-aff4-dbce0c6b05f2.jpg\" alt=\"\" width=\"1152\" height=\"648\" srcset=\"https:\/\/atecordoba.org\/wp-content\/uploads\/2025\/05\/ce73bb23-b919-49b6-aff4-dbce0c6b05f2.jpg 1152w, https:\/\/atecordoba.org\/wp-content\/uploads\/2025\/05\/ce73bb23-b919-49b6-aff4-dbce0c6b05f2-300x169.jpg 300w, https:\/\/atecordoba.org\/wp-content\/uploads\/2025\/05\/ce73bb23-b919-49b6-aff4-dbce0c6b05f2-1024x576.jpg 1024w, https:\/\/atecordoba.org\/wp-content\/uploads\/2025\/05\/ce73bb23-b919-49b6-aff4-dbce0c6b05f2-768x432.jpg 768w, https:\/\/atecordoba.org\/wp-content\/uploads\/2025\/05\/ce73bb23-b919-49b6-aff4-dbce0c6b05f2-750x422.jpg 750w, https:\/\/atecordoba.org\/wp-content\/uploads\/2025\/05\/ce73bb23-b919-49b6-aff4-dbce0c6b05f2-1140x641.jpg 1140w\" sizes=\"auto, (max-width: 1152px) 100vw, 1152px\" \/><\/a><\/p>\n<h3>\u2705 <strong>Principales Acuerdos Alcanzados:<\/strong><\/h3>\n<ol start=\"1\" data-spread=\"true\">\n<li><strong>Tratamiento en Mesa Paritaria en Junio:<\/strong>\n<ul data-spread=\"false\">\n<li>ATE logr\u00f3 que todos los \u00edtems planteados sean tratados en la pr\u00f3xima mesa paritaria del 10 de junio a diferencia de lo que ven\u00eda ocurriendo, donde las decisiones se tomaban unilateralmente por la comuna, ahora estos puntos se discutir\u00e1n colectivamente.<\/li>\n<\/ul>\n<\/li>\n<\/ol>\n<p>Esto incluye:<\/p>\n<ul>\n<li style=\"list-style-type: none;\">\n<ul>\n<li style=\"list-style-type: none;\">\n<ul data-spread=\"false\">\n<li>Aumento por asignaci\u00f3n familiar 10%, presentismo 4%, refrigerio 5% y puntualidad 8%<\/li>\n<li>Implementaci\u00f3n de ART para las y los trabajadores.<\/li>\n<\/ul>\n<\/li>\n<\/ul>\n<\/li>\n<\/ul>\n<ol start=\"1\" data-spread=\"true\">\n<li style=\"list-style-type: none;\">\n<ul data-spread=\"false\">\n<li style=\"list-style-type: none;\"><\/li>\n<\/ul>\n<\/li>\n<li><strong>Extensi\u00f3n del Per\u00edodo de Contratos:<\/strong>\n<ul data-spread=\"false\">\n<li>Los contratos, que hasta el momento se renovaban mensualmente, pasar\u00e1n a ser semestrales, brindando mayor estabilidad laboral a las y los trabajadores contratados.<\/li>\n<\/ul>\n<\/li>\n<li><strong>Re categorizaci\u00f3n de Trabajadores en Proceso de Jubilaci\u00f3n:<\/strong>\n<ul data-spread=\"false\">\n<li>Se logr\u00f3 la recategorizaci\u00f3n de dos de los tres trabajadores que est\u00e1n pr\u00f3ximos a jubilarse, garantizando una mejora en sus condiciones antes del retiro.<\/li>\n<\/ul>\n<\/li>\n<li><strong>Mejora de las las condiciones de trabajo:<\/strong>\n<ol start=\"1\" data-spread=\"true\">\n<li style=\"list-style-type: none;\">\n<ul data-spread=\"false\">\n<li style=\"list-style-type: none;\">\n<ul data-spread=\"false\">\n<li>Comienzan las tareas de mantenimiento del cami\u00f3n de basura y acondicionamiento del galp\u00f3n municipal incorporando ba\u00f1os en el mismo.<\/li>\n<\/ul>\n<\/li>\n<\/ul>\n<\/li>\n<\/ol>\n<\/li>\n<\/ol>\n<p data-pm-slice=\"1 1 []\"><a href=\"https:\/\/atecordoba.org\/wp-content\/uploads\/2025\/05\/WhatsApp-Image-2025-05-09-at-1.45.44-PM-1.jpeg\"><img loading=\"lazy\" decoding=\"async\" class=\"alignleft wp-image-48614 size-medium\" src=\"https:\/\/atecordoba.org\/wp-content\/uploads\/2025\/05\/WhatsApp-Image-2025-05-09-at-1.45.44-PM-1-169x300.jpeg\" alt=\"\" width=\"169\" height=\"300\" srcset=\"https:\/\/atecordoba.org\/wp-content\/uploads\/2025\/05\/WhatsApp-Image-2025-05-09-at-1.45.44-PM-1-169x300.jpeg 169w, https:\/\/atecordoba.org\/wp-content\/uploads\/2025\/05\/WhatsApp-Image-2025-05-09-at-1.45.44-PM-1-576x1024.jpeg 576w, https:\/\/atecordoba.org\/wp-content\/uploads\/2025\/05\/WhatsApp-Image-2025-05-09-at-1.45.44-PM-1.jpeg 720w\" sizes=\"auto, (max-width: 169px) 100vw, 169px\" \/><\/a><\/p>\n<p data-pm-slice=\"1 1 []\">\ud83c\udf89 <strong>Elecciones de Delegados y Delegadas en Los Hornillos:<\/strong> Hoy tambi\u00e9n se llevaron a cabo las elecciones de delegados y delegadas en Los Hornillos, donde con 19 votos fueron electos las y los compa\u00f1eros Gabriela Ch\u00e1vez y Hugo Kastli. La elecci\u00f3n estuvo a cargo de nuestra compa\u00f1era Sandra Guzm\u00e1n, de ATE C\u00f3rdoba.<\/p>\n<p data-pm-slice=\"1 1 []\"><em>&#8220;Fue una instancia de di\u00e1logo importante, donde pudimos avanzar en temas clave para las y los compa\u00f1eros. Vamos a seguir en estado de alerta para garantizar que lo acordado se cumpla en la pr\u00f3xima mesa paritaria&#8221;,<\/em> expres\u00f3 Milagros Sozzi, referente de ATE C\u00f3rdoba.<\/p>\n<p><a href=\"https:\/\/atecordoba.org\/wp-content\/uploads\/2025\/05\/3df56506-9c66-438d-9586-4750947d3402.jpg\"><img loading=\"lazy\" decoding=\"async\" class=\"alignnone size-full wp-image-48607\" src=\"https:\/\/atecordoba.org\/wp-content\/uploads\/2025\/05\/3df56506-9c66-438d-9586-4750947d3402.jpg\" alt=\"\" width=\"1200\" height=\"1600\" srcset=\"https:\/\/atecordoba.org\/wp-content\/uploads\/2025\/05\/3df56506-9c66-438d-9586-4750947d3402.jpg 1200w, https:\/\/atecordoba.org\/wp-content\/uploads\/2025\/05\/3df56506-9c66-438d-9586-4750947d3402-225x300.jpg 225w, https:\/\/atecordoba.org\/wp-content\/uploads\/2025\/05\/3df56506-9c66-438d-9586-4750947d3402-768x1024.jpg 768w, https:\/\/atecordoba.org\/wp-content\/uploads\/2025\/05\/3df56506-9c66-438d-9586-4750947d3402-1152x1536.jpg 1152w, https:\/\/atecordoba.org\/wp-content\/uploads\/2025\/05\/3df56506-9c66-438d-9586-4750947d3402-750x1000.jpg 750w, https:\/\/atecordoba.org\/wp-content\/uploads\/2025\/05\/3df56506-9c66-438d-9586-4750947d3402-1140x1520.jpg 1140w\" sizes=\"auto, (max-width: 1200px) 100vw, 1200px\" \/><\/a><\/p>\n<p>\ud83d\udcc5 <strong>Pr\u00f3xima Reuni\u00f3n:<\/strong><\/p>\n<ul data-spread=\"false\">\n<li>Martes 10 de junio a las 11:00 hs.<\/li>\n<\/ul>\n<p>Seguimos organiz\u00e1ndonos y luchando por los derechos de las y los trabajadores en cada rinc\u00f3n del territorio provincial. #ATEC\u00f3rdoba #RelacionesLaborales #LosHornillos #UnidadYLucha<\/p>\n","protected":false},"excerpt":{"rendered":"<p>Este 9 de mayo, se llev\u00f3 a cabo una mesa de relaciones laborales entre ATE C\u00f3rdoba y la comuna de Los Hornillos, donde se abordaron temas claves para las condiciones laborales del personal. La reuni\u00f3n, realizada a las 12:30 horas, cont\u00f3 con la participaci\u00f3n de Lourdes Palacios (Asesora Legal de la comuna de Los Hornillos), [&hellip;]<\/p>\n","protected":false},"author":3,"featured_media":48606,"comment_status":"open","ping_status":"open","sticky":false,"template":"","format":"standard","meta":{"_exactmetrics_skip_tracking":false,"_exactmetrics_sitenote_active":false,"_exactmetrics_sitenote_note":"","_exactmetrics_sitenote_category":0,"jnews-multi-image_gallery":[],"jnews_single_post":{"format":"standard","override":[{"template":"1","parallax":"1","fullscreen":"1","layout":"no-sidebar-narrow","sidebar":"default-sidebar","second_sidebar":"default-sidebar","sticky_sidebar":"1","share_position":"bottom","share_float_style":"share-monocrhome","show_share_counter":"1","show_view_counter":"1","show_post_meta":"1","show_post_author_image":"1","show_post_date":"1","post_date_format":"default","post_date_format_custom":"Y\/m\/d","show_post_category":"1","show_post_reading_time":"0","post_reading_time_wpm":"300","post_calculate_word_method":"str_word_count","show_zoom_button":"0","zoom_button_out_step":"2","zoom_button_in_step":"3","show_post_tag":"1","number_popup_post":"1","show_post_related":"1","show_inline_post_related":"0"}],"image_override":[{"single_post_thumbnail_size":"crop-500","single_post_gallery_size":"crop-500"}],"trending_post_position":"meta","trending_post_label":"Trending","sponsored_post_label":"Sponsored by","disable_ad":"0"},"jnews_primary_category":[],"jnews_social_meta":[],"jnews_review":[],"enable_review":"","type":"percentage","name":"","summary":"","brand":"","sku":"","good":[],"bad":[],"score_override":"","override_value":"","rating":[],"price":[],"jnews_override_counter":{"view_counter_number":"0","share_counter_number":"0","like_counter_number":"0","dislike_counter_number":"0"},"jnews_post_split":{"post_split":[{"template":"1","tag":"h2","numbering":"asc","mode":"normal","first":"0","enable_toc":"0","toc_type":"normal"}]},"footnotes":""},"categories":[20],"tags":[],"class_list":["post-48605","post","type-post","status-publish","format-standard","has-post-thumbnail","hentry","category-municipales"],"jetpack_featured_media_url":"https:\/\/atecordoba.org\/wp-content\/uploads\/2025\/05\/ce73bb23-b919-49b6-aff4-dbce0c6b05f2.jpg","_links":{"self":[{"href":"https:\/\/atecordoba.org\/index.php?rest_route=\/wp\/v2\/posts\/48605","targetHints":{"allow":["GET"]}}],"collection":[{"href":"https:\/\/atecordoba.org\/index.php?rest_route=\/wp\/v2\/posts"}],"about":[{"href":"https:\/\/atecordoba.org\/index.php?rest_route=\/wp\/v2\/types\/post"}],"author":[{"embeddable":true,"href":"https:\/\/atecordoba.org\/index.php?rest_route=\/wp\/v2\/users\/3"}],"replies":[{"embeddable":true,"href":"https:\/\/atecordoba.org\/index.php?rest_route=%2Fwp%2Fv2%2Fcomments&post=48605"}],"version-history":[{"count":9,"href":"https:\/\/atecordoba.org\/index.php?rest_route=\/wp\/v2\/posts\/48605\/revisions"}],"predecessor-version":[{"id":48618,"href":"https:\/\/atecordoba.org\/index.php?rest_route=\/wp\/v2\/posts\/48605\/revisions\/48618"}],"wp:featuredmedia":[{"embeddable":true,"href":"https:\/\/atecordoba.org\/index.php?rest_route=\/wp\/v2\/media\/48606"}],"wp:attachment":[{"href":"https:\/\/atecordoba.org\/index.php?rest_route=%2Fwp%2Fv2%2Fmedia&parent=48605"}],"wp:term":[{"taxonomy":"category","embeddable":true,"href":"https:\/\/atecordoba.org\/index.php?rest_route=%2Fwp%2Fv2%2Fcategories&post=48605"},{"taxonomy":"post_tag","embeddable":true,"href":"https:\/\/atecordoba.org\/index.php?rest_route=%2Fwp%2Fv2%2Ftags&post=48605"}],"curies":[{"name":"wp","href":"https:\/\/api.w.org\/{rel}","templated":true}]}}