{"id":48602,"date":"2025-05-09T13:02:46","date_gmt":"2025-05-09T16:02:46","guid":{"rendered":"https:\/\/atecordoba.org\/?p=48602"},"modified":"2025-05-09T13:02:46","modified_gmt":"2025-05-09T16:02:46","slug":"el-proyecto-mileista-avanza-en-conicet","status":"publish","type":"post","link":"https:\/\/atecordoba.org\/?p=48602","title":{"rendered":"El Proyecto Mileista avanza en CONICET"},"content":{"rendered":"<p data-pm-slice=\"1 1 []\">\ud83d\udce2 <strong>Nombramientos pol\u00e9micos en el Directorio del CONICET<\/strong><br \/>\nEn el d\u00eda de hoy, fueron designados dos nuevos miembros en el Directorio del CONICET, lo que refuerza el avance del proyecto mileista en el organismo. Los nombramientos responden a una clara estrategia del gobierno para profundizar el ajuste en la instituci\u00f3n.<\/p>\n<p data-pm-slice=\"1 1 []\"><a href=\"https:\/\/atecordoba.org\/wp-content\/uploads\/2025\/05\/multimedia.normal.9e75e7823176aded.cHJvdGVzdGEgZGUgY29uaWNldCBBVEUgQ29yZG9iYV9ub3JtYWwud2VicA-1.webp\"><img loading=\"lazy\" decoding=\"async\" class=\"alignnone size-full wp-image-48603\" src=\"https:\/\/atecordoba.org\/wp-content\/uploads\/2025\/05\/multimedia.normal.9e75e7823176aded.cHJvdGVzdGEgZGUgY29uaWNldCBBVEUgQ29yZG9iYV9ub3JtYWwud2VicA-1.webp\" alt=\"\" width=\"1080\" height=\"730\" srcset=\"https:\/\/atecordoba.org\/wp-content\/uploads\/2025\/05\/multimedia.normal.9e75e7823176aded.cHJvdGVzdGEgZGUgY29uaWNldCBBVEUgQ29yZG9iYV9ub3JtYWwud2VicA-1.webp 1080w, https:\/\/atecordoba.org\/wp-content\/uploads\/2025\/05\/multimedia.normal.9e75e7823176aded.cHJvdGVzdGEgZGUgY29uaWNldCBBVEUgQ29yZG9iYV9ub3JtYWwud2VicA-1-300x203.webp 300w, https:\/\/atecordoba.org\/wp-content\/uploads\/2025\/05\/multimedia.normal.9e75e7823176aded.cHJvdGVzdGEgZGUgY29uaWNldCBBVEUgQ29yZG9iYV9ub3JtYWwud2VicA-1-1024x692.webp 1024w, https:\/\/atecordoba.org\/wp-content\/uploads\/2025\/05\/multimedia.normal.9e75e7823176aded.cHJvdGVzdGEgZGUgY29uaWNldCBBVEUgQ29yZG9iYV9ub3JtYWwud2VicA-1-768x519.webp 768w, https:\/\/atecordoba.org\/wp-content\/uploads\/2025\/05\/multimedia.normal.9e75e7823176aded.cHJvdGVzdGEgZGUgY29uaWNldCBBVEUgQ29yZG9iYV9ub3JtYWwud2VicA-1-750x507.webp 750w\" sizes=\"auto, (max-width: 1080px) 100vw, 1080px\" \/><\/a><\/p>\n<h3>\ud83d\udea8 <strong>\u00bfQui\u00e9nes son los nuevos integrantes?<\/strong><\/h3>\n<ul data-spread=\"false\">\n<li><strong>Jos\u00e9 Mar\u00eda Bruniard:<\/strong> Postulado por CONINAGRO en representaci\u00f3n de las organizaciones del agro. Reemplaza a Manuel Garc\u00eda Sol\u00e1, quien fue obligado a renunciar el a\u00f1o pasado tras cuestionar a Daniel Salamone. Bruniard ha expresado p\u00fablicamente su intenci\u00f3n de privatizar la universidad, reducir el presupuesto del CONICET y eliminar las Ciencias Sociales del organismo, banderas que coinciden con el proyecto de Javier Milei.<\/li>\n<li><strong>Walter Fabi\u00e1n Sione:<\/strong> Propuesto por los organismos de Ciencia y Tecnolog\u00eda provinciales. Hasta ahora, se desempe\u00f1aba como Secretario de Ciencia, Tecnolog\u00eda e Innovaci\u00f3n del gobierno de Rogelio Frigerio (PRO) en Entre R\u00edos. Su incorporaci\u00f3n tambi\u00e9n refuerza la posici\u00f3n del oficialismo en el Directorio.<\/li>\n<\/ul>\n<h3>\ud83d\udcc9 <strong>Medidas preocupantes: el ajuste contin\u00faa<\/strong><\/h3>\n<p>Estos nombramientos se producen en un contexto alarmante para la comunidad cient\u00edfica. En los \u00faltimos d\u00edas, se anunciaron dos medidas que afectan directamente al financiamiento de las investigaciones:<\/p>\n<ul data-spread=\"false\">\n<li><strong>Cierre del FONDOTEC:<\/strong> Un fondo de la Agencia que administraba subsidios y que hace un a\u00f1o y medio no se paga, afectando el sostenimiento de numerosos proyectos.<\/li>\n<li><strong>Convocatoria a PIP con restricciones:<\/strong> Las nuevas condiciones para los Proyectos de Investigaci\u00f3n Plurianuales (PIP) limitan la postulaci\u00f3n de ciertos perfiles y marginan \u00e1reas como Ciencias Sociales y Humanidades. Adem\u00e1s, los montos asignados son insuficientes para sostener las investigaciones.<\/li>\n<\/ul>\n<h3>\ud83d\uded1 <strong>En alerta y movilizaci\u00f3n<\/strong><\/h3>\n<p>Desde ATE C\u00f3rdoba rechazamos firmemente la designaci\u00f3n de Jos\u00e9 Mar\u00eda Bruniard, cuyo perfil responde al proyecto de ajuste y desmantelamiento del CONICET que impulsa el oficialismo. Exigimos que se garantice el financiamiento para todas las investigaciones del organismo y convocamos a fortalecer la organizaci\u00f3n y la unidad para frenar el avance del proyecto mileista.<\/p>\n<p>\ud83d\udccc <strong>Seguiremos informando sobre las pr\u00f3ximas acciones de lucha junto a otros sectores de trabajadoras y trabajadores de la ciencia.<\/strong><\/p>\n<p>&nbsp;<\/p>\n","protected":false},"excerpt":{"rendered":"<p>\ud83d\udce2 Nombramientos pol\u00e9micos en el Directorio del CONICET En el d\u00eda de hoy, fueron designados dos nuevos miembros en el Directorio del CONICET, lo que refuerza el avance del proyecto mileista en el organismo. Los nombramientos responden a una clara estrategia del gobierno para profundizar el ajuste en la instituci\u00f3n. \ud83d\udea8 \u00bfQui\u00e9nes son los nuevos [&hellip;]<\/p>\n","protected":false},"author":3,"featured_media":48603,"comment_status":"open","ping_status":"open","sticky":false,"template":"","format":"standard","meta":{"_exactmetrics_skip_tracking":false,"_exactmetrics_sitenote_active":false,"_exactmetrics_sitenote_note":"","_exactmetrics_sitenote_category":0,"jnews-multi-image_gallery":[],"jnews_single_post":{"format":"standard","override":[{"template":"1","parallax":"1","fullscreen":"1","layout":"no-sidebar-narrow","sidebar":"default-sidebar","second_sidebar":"default-sidebar","sticky_sidebar":"1","share_position":"bottom","share_float_style":"share-monocrhome","show_share_counter":"1","show_view_counter":"1","show_post_meta":"1","show_post_author_image":"1","show_post_date":"1","post_date_format":"default","post_date_format_custom":"Y\/m\/d","show_post_category":"1","show_post_reading_time":"0","post_reading_time_wpm":"300","post_calculate_word_method":"str_word_count","show_zoom_button":"0","zoom_button_out_step":"2","zoom_button_in_step":"3","show_post_tag":"1","number_popup_post":"1","show_post_related":"1","show_inline_post_related":"0"}],"image_override":[{"single_post_thumbnail_size":"crop-500","single_post_gallery_size":"crop-500"}],"trending_post_position":"meta","trending_post_label":"Trending","sponsored_post_label":"Sponsored by","disable_ad":"0"},"jnews_primary_category":[],"jnews_social_meta":[],"jnews_review":[],"enable_review":"","type":"percentage","name":"","summary":"","brand":"","sku":"","good":[],"bad":[],"score_override":"","override_value":"","rating":[],"price":[],"jnews_override_counter":{"view_counter_number":"0","share_counter_number":"0","like_counter_number":"0","dislike_counter_number":"0"},"jnews_post_split":{"post_split":[{"template":"1","tag":"h2","numbering":"asc","mode":"normal","first":"0","enable_toc":"0","toc_type":"normal"}]},"footnotes":""},"categories":[105,18],"tags":[],"class_list":["post-48602","post","type-post","status-publish","format-standard","has-post-thumbnail","hentry","category-conicet","category-nacionales"],"jetpack_featured_media_url":"https:\/\/atecordoba.org\/wp-content\/uploads\/2025\/05\/multimedia.normal.9e75e7823176aded.cHJvdGVzdGEgZGUgY29uaWNldCBBVEUgQ29yZG9iYV9ub3JtYWwud2VicA-1.webp","_links":{"self":[{"href":"https:\/\/atecordoba.org\/index.php?rest_route=\/wp\/v2\/posts\/48602","targetHints":{"allow":["GET"]}}],"collection":[{"href":"https:\/\/atecordoba.org\/index.php?rest_route=\/wp\/v2\/posts"}],"about":[{"href":"https:\/\/atecordoba.org\/index.php?rest_route=\/wp\/v2\/types\/post"}],"author":[{"embeddable":true,"href":"https:\/\/atecordoba.org\/index.php?rest_route=\/wp\/v2\/users\/3"}],"replies":[{"embeddable":true,"href":"https:\/\/atecordoba.org\/index.php?rest_route=%2Fwp%2Fv2%2Fcomments&post=48602"}],"version-history":[{"count":1,"href":"https:\/\/atecordoba.org\/index.php?rest_route=\/wp\/v2\/posts\/48602\/revisions"}],"predecessor-version":[{"id":48604,"href":"https:\/\/atecordoba.org\/index.php?rest_route=\/wp\/v2\/posts\/48602\/revisions\/48604"}],"wp:featuredmedia":[{"embeddable":true,"href":"https:\/\/atecordoba.org\/index.php?rest_route=\/wp\/v2\/media\/48603"}],"wp:attachment":[{"href":"https:\/\/atecordoba.org\/index.php?rest_route=%2Fwp%2Fv2%2Fmedia&parent=48602"}],"wp:term":[{"taxonomy":"category","embeddable":true,"href":"https:\/\/atecordoba.org\/index.php?rest_route=%2Fwp%2Fv2%2Fcategories&post=48602"},{"taxonomy":"post_tag","embeddable":true,"href":"https:\/\/atecordoba.org\/index.php?rest_route=%2Fwp%2Fv2%2Ftags&post=48602"}],"curies":[{"name":"wp","href":"https:\/\/api.w.org\/{rel}","templated":true}]}}