{"id":4860,"date":"2014-12-03T15:38:09","date_gmt":"2014-12-03T18:38:09","guid":{"rendered":"http:\/\/www.atecordoba.org\/?p=4860"},"modified":"2014-12-03T15:38:09","modified_gmt":"2014-12-03T18:38:09","slug":"por-la-jornada-de-protesta-ate-volanteo-en-la-plaza-san-martin","status":"publish","type":"post","link":"https:\/\/atecordoba.org\/?p=4860","title":{"rendered":"Por la Jornada de Protesta ATE volante\u00f3 en la Plaza San Mart\u00edn"},"content":{"rendered":"<p><em>La actividad se realiz\u00f3 en el marco de la Jornada de Protesta y el paro que determin\u00f3 ATE nacional, en reclamo de reapertura de paritarias y de un bono de fin de a\u00f1o de $4000 en el Estado nacional.\u00a0<\/em><\/p>\n<p><a href=\"http:\/\/www.atecordoba.org\/wp-content\/uploads\/2014\/12\/IMG_7151-e1417630729779.jpg\"><img loading=\"lazy\" decoding=\"async\" class=\"aligncenter size-full wp-image-4862\" src=\"http:\/\/www.atecordoba.org\/wp-content\/uploads\/2014\/12\/IMG_7151-e1417630729779.jpg\" alt=\"IMG_7151\" width=\"500\" height=\"281\" \/><\/a><\/p>\n<p>Alrededor de las 11 horas, afiliados, delegados y miembros de comisi\u00f3n directiva repartieron volantes para difundir el reclamo de reapertura de paritarias y un bono navide\u00f1o que compense la ca\u00edda del poder adquisitivo del salario, dada la escalada inflacionaria.<\/p>\n<p><a href=\"http:\/\/www.atecordoba.org\/wp-content\/uploads\/2014\/12\/IMG_7146-e1417630774957.jpg\"><img loading=\"lazy\" decoding=\"async\" class=\"aligncenter size-full wp-image-4863\" src=\"http:\/\/www.atecordoba.org\/wp-content\/uploads\/2014\/12\/IMG_7146-e1417630774957.jpg\" alt=\"IMG_7146\" width=\"500\" height=\"281\" \/><\/a><\/p>\n<p>Los compa\u00f1eros iniciaron la actividad, tras concluirse en nuestra sede un plenario de delegados provinciales que viene debatiendo la actualidad del sector salud. En la oportunidad, estuvieron presentes Luis Barcena, secretario de Interior, Daniel Pawluchuzk, secretario de Prensa, y Fernando Castro, prosecretario Gremial, entre otros dirigentes.<\/p>\n<p><a href=\"http:\/\/www.atecordoba.org\/wp-content\/uploads\/2014\/12\/IMG_7144-e1417631041236.jpg\"><img loading=\"lazy\" decoding=\"async\" class=\"aligncenter size-full wp-image-4865\" src=\"http:\/\/www.atecordoba.org\/wp-content\/uploads\/2014\/12\/IMG_7144-e1417631041236.jpg\" alt=\"IMG_7144\" width=\"500\" height=\"281\" \/><\/a><\/p>\n<p>&nbsp;<\/p>\n<p>Seg\u00fan explic\u00f3 Barcena, ATE lleva a cabo hoy la medida de fuerza &#8220;para que los gobiernos escuchen el reclamo de los trabajadores y \u00a0se plantee un aumento salarial acorde, que permita recuperar el poder adquisitivo de los estatales y sus familias&#8221;.<\/p>\n<p><a href=\"http:\/\/www.atecordoba.org\/wp-content\/uploads\/2014\/12\/IMG_7139-e1417630903613.jpg\"><img loading=\"lazy\" decoding=\"async\" class=\"aligncenter size-full wp-image-4864\" src=\"http:\/\/www.atecordoba.org\/wp-content\/uploads\/2014\/12\/IMG_7139-e1417630903613.jpg\" alt=\"IMG_7139\" width=\"500\" height=\"281\" \/><\/a><\/p>\n","protected":false},"excerpt":{"rendered":"<p>La actividad se realiz\u00f3 en el marco de la Jornada de Protesta y el paro que determin\u00f3 ATE nacional, en reclamo de reapertura de paritarias y de un bono de fin de a\u00f1o de $4000 en el Estado nacional.\u00a0 Alrededor de las 11 horas, afiliados, delegados y miembros de comisi\u00f3n directiva repartieron volantes para difundir [&hellip;]<\/p>\n","protected":false},"author":1,"featured_media":19220,"comment_status":"open","ping_status":"open","sticky":false,"template":"","format":"standard","meta":{"_exactmetrics_skip_tracking":false,"_exactmetrics_sitenote_active":false,"_exactmetrics_sitenote_note":"","_exactmetrics_sitenote_category":0,"jnews-multi-image_gallery":[],"jnews_single_post":[],"jnews_primary_category":[],"jnews_social_meta":[],"jnews_review":[],"enable_review":"","type":"","name":"","summary":"","brand":"","sku":"","good":[],"bad":[],"score_override":"","override_value":"","rating":[],"price":[],"jnews_override_counter":[],"jnews_post_split":[],"footnotes":""},"categories":[1],"tags":[],"class_list":["post-4860","post","type-post","status-publish","format-standard","has-post-thumbnail","hentry","category-sin-categoria"],"jetpack_featured_media_url":"https:\/\/atecordoba.org\/wp-content\/uploads\/2020\/05\/logo-nuevochico-e1561581322808.png","_links":{"self":[{"href":"https:\/\/atecordoba.org\/index.php?rest_route=\/wp\/v2\/posts\/4860","targetHints":{"allow":["GET"]}}],"collection":[{"href":"https:\/\/atecordoba.org\/index.php?rest_route=\/wp\/v2\/posts"}],"about":[{"href":"https:\/\/atecordoba.org\/index.php?rest_route=\/wp\/v2\/types\/post"}],"author":[{"embeddable":true,"href":"https:\/\/atecordoba.org\/index.php?rest_route=\/wp\/v2\/users\/1"}],"replies":[{"embeddable":true,"href":"https:\/\/atecordoba.org\/index.php?rest_route=%2Fwp%2Fv2%2Fcomments&post=4860"}],"version-history":[{"count":0,"href":"https:\/\/atecordoba.org\/index.php?rest_route=\/wp\/v2\/posts\/4860\/revisions"}],"wp:featuredmedia":[{"embeddable":true,"href":"https:\/\/atecordoba.org\/index.php?rest_route=\/wp\/v2\/media\/19220"}],"wp:attachment":[{"href":"https:\/\/atecordoba.org\/index.php?rest_route=%2Fwp%2Fv2%2Fmedia&parent=4860"}],"wp:term":[{"taxonomy":"category","embeddable":true,"href":"https:\/\/atecordoba.org\/index.php?rest_route=%2Fwp%2Fv2%2Fcategories&post=4860"},{"taxonomy":"post_tag","embeddable":true,"href":"https:\/\/atecordoba.org\/index.php?rest_route=%2Fwp%2Fv2%2Ftags&post=4860"}],"curies":[{"name":"wp","href":"https:\/\/api.w.org\/{rel}","templated":true}]}}