{"id":48586,"date":"2025-05-07T15:10:21","date_gmt":"2025-05-07T18:10:21","guid":{"rendered":"https:\/\/atecordoba.org\/?p=48586"},"modified":"2025-05-07T15:10:21","modified_gmt":"2025-05-07T18:10:21","slug":"ataque-a-la-ciencia-argentina-diputados-y-la-mesa-de-ciencia-y-tecnica-repudian-la-eliminacion-del-fondotec","status":"publish","type":"post","link":"https:\/\/atecordoba.org\/?p=48586","title":{"rendered":"Ataque a la Ciencia Argentina: diputados y la Mesa de Ciencia y T\u00e9cnica repudian la eliminaci\u00f3n del FONDOTEC"},"content":{"rendered":"<p><img loading=\"lazy\" decoding=\"async\" class=\"aligncenter wp-image-48587 size-full\" src=\"https:\/\/atecordoba.org\/wp-content\/uploads\/2025\/05\/mesa-ciencia-y-tecnica.jpeg\" alt=\"\" width=\"576\" height=\"302\" srcset=\"https:\/\/atecordoba.org\/wp-content\/uploads\/2025\/05\/mesa-ciencia-y-tecnica.jpeg 576w, https:\/\/atecordoba.org\/wp-content\/uploads\/2025\/05\/mesa-ciencia-y-tecnica-300x157.jpeg 300w\" sizes=\"auto, (max-width: 576px) 100vw, 576px\" \/>En un proyecto de declaraci\u00f3n presentado en el Congreso de la Naci\u00f3n, diputados y diputadas nacionales repudiaron el abrupto anuncio del gobierno de Milei que dispone la eliminaci\u00f3n del Fondo Fiduciario para la Promoci\u00f3n Cient\u00edfica y Tecnol\u00f3gica (FONDOTEC), seg\u00fan lo informado por el vocero Adorni.<\/p>\n<p>La presentaci\u00f3n del proyecto para que sea aprobado por la C\u00e1mara de Diputados, cont\u00f3 con la adhesi\u00f3n de la Mesa Sindical de Ciencia y T\u00e9cnica, que nuclea gremios como ATE ( que agrupa organismos de peso y basta trayectoria en la provincia como ATE CONAE, ATE VENG, ATE INTI, ATE DIOXITEK), Adiuc (docentes e investigadores universitarios) y Apinta (gremio de INTA seccional Manfredi).<\/p>\n<p>Conforme lo expresado por las y los autores del proyecto &#8220;la eliminaci\u00f3n del FONDOTEC viene a sumar un ataque m\u00e1s del gobierno nacional contra el sector cient\u00edfico tecnol\u00f3gico de nuestro pa\u00eds, en el marco de un ajuste salvaje que ataca las bases del desarrollo soberano y el bienestar del pueblo argentino&#8221;.<\/p>\n<p>La declaraci\u00f3n cuenta con la firma de las y los diputados\u00a0Daniel Gollan, Eduardo Toniolli, Julio Pereyra, Roxana Monzon, Mart\u00edn Soria, Carolina Yutrovic, Tanya Bertoldi, Gabriela Pedrali, Nancy Sand, Jorge Araujo Hern\u00e1ndez, Gustavo Gonz\u00e1lez, Silvana Ginocchio y \u00a0Eugenia Alianiello.<\/p>\n<p><strong>Fundamentos<\/strong><\/p>\n<p>En sus fundamentos el proyecto expresa su &#8220;preocupaci\u00f3n y el repudio por el nuevo ataque sufrido por el sector cient\u00edfico tecnol\u00f3gico por parte del gobierno de Javier Milei, anunciado por el vocero presidencial Manuel Adorni.&#8221;<\/p>\n<p>Y agrega que &#8220;el Fondo Fiduciario para la Promoci\u00f3n Cient\u00edfica y Tecnol\u00f3gica (FONDOTEC) fue creado en 1990 por la ley 23.877 y tiene por objeto: art. 1: \u201cmejorar la actividad productiva y comercial, a trav\u00e9s de la promoci\u00f3n y fomento de la investigaci\u00f3n y desarrollo, la transmisi\u00f3n de tecnolog\u00eda, la asistencia t\u00e9cnica y todos aquellos hechos innovadores que redunden en lograr un mayor bienestar del pueblo y la grandeza de la Naci\u00f3n, jerarquizando socialmente la tarea del cient\u00edfico, del tecn\u00f3logo y del empresario innovador\u201d.<\/p>\n<p>&#8220;Es una herramienta fundamental para el financiamiento de la investigaci\u00f3n, el desarrollo tecnol\u00f3gico y la innovaci\u00f3n y garantiza recursos estrat\u00e9gicos para proyectos que impulsaron la soberan\u00eda nacional en \u00e1reas como salud, energ\u00eda, industria y tecnolog\u00eda&#8221;.<\/p>\n<p>&#8220;Durante los gobiernos de N\u00e9stor Kirchner y Cristina Fern\u00e1ndez de Kirchner, la ciencia y la tecnolog\u00eda fueron pol\u00edticas de Estado prioritarias, multiplicando la inversi\u00f3n en el sector, creando nuevos centros de investigaci\u00f3n, repatriando cient\u00edficos y fortaleciendo instituciones como el CONICET, las universidades nacionales y las empresas de base tecnol\u00f3gica&#8221;.<\/p>\n<p>&#8220;En base a estas pol\u00edticas, la Argentina logr\u00f3 avances hist\u00f3ricos como la producci\u00f3n p\u00fablica de medicamentos, el desarrollo satelital (ARSAT), la industria nuclear, la biotecnolog\u00eda aplicada al agro y la fabricaci\u00f3n de vacunas, demostrando que un proyecto nacional con inclusi\u00f3n social es incompatible con el desmantelamiento del sistema cient\u00edfico. El actual gobierno, en l\u00ednea con su ideolog\u00eda de ajuste y entrega, ha decidido destruir este legado, dejando en la desprotecci\u00f3n a miles de investigadores, becarios y trabajadores, y abandonando proyectos clave para el desarrollo con justicia social. Esta medida es parte de un plan sistem\u00e1tico de destrucci\u00f3n y de &#8216;cientificidio&#8217;, tal como lo definiera toda la comunidad del sector cient\u00edfico en el encuentro mantenido con la comisi\u00f3n de Ciencia, Tecnolog\u00eda e Innovaci\u00f3n Productiva de la C\u00e1mara de Diputados de la Naci\u00f3n&#8221;.<\/p>\n<p>&#8220;Y se suma al vaciamiento general del Estado, que ya incluy\u00f3 recortes brutales en educaci\u00f3n, cultura y salud, violando el mandato constitucional que obliga al Estado a promover la ciencia y la tecnolog\u00eda (Art. 75, inc. 19 de la Constituci\u00f3n Nacional). Por ello, manifestamos el m\u00e1s firme repudio a la eliminaci\u00f3n del Fondo Fiduciario para la Promoci\u00f3n Cient\u00edfica y Tecnol\u00f3gica, una decisi\u00f3n regresiva que nos retrotrae a las peores \u00e9pocas de desindustrializaci\u00f3n y dependencia extranjera. Exigimos la inmediata reapertura del Fondo y convocamos a todos los sectores democr\u00e1ticos a movilizarse en defensa de la ciencia nacional, como pilar fundamental de un proyecto de pa\u00eds libre, justo y soberano&#8221;, concluye el presente proyecto.<\/p>\n","protected":false},"excerpt":{"rendered":"<p>En un proyecto de declaraci\u00f3n presentado en el Congreso de la Naci\u00f3n, diputados y diputadas nacionales repudiaron el abrupto anuncio del gobierno de Milei que dispone la eliminaci\u00f3n del Fondo Fiduciario para la Promoci\u00f3n Cient\u00edfica y Tecnol\u00f3gica (FONDOTEC), seg\u00fan lo informado por el vocero Adorni. La presentaci\u00f3n del proyecto para que sea aprobado por la [&hellip;]<\/p>\n","protected":false},"author":7,"featured_media":48587,"comment_status":"open","ping_status":"open","sticky":false,"template":"","format":"standard","meta":{"_exactmetrics_skip_tracking":false,"_exactmetrics_sitenote_active":false,"_exactmetrics_sitenote_note":"","_exactmetrics_sitenote_category":0,"jnews-multi-image_gallery":[],"jnews_single_post":{"format":"standard","override":[{"template":"1","parallax":"1","fullscreen":"1","layout":"no-sidebar-narrow","sidebar":"default-sidebar","second_sidebar":"default-sidebar","sticky_sidebar":"1","share_position":"bottom","share_float_style":"share-monocrhome","show_share_counter":"1","show_view_counter":"1","show_post_meta":"1","show_post_author_image":"1","show_post_date":"1","post_date_format":"default","post_date_format_custom":"Y\/m\/d","show_post_category":"1","show_post_reading_time":"0","post_reading_time_wpm":"300","post_calculate_word_method":"str_word_count","show_zoom_button":"0","zoom_button_out_step":"2","zoom_button_in_step":"3","show_post_tag":"1","number_popup_post":"1","show_post_related":"1","show_inline_post_related":"0"}],"image_override":[{"single_post_thumbnail_size":"crop-500","single_post_gallery_size":"crop-500"}],"trending_post_position":"meta","trending_post_label":"Trending","sponsored_post_label":"Sponsored by","disable_ad":"0"},"jnews_primary_category":[],"jnews_social_meta":[],"jnews_review":[],"enable_review":"","type":"percentage","name":"","summary":"","brand":"","sku":"","good":[],"bad":[],"score_override":"","override_value":"","rating":[],"price":[],"jnews_override_counter":{"view_counter_number":"0","share_counter_number":"0","like_counter_number":"0","dislike_counter_number":"0"},"jnews_post_split":{"post_split":[{"template":"1","tag":"h2","numbering":"asc","mode":"normal","first":"0","enable_toc":"0","toc_type":"normal"}]},"footnotes":""},"categories":[18],"tags":[],"class_list":["post-48586","post","type-post","status-publish","format-standard","has-post-thumbnail","hentry","category-nacionales"],"jetpack_featured_media_url":"https:\/\/atecordoba.org\/wp-content\/uploads\/2025\/05\/mesa-ciencia-y-tecnica.jpeg","_links":{"self":[{"href":"https:\/\/atecordoba.org\/index.php?rest_route=\/wp\/v2\/posts\/48586","targetHints":{"allow":["GET"]}}],"collection":[{"href":"https:\/\/atecordoba.org\/index.php?rest_route=\/wp\/v2\/posts"}],"about":[{"href":"https:\/\/atecordoba.org\/index.php?rest_route=\/wp\/v2\/types\/post"}],"author":[{"embeddable":true,"href":"https:\/\/atecordoba.org\/index.php?rest_route=\/wp\/v2\/users\/7"}],"replies":[{"embeddable":true,"href":"https:\/\/atecordoba.org\/index.php?rest_route=%2Fwp%2Fv2%2Fcomments&post=48586"}],"version-history":[{"count":1,"href":"https:\/\/atecordoba.org\/index.php?rest_route=\/wp\/v2\/posts\/48586\/revisions"}],"predecessor-version":[{"id":48588,"href":"https:\/\/atecordoba.org\/index.php?rest_route=\/wp\/v2\/posts\/48586\/revisions\/48588"}],"wp:featuredmedia":[{"embeddable":true,"href":"https:\/\/atecordoba.org\/index.php?rest_route=\/wp\/v2\/media\/48587"}],"wp:attachment":[{"href":"https:\/\/atecordoba.org\/index.php?rest_route=%2Fwp%2Fv2%2Fmedia&parent=48586"}],"wp:term":[{"taxonomy":"category","embeddable":true,"href":"https:\/\/atecordoba.org\/index.php?rest_route=%2Fwp%2Fv2%2Fcategories&post=48586"},{"taxonomy":"post_tag","embeddable":true,"href":"https:\/\/atecordoba.org\/index.php?rest_route=%2Fwp%2Fv2%2Ftags&post=48586"}],"curies":[{"name":"wp","href":"https:\/\/api.w.org\/{rel}","templated":true}]}}