{"id":48576,"date":"2025-05-06T14:52:24","date_gmt":"2025-05-06T17:52:24","guid":{"rendered":"https:\/\/atecordoba.org\/?p=48576"},"modified":"2025-05-06T14:53:31","modified_gmt":"2025-05-06T17:53:31","slug":"quilino-ate-se-reunio-con-la-municipalidad-y-planteo-la-agenda-gremial-de-mejoras-salariales-y-condiciones-de-trabajo","status":"publish","type":"post","link":"https:\/\/atecordoba.org\/?p=48576","title":{"rendered":"Quilino: ATE se reuni\u00f3 con la Municipalidad y plante\u00f3 la agenda gremial de mejoras salariales y condiciones de trabajo"},"content":{"rendered":"<p><img loading=\"lazy\" decoding=\"async\" class=\"aligncenter wp-image-48577 \" src=\"https:\/\/atecordoba.org\/wp-content\/uploads\/2025\/05\/WhatsApp-Image-2025-05-06-at-14.50.10.jpeg\" alt=\"\" width=\"615\" height=\"277\" srcset=\"https:\/\/atecordoba.org\/wp-content\/uploads\/2025\/05\/WhatsApp-Image-2025-05-06-at-14.50.10.jpeg 1280w, https:\/\/atecordoba.org\/wp-content\/uploads\/2025\/05\/WhatsApp-Image-2025-05-06-at-14.50.10-300x135.jpeg 300w, https:\/\/atecordoba.org\/wp-content\/uploads\/2025\/05\/WhatsApp-Image-2025-05-06-at-14.50.10-1024x461.jpeg 1024w, https:\/\/atecordoba.org\/wp-content\/uploads\/2025\/05\/WhatsApp-Image-2025-05-06-at-14.50.10-768x346.jpeg 768w, https:\/\/atecordoba.org\/wp-content\/uploads\/2025\/05\/WhatsApp-Image-2025-05-06-at-14.50.10-750x338.jpeg 750w, https:\/\/atecordoba.org\/wp-content\/uploads\/2025\/05\/WhatsApp-Image-2025-05-06-at-14.50.10-1140x513.jpeg 1140w\" sizes=\"auto, (max-width: 615px) 100vw, 615px\" \/>Hoy se llev\u00f3 a cabo una reuni\u00f3n institucional en la localidad de Quilino, en el norte provincial, entre ATE y el Departamento Ejecutivo Municipal que cont\u00f3 con la participaci\u00f3n de la conducci\u00f3n de la seccional ATE Cruz del Eje, encabezada por su secretario General Juan Pablo Pozzi, y la intendenta Mabel Godoy, junto a las y los funcionarios de la Secretar\u00eda de Finanzas, del \u00e1rea Legal y T\u00e9cnica y el contador de la gesti\u00f3n municipal.<\/p>\n<p>En primer t\u00e9rmino, se abord\u00f3 la relaci\u00f3n institucional y la participaci\u00f3n de ATE en la Mesa de Relaciones Laborales, donde se puso en conocimiento de la Municipalidad que se realizar\u00e1 una elecci\u00f3n de delegados, con fecha a definir, para que sea ese conjunto de compa\u00f1eros y compa\u00f1eras quienes representen a nuestro gremio frente el Municipio para participar de ese espacio de di\u00e1logo.<\/p>\n<p>Posteriormente, siguiendo con la agenda estrictamente gremial, se trat\u00f3 la situaci\u00f3n salarial de las y los municipales de Quilino, donde ATE plante\u00f3 la necesidad de discutir en junio una recomposici\u00f3n. &#8220;Le dijimos al Departamento Ejecutivo que ATE propone un piso salarial com\u00fan para todos los trabajadores, con el salario m\u00ednimo, vital y m\u00f3vil como punto de partida&#8221;, explic\u00f3 Pozzi.<\/p>\n<p>Adem\u00e1s, se discuti\u00f3 la necesidad de que el personal acceda a mejoras en las condiciones laborales, pasando a las y los becarios a contrato, as\u00ed como las y los contratados a la planta permanente municipal.<\/p>\n<p>La pr\u00f3xima reuni\u00f3n de la Mesa de Relaciona Laborales se realizar\u00e1 en el mes de junio.<\/p>\n","protected":false},"excerpt":{"rendered":"<p>Hoy se llev\u00f3 a cabo una reuni\u00f3n institucional en la localidad de Quilino, en el norte provincial, entre ATE y el Departamento Ejecutivo Municipal que cont\u00f3 con la participaci\u00f3n de la conducci\u00f3n de la seccional ATE Cruz del Eje, encabezada por su secretario General Juan Pablo Pozzi, y la intendenta Mabel Godoy, junto a las [&hellip;]<\/p>\n","protected":false},"author":7,"featured_media":48577,"comment_status":"open","ping_status":"open","sticky":false,"template":"","format":"standard","meta":{"_exactmetrics_skip_tracking":false,"_exactmetrics_sitenote_active":false,"_exactmetrics_sitenote_note":"","_exactmetrics_sitenote_category":0,"jnews-multi-image_gallery":[],"jnews_single_post":{"format":"standard","override":[{"template":"1","parallax":"1","fullscreen":"1","layout":"no-sidebar-narrow","sidebar":"default-sidebar","second_sidebar":"default-sidebar","sticky_sidebar":"1","share_position":"bottom","share_float_style":"share-monocrhome","show_share_counter":"1","show_view_counter":"1","show_post_meta":"1","show_post_author_image":"1","show_post_date":"1","post_date_format":"default","post_date_format_custom":"Y\/m\/d","show_post_category":"1","show_post_reading_time":"0","post_reading_time_wpm":"300","post_calculate_word_method":"str_word_count","show_zoom_button":"0","zoom_button_out_step":"2","zoom_button_in_step":"3","show_post_tag":"1","number_popup_post":"1","show_post_related":"1","show_inline_post_related":"0"}],"image_override":[{"single_post_thumbnail_size":"crop-500","single_post_gallery_size":"crop-500"}],"trending_post_position":"meta","trending_post_label":"Trending","sponsored_post_label":"Sponsored by","disable_ad":"0"},"jnews_primary_category":[],"jnews_social_meta":[],"jnews_review":[],"enable_review":"","type":"percentage","name":"","summary":"","brand":"","sku":"","good":[],"bad":[],"score_override":"","override_value":"","rating":[],"price":[],"jnews_override_counter":{"view_counter_number":"0","share_counter_number":"0","like_counter_number":"0","dislike_counter_number":"0"},"jnews_post_split":{"post_split":[{"template":"1","tag":"h2","numbering":"asc","mode":"normal","first":"0","enable_toc":"0","toc_type":"normal"}]},"footnotes":""},"categories":[20],"tags":[655],"class_list":["post-48576","post","type-post","status-publish","format-standard","has-post-thumbnail","hentry","category-municipales","tag-quilino"],"jetpack_featured_media_url":"https:\/\/atecordoba.org\/wp-content\/uploads\/2025\/05\/WhatsApp-Image-2025-05-06-at-14.50.10.jpeg","_links":{"self":[{"href":"https:\/\/atecordoba.org\/index.php?rest_route=\/wp\/v2\/posts\/48576","targetHints":{"allow":["GET"]}}],"collection":[{"href":"https:\/\/atecordoba.org\/index.php?rest_route=\/wp\/v2\/posts"}],"about":[{"href":"https:\/\/atecordoba.org\/index.php?rest_route=\/wp\/v2\/types\/post"}],"author":[{"embeddable":true,"href":"https:\/\/atecordoba.org\/index.php?rest_route=\/wp\/v2\/users\/7"}],"replies":[{"embeddable":true,"href":"https:\/\/atecordoba.org\/index.php?rest_route=%2Fwp%2Fv2%2Fcomments&post=48576"}],"version-history":[{"count":1,"href":"https:\/\/atecordoba.org\/index.php?rest_route=\/wp\/v2\/posts\/48576\/revisions"}],"predecessor-version":[{"id":48579,"href":"https:\/\/atecordoba.org\/index.php?rest_route=\/wp\/v2\/posts\/48576\/revisions\/48579"}],"wp:featuredmedia":[{"embeddable":true,"href":"https:\/\/atecordoba.org\/index.php?rest_route=\/wp\/v2\/media\/48577"}],"wp:attachment":[{"href":"https:\/\/atecordoba.org\/index.php?rest_route=%2Fwp%2Fv2%2Fmedia&parent=48576"}],"wp:term":[{"taxonomy":"category","embeddable":true,"href":"https:\/\/atecordoba.org\/index.php?rest_route=%2Fwp%2Fv2%2Fcategories&post=48576"},{"taxonomy":"post_tag","embeddable":true,"href":"https:\/\/atecordoba.org\/index.php?rest_route=%2Fwp%2Fv2%2Ftags&post=48576"}],"curies":[{"name":"wp","href":"https:\/\/api.w.org\/{rel}","templated":true}]}}