{"id":48562,"date":"2025-04-30T14:20:04","date_gmt":"2025-04-30T17:20:04","guid":{"rendered":"https:\/\/atecordoba.org\/?p=48562"},"modified":"2025-04-30T14:20:04","modified_gmt":"2025-04-30T17:20:04","slug":"ate-cordoba-volvio-a-las-calles-con-fuerza-en-la-previa-del-1o-de-mayo","status":"publish","type":"post","link":"https:\/\/atecordoba.org\/?p=48562","title":{"rendered":"ATE C\u00f3rdoba volvi\u00f3 a las calles con fuerza en la previa del 1\u00ba de mayo"},"content":{"rendered":"<p data-start=\"239\" data-end=\"779\"><a href=\"https:\/\/atecordoba.org\/wp-content\/uploads\/2025\/04\/WhatsApp-Image-2025-04-30-at-11.20.00-AM-scaled.jpeg\"><img loading=\"lazy\" decoding=\"async\" class=\"alignnone size-full wp-image-48563\" src=\"https:\/\/atecordoba.org\/wp-content\/uploads\/2025\/04\/WhatsApp-Image-2025-04-30-at-11.20.00-AM-scaled.jpeg\" alt=\"\" width=\"2560\" height=\"1922\" srcset=\"https:\/\/atecordoba.org\/wp-content\/uploads\/2025\/04\/WhatsApp-Image-2025-04-30-at-11.20.00-AM-scaled.jpeg 2560w, https:\/\/atecordoba.org\/wp-content\/uploads\/2025\/04\/WhatsApp-Image-2025-04-30-at-11.20.00-AM-300x225.jpeg 300w, https:\/\/atecordoba.org\/wp-content\/uploads\/2025\/04\/WhatsApp-Image-2025-04-30-at-11.20.00-AM-1024x769.jpeg 1024w, https:\/\/atecordoba.org\/wp-content\/uploads\/2025\/04\/WhatsApp-Image-2025-04-30-at-11.20.00-AM-768x577.jpeg 768w, https:\/\/atecordoba.org\/wp-content\/uploads\/2025\/04\/WhatsApp-Image-2025-04-30-at-11.20.00-AM-1536x1153.jpeg 1536w, https:\/\/atecordoba.org\/wp-content\/uploads\/2025\/04\/WhatsApp-Image-2025-04-30-at-11.20.00-AM-2048x1537.jpeg 2048w, https:\/\/atecordoba.org\/wp-content\/uploads\/2025\/04\/WhatsApp-Image-2025-04-30-at-11.20.00-AM-750x563.jpeg 750w, https:\/\/atecordoba.org\/wp-content\/uploads\/2025\/04\/WhatsApp-Image-2025-04-30-at-11.20.00-AM-1140x856.jpeg 1140w\" sizes=\"auto, (max-width: 2560px) 100vw, 2560px\" \/><\/a><\/p>\n<p class=\"\" data-start=\"239\" data-end=\"779\">Este mi\u00e9rcoles 30 de abril, la Asociaci\u00f3n Trabajadores del Estado (ATE) C\u00f3rdoba y la CTA Aut\u00f3noma provincial protagonizaron una <strong data-start=\"367\" data-end=\"393\">nueva jornada de lucha<\/strong>, en cumplimiento del mandato popular surgido del \u00faltimo Consejo Directivo Provincial del sindicato, realizado el pasado 25 de abril. La movilizaci\u00f3n se enmarc\u00f3 tambi\u00e9n en la <strong data-start=\"568\" data-end=\"604\">jornada nacional de lucha de ATE<\/strong>, con epicentro en las calles y con una consigna clara: <strong data-start=\"660\" data-end=\"729\">decirle NO al ajuste de Milei, Llaryora, los intendentes y el FMI<\/strong>, que golpea con crudeza a las y los trabajadores.<\/p>\n<p data-start=\"239\" data-end=\"779\"><a href=\"https:\/\/atecordoba.org\/wp-content\/uploads\/2025\/04\/WhatsApp-Image-2025-04-30-at-11.20.01-AM-1-scaled.jpeg\"><img loading=\"lazy\" decoding=\"async\" class=\"alignnone size-full wp-image-48572\" src=\"https:\/\/atecordoba.org\/wp-content\/uploads\/2025\/04\/WhatsApp-Image-2025-04-30-at-11.20.01-AM-1-scaled.jpeg\" alt=\"\" width=\"1922\" height=\"2560\" srcset=\"https:\/\/atecordoba.org\/wp-content\/uploads\/2025\/04\/WhatsApp-Image-2025-04-30-at-11.20.01-AM-1-scaled.jpeg 1922w, https:\/\/atecordoba.org\/wp-content\/uploads\/2025\/04\/WhatsApp-Image-2025-04-30-at-11.20.01-AM-1-225x300.jpeg 225w, https:\/\/atecordoba.org\/wp-content\/uploads\/2025\/04\/WhatsApp-Image-2025-04-30-at-11.20.01-AM-1-769x1024.jpeg 769w, https:\/\/atecordoba.org\/wp-content\/uploads\/2025\/04\/WhatsApp-Image-2025-04-30-at-11.20.01-AM-1-768x1023.jpeg 768w, https:\/\/atecordoba.org\/wp-content\/uploads\/2025\/04\/WhatsApp-Image-2025-04-30-at-11.20.01-AM-1-1153x1536.jpeg 1153w, https:\/\/atecordoba.org\/wp-content\/uploads\/2025\/04\/WhatsApp-Image-2025-04-30-at-11.20.01-AM-1-1537x2048.jpeg 1537w, https:\/\/atecordoba.org\/wp-content\/uploads\/2025\/04\/WhatsApp-Image-2025-04-30-at-11.20.01-AM-1-750x999.jpeg 750w, https:\/\/atecordoba.org\/wp-content\/uploads\/2025\/04\/WhatsApp-Image-2025-04-30-at-11.20.01-AM-1-1140x1519.jpeg 1140w\" sizes=\"auto, (max-width: 1922px) 100vw, 1922px\" \/><\/a><\/p>\n<p class=\"\" data-start=\"781\" data-end=\"1181\">La acci\u00f3n comenz\u00f3 con <strong data-start=\"803\" data-end=\"831\">dos escraches simb\u00f3licos<\/strong> a las verdaderas usinas del poder econ\u00f3mico: uno frente a la <strong data-start=\"893\" data-end=\"919\">Fundaci\u00f3n Mediterr\u00e1nea<\/strong>, donde se denuncia la planificaci\u00f3n de pol\u00edticas p\u00fablicas que generan hambre y exclusi\u00f3n social; y otro frente a la sede local de la <strong data-start=\"1053\" data-end=\"1089\">Uni\u00f3n Industrial Argentina (UIA)<\/strong>, entidad que hist\u00f3ricamente ha operado como brazo empresario contra los derechos laborales.<\/p>\n<p data-start=\"781\" data-end=\"1181\"><a href=\"https:\/\/atecordoba.org\/wp-content\/uploads\/2025\/04\/WhatsApp-Image-2025-04-30-at-11.20.03-AM-1-scaled.jpeg\"><img loading=\"lazy\" decoding=\"async\" class=\"alignleft wp-image-48566 size-medium\" src=\"https:\/\/atecordoba.org\/wp-content\/uploads\/2025\/04\/WhatsApp-Image-2025-04-30-at-11.20.03-AM-1-300x225.jpeg\" alt=\"\" width=\"300\" height=\"225\" srcset=\"https:\/\/atecordoba.org\/wp-content\/uploads\/2025\/04\/WhatsApp-Image-2025-04-30-at-11.20.03-AM-1-300x225.jpeg 300w, https:\/\/atecordoba.org\/wp-content\/uploads\/2025\/04\/WhatsApp-Image-2025-04-30-at-11.20.03-AM-1-1024x769.jpeg 1024w, https:\/\/atecordoba.org\/wp-content\/uploads\/2025\/04\/WhatsApp-Image-2025-04-30-at-11.20.03-AM-1-768x577.jpeg 768w, https:\/\/atecordoba.org\/wp-content\/uploads\/2025\/04\/WhatsApp-Image-2025-04-30-at-11.20.03-AM-1-1536x1153.jpeg 1536w, https:\/\/atecordoba.org\/wp-content\/uploads\/2025\/04\/WhatsApp-Image-2025-04-30-at-11.20.03-AM-1-2048x1537.jpeg 2048w, https:\/\/atecordoba.org\/wp-content\/uploads\/2025\/04\/WhatsApp-Image-2025-04-30-at-11.20.03-AM-1-750x563.jpeg 750w, https:\/\/atecordoba.org\/wp-content\/uploads\/2025\/04\/WhatsApp-Image-2025-04-30-at-11.20.03-AM-1-1140x856.jpeg 1140w\" sizes=\"auto, (max-width: 300px) 100vw, 300px\" \/><\/a> Durante ambas protestas, <strong data-start=\"1208\" data-end=\"1251\">hubo tensiones con efectivos policiales<\/strong>, que se presentaron de inmediato en los cortes sorpresivos para defender los intereses de los grupos econ\u00f3micos. \u201cLa polic\u00eda aparece cuando tocamos el poder real\u201d, denunci\u00f3 el secretario general de ATE y de la CTA-A C\u00f3rdoba, <strong data-start=\"1477\" data-end=\"1498\">Federico Giuliani<\/strong>.<\/p>\n<blockquote>\n<p data-start=\"1501\" data-end=\"1851\">\n<p data-start=\"1501\" data-end=\"1851\">\n<p data-start=\"1501\" data-end=\"1851\">\n<p class=\"\" data-start=\"1501\" data-end=\"1851\">\u201cEn la previa al D\u00eda Internacional de las y los Trabajadores, ATE y la CTA C\u00f3rdoba decidimos accionar frente a la Fundaci\u00f3n Mediterr\u00e1nea, ese faro ideol\u00f3gico creado en dictadura que hoy organiza el G6 y le marca la agenda a Milei. Venimos a ponerle nombre y apellido a quienes detentan el poder real en C\u00f3rdoba\u201d, expres\u00f3 Giuliani durante el escrache.<\/p>\n<\/blockquote>\n<p data-start=\"1501\" data-end=\"1851\"><a href=\"https:\/\/atecordoba.org\/wp-content\/uploads\/2025\/04\/WhatsApp-Image-2025-04-30-at-11.20.03-AM-scaled.jpeg\"><img loading=\"lazy\" decoding=\"async\" class=\"alignleft wp-image-48565 size-medium\" src=\"https:\/\/atecordoba.org\/wp-content\/uploads\/2025\/04\/WhatsApp-Image-2025-04-30-at-11.20.03-AM-300x225.jpeg\" alt=\"\" width=\"300\" height=\"225\" srcset=\"https:\/\/atecordoba.org\/wp-content\/uploads\/2025\/04\/WhatsApp-Image-2025-04-30-at-11.20.03-AM-300x225.jpeg 300w, https:\/\/atecordoba.org\/wp-content\/uploads\/2025\/04\/WhatsApp-Image-2025-04-30-at-11.20.03-AM-1024x769.jpeg 1024w, https:\/\/atecordoba.org\/wp-content\/uploads\/2025\/04\/WhatsApp-Image-2025-04-30-at-11.20.03-AM-768x577.jpeg 768w, https:\/\/atecordoba.org\/wp-content\/uploads\/2025\/04\/WhatsApp-Image-2025-04-30-at-11.20.03-AM-1536x1153.jpeg 1536w, https:\/\/atecordoba.org\/wp-content\/uploads\/2025\/04\/WhatsApp-Image-2025-04-30-at-11.20.03-AM-2048x1537.jpeg 2048w, https:\/\/atecordoba.org\/wp-content\/uploads\/2025\/04\/WhatsApp-Image-2025-04-30-at-11.20.03-AM-750x563.jpeg 750w, https:\/\/atecordoba.org\/wp-content\/uploads\/2025\/04\/WhatsApp-Image-2025-04-30-at-11.20.03-AM-1140x856.jpeg 1140w\" sizes=\"auto, (max-width: 300px) 100vw, 300px\" \/><\/a>Tanto desde la Fundaci\u00f3n como desde la UIA, la movilizaci\u00f3n avanz\u00f3 hasta Irigoyen e Independencia traslad\u00e1ndose hasta el monumento a <strong data-start=\"1917\" data-end=\"1933\">Atilio L\u00f3pez<\/strong>, en la intersecci\u00f3n de Bv. San Juan y Ca\u00f1ada, donde se realiz\u00f3 el acto de cierre de la jornada. All\u00ed, se unieron las columnas de ATE y la CTA Aut\u00f3noma, con la presencia de estatales nacionales, provinciales y municipales, junto a trabajadoras de comedores y merenderos de los barrios populares.<\/p>\n<p>&nbsp;<\/p>\n<p class=\"\" data-start=\"2230\" data-end=\"2622\">\u201cDestacamos la unidad entre las y los trabajadores, porque esa es nuestra fuerza. Estuvimos en la Fundaci\u00f3n Mediterr\u00e1nea, esa usina ideol\u00f3gica de los grupos econ\u00f3micos que gobiernan desde las sombras. Nos movilizamos para recordar que ma\u00f1ana no es el &#8216;D\u00eda del Trabajo&#8217;, <strong data-start=\"2500\" data-end=\"2580\">ma\u00f1ana es nuestro d\u00eda, el de las y los trabajadores que generamos la riqueza<\/strong> en este pa\u00eds\u201d, se\u00f1al\u00f3 Giuliani al cierre.<\/p>\n<p data-start=\"2230\" data-end=\"2622\"><a href=\"https:\/\/atecordoba.org\/wp-content\/uploads\/2025\/04\/WhatsApp-Image-2025-04-30-at-2.08.39-PM-1-scaled.jpeg\"><img loading=\"lazy\" decoding=\"async\" class=\"alignnone wp-image-48571 size-medium\" src=\"https:\/\/atecordoba.org\/wp-content\/uploads\/2025\/04\/WhatsApp-Image-2025-04-30-at-2.08.39-PM-1-169x300.jpeg\" alt=\"\" width=\"169\" height=\"300\" srcset=\"https:\/\/atecordoba.org\/wp-content\/uploads\/2025\/04\/WhatsApp-Image-2025-04-30-at-2.08.39-PM-1-169x300.jpeg 169w, https:\/\/atecordoba.org\/wp-content\/uploads\/2025\/04\/WhatsApp-Image-2025-04-30-at-2.08.39-PM-1-576x1024.jpeg 576w, https:\/\/atecordoba.org\/wp-content\/uploads\/2025\/04\/WhatsApp-Image-2025-04-30-at-2.08.39-PM-1-768x1365.jpeg 768w, https:\/\/atecordoba.org\/wp-content\/uploads\/2025\/04\/WhatsApp-Image-2025-04-30-at-2.08.39-PM-1-864x1536.jpeg 864w, https:\/\/atecordoba.org\/wp-content\/uploads\/2025\/04\/WhatsApp-Image-2025-04-30-at-2.08.39-PM-1-1153x2048.jpeg 1153w, https:\/\/atecordoba.org\/wp-content\/uploads\/2025\/04\/WhatsApp-Image-2025-04-30-at-2.08.39-PM-1-750x1333.jpeg 750w, https:\/\/atecordoba.org\/wp-content\/uploads\/2025\/04\/WhatsApp-Image-2025-04-30-at-2.08.39-PM-1-1140x2026.jpeg 1140w, https:\/\/atecordoba.org\/wp-content\/uploads\/2025\/04\/WhatsApp-Image-2025-04-30-at-2.08.39-PM-1-scaled.jpeg 1441w\" sizes=\"auto, (max-width: 169px) 100vw, 169px\" \/><\/a> <a href=\"https:\/\/atecordoba.org\/wp-content\/uploads\/2025\/04\/WhatsApp-Image-2025-04-30-at-2.08.39-PM-scaled.jpeg\"><img loading=\"lazy\" decoding=\"async\" class=\"alignnone wp-image-48570 size-medium\" src=\"https:\/\/atecordoba.org\/wp-content\/uploads\/2025\/04\/WhatsApp-Image-2025-04-30-at-2.08.39-PM-169x300.jpeg\" alt=\"\" width=\"169\" height=\"300\" srcset=\"https:\/\/atecordoba.org\/wp-content\/uploads\/2025\/04\/WhatsApp-Image-2025-04-30-at-2.08.39-PM-169x300.jpeg 169w, https:\/\/atecordoba.org\/wp-content\/uploads\/2025\/04\/WhatsApp-Image-2025-04-30-at-2.08.39-PM-576x1024.jpeg 576w, https:\/\/atecordoba.org\/wp-content\/uploads\/2025\/04\/WhatsApp-Image-2025-04-30-at-2.08.39-PM-768x1365.jpeg 768w, https:\/\/atecordoba.org\/wp-content\/uploads\/2025\/04\/WhatsApp-Image-2025-04-30-at-2.08.39-PM-864x1536.jpeg 864w, https:\/\/atecordoba.org\/wp-content\/uploads\/2025\/04\/WhatsApp-Image-2025-04-30-at-2.08.39-PM-1153x2048.jpeg 1153w, https:\/\/atecordoba.org\/wp-content\/uploads\/2025\/04\/WhatsApp-Image-2025-04-30-at-2.08.39-PM-750x1333.jpeg 750w, https:\/\/atecordoba.org\/wp-content\/uploads\/2025\/04\/WhatsApp-Image-2025-04-30-at-2.08.39-PM-1140x2026.jpeg 1140w, https:\/\/atecordoba.org\/wp-content\/uploads\/2025\/04\/WhatsApp-Image-2025-04-30-at-2.08.39-PM-scaled.jpeg 1441w\" sizes=\"auto, (max-width: 169px) 100vw, 169px\" \/><\/a> <a href=\"https:\/\/atecordoba.org\/wp-content\/uploads\/2025\/04\/WhatsApp-Image-2025-04-30-at-2.08.37-PM-scaled.jpeg\"><img loading=\"lazy\" decoding=\"async\" class=\"alignnone wp-image-48569 size-medium\" src=\"https:\/\/atecordoba.org\/wp-content\/uploads\/2025\/04\/WhatsApp-Image-2025-04-30-at-2.08.37-PM-169x300.jpeg\" alt=\"\" width=\"169\" height=\"300\" srcset=\"https:\/\/atecordoba.org\/wp-content\/uploads\/2025\/04\/WhatsApp-Image-2025-04-30-at-2.08.37-PM-169x300.jpeg 169w, https:\/\/atecordoba.org\/wp-content\/uploads\/2025\/04\/WhatsApp-Image-2025-04-30-at-2.08.37-PM-576x1024.jpeg 576w, https:\/\/atecordoba.org\/wp-content\/uploads\/2025\/04\/WhatsApp-Image-2025-04-30-at-2.08.37-PM-768x1365.jpeg 768w, https:\/\/atecordoba.org\/wp-content\/uploads\/2025\/04\/WhatsApp-Image-2025-04-30-at-2.08.37-PM-864x1536.jpeg 864w, https:\/\/atecordoba.org\/wp-content\/uploads\/2025\/04\/WhatsApp-Image-2025-04-30-at-2.08.37-PM-1153x2048.jpeg 1153w, https:\/\/atecordoba.org\/wp-content\/uploads\/2025\/04\/WhatsApp-Image-2025-04-30-at-2.08.37-PM-750x1333.jpeg 750w, https:\/\/atecordoba.org\/wp-content\/uploads\/2025\/04\/WhatsApp-Image-2025-04-30-at-2.08.37-PM-1140x2026.jpeg 1140w, https:\/\/atecordoba.org\/wp-content\/uploads\/2025\/04\/WhatsApp-Image-2025-04-30-at-2.08.37-PM-scaled.jpeg 1441w\" sizes=\"auto, (max-width: 169px) 100vw, 169px\" \/><\/a><\/p>\n<p class=\"\" data-start=\"2624\" data-end=\"3023\">La actividad fue tambi\u00e9n una <strong data-start=\"2653\" data-end=\"2696\">reivindicaci\u00f3n de las luchas hist\u00f3ricas<\/strong> del movimiento obrero y un homenaje al <strong data-start=\"2736\" data-end=\"2758\">Negro Atilio L\u00f3pez<\/strong>, s\u00edmbolo del Cordobazo, del sindicalismo combativo y del peronismo revolucionario. \u201cFue colectivero, hincha de Talleres, vicegobernador de Obreg\u00f3n Cano y asesinado por la Triple A en 1974. Hoy, en su nombre, reafirmamos que la lucha sigue viva\u201d, concluy\u00f3 Giuliani.<\/p>\n<p class=\"\" data-start=\"3025\" data-end=\"3227\">En la antesala del 1\u00ba de mayo, <strong data-start=\"3056\" data-end=\"3098\">ATE C\u00f3rdoba volvi\u00f3 a ocupar las calles<\/strong>, construyendo poder popular y organizaci\u00f3n para enfrentar el ajuste y seguir defendiendo los derechos de las y los trabajadores.<\/p>\n","protected":false},"excerpt":{"rendered":"<p>Este mi\u00e9rcoles 30 de abril, la Asociaci\u00f3n Trabajadores del Estado (ATE) C\u00f3rdoba y la CTA Aut\u00f3noma provincial protagonizaron una nueva jornada de lucha, en cumplimiento del mandato popular surgido del \u00faltimo Consejo Directivo Provincial del sindicato, realizado el pasado 25 de abril. La movilizaci\u00f3n se enmarc\u00f3 tambi\u00e9n en la jornada nacional de lucha de ATE, [&hellip;]<\/p>\n","protected":false},"author":3,"featured_media":48563,"comment_status":"open","ping_status":"open","sticky":false,"template":"","format":"standard","meta":{"_exactmetrics_skip_tracking":false,"_exactmetrics_sitenote_active":false,"_exactmetrics_sitenote_note":"","_exactmetrics_sitenote_category":0,"jnews-multi-image_gallery":[],"jnews_single_post":{"format":"standard","override":[{"template":"1","parallax":"1","fullscreen":"1","layout":"no-sidebar-narrow","sidebar":"default-sidebar","second_sidebar":"default-sidebar","sticky_sidebar":"1","share_position":"bottom","share_float_style":"share-monocrhome","show_share_counter":"1","show_view_counter":"1","show_post_meta":"1","show_post_author_image":"1","show_post_date":"1","post_date_format":"default","post_date_format_custom":"Y\/m\/d","show_post_category":"1","show_post_reading_time":"0","post_reading_time_wpm":"300","post_calculate_word_method":"str_word_count","show_zoom_button":"0","zoom_button_out_step":"2","zoom_button_in_step":"3","show_post_tag":"1","number_popup_post":"1","show_post_related":"1","show_inline_post_related":"0"}],"image_override":[{"single_post_thumbnail_size":"crop-500","single_post_gallery_size":"crop-500"}],"trending_post_position":"meta","trending_post_label":"Trending","sponsored_post_label":"Sponsored by","disable_ad":"0"},"jnews_primary_category":[],"jnews_social_meta":[],"jnews_review":[],"enable_review":"","type":"percentage","name":"","summary":"","brand":"","sku":"","good":[],"bad":[],"score_override":"","override_value":"","rating":[],"price":[],"jnews_override_counter":{"view_counter_number":"0","share_counter_number":"0","like_counter_number":"0","dislike_counter_number":"0"},"jnews_post_split":{"post_split":[{"template":"1","tag":"h2","numbering":"asc","mode":"normal","first":"0","enable_toc":"0","toc_type":"normal"}]},"footnotes":""},"categories":[10,20,18,8],"tags":[],"class_list":["post-48562","post","type-post","status-publish","format-standard","has-post-thumbnail","hentry","category-accion-politica","category-municipales","category-nacionales","category-provinciales"],"jetpack_featured_media_url":"https:\/\/atecordoba.org\/wp-content\/uploads\/2025\/04\/WhatsApp-Image-2025-04-30-at-11.20.00-AM-scaled.jpeg","_links":{"self":[{"href":"https:\/\/atecordoba.org\/index.php?rest_route=\/wp\/v2\/posts\/48562","targetHints":{"allow":["GET"]}}],"collection":[{"href":"https:\/\/atecordoba.org\/index.php?rest_route=\/wp\/v2\/posts"}],"about":[{"href":"https:\/\/atecordoba.org\/index.php?rest_route=\/wp\/v2\/types\/post"}],"author":[{"embeddable":true,"href":"https:\/\/atecordoba.org\/index.php?rest_route=\/wp\/v2\/users\/3"}],"replies":[{"embeddable":true,"href":"https:\/\/atecordoba.org\/index.php?rest_route=%2Fwp%2Fv2%2Fcomments&post=48562"}],"version-history":[{"count":1,"href":"https:\/\/atecordoba.org\/index.php?rest_route=\/wp\/v2\/posts\/48562\/revisions"}],"predecessor-version":[{"id":48573,"href":"https:\/\/atecordoba.org\/index.php?rest_route=\/wp\/v2\/posts\/48562\/revisions\/48573"}],"wp:featuredmedia":[{"embeddable":true,"href":"https:\/\/atecordoba.org\/index.php?rest_route=\/wp\/v2\/media\/48563"}],"wp:attachment":[{"href":"https:\/\/atecordoba.org\/index.php?rest_route=%2Fwp%2Fv2%2Fmedia&parent=48562"}],"wp:term":[{"taxonomy":"category","embeddable":true,"href":"https:\/\/atecordoba.org\/index.php?rest_route=%2Fwp%2Fv2%2Fcategories&post=48562"},{"taxonomy":"post_tag","embeddable":true,"href":"https:\/\/atecordoba.org\/index.php?rest_route=%2Fwp%2Fv2%2Ftags&post=48562"}],"curies":[{"name":"wp","href":"https:\/\/api.w.org\/{rel}","templated":true}]}}