{"id":48550,"date":"2025-04-28T15:13:55","date_gmt":"2025-04-28T18:13:55","guid":{"rendered":"https:\/\/atecordoba.org\/?p=48550"},"modified":"2025-04-29T10:03:59","modified_gmt":"2025-04-29T13:03:59","slug":"jornada-nacional-de-lucha-vamos-al-paro-el-30-de-abril-contra-el-ajuste-de-milei-llaryora-los-intendentes-y-el-fmi","status":"publish","type":"post","link":"https:\/\/atecordoba.org\/?p=48550","title":{"rendered":"Jornada Nacional de Lucha: vamos al paro el 30 de abril contra el ajuste de Milei, Llaryora, los intendentes y el FMI"},"content":{"rendered":"<p><img loading=\"lazy\" decoding=\"async\" class=\"aligncenter wp-image-48558 \" src=\"https:\/\/atecordoba.org\/wp-content\/uploads\/2025\/04\/CDRnocierre.jpeg\" alt=\"\" width=\"622\" height=\"351\" srcset=\"https:\/\/atecordoba.org\/wp-content\/uploads\/2025\/04\/CDRnocierre.jpeg 1024w, https:\/\/atecordoba.org\/wp-content\/uploads\/2025\/04\/CDRnocierre-300x169.jpeg 300w, https:\/\/atecordoba.org\/wp-content\/uploads\/2025\/04\/CDRnocierre-768x434.jpeg 768w, https:\/\/atecordoba.org\/wp-content\/uploads\/2025\/04\/CDRnocierre-750x423.jpeg 750w\" sizes=\"auto, (max-width: 622px) 100vw, 622px\" \/><\/p>\n<p>Conforme lo dispuesto por el Consejo Directivo Nacional (CDN), y ratificado el viernes pasado por el XVII Congreso Provincial de ATE C\u00f3rdoba, las y los estatales nacionales, provinciales y municipales llevaremos a cabo el pr\u00f3ximo mi\u00e9rcoles 30 de abril un paro nacional de actividades con Jornada Nacional de Lucha, en repudio al ajuste de Milei, Llaryora y los intendentes, en el marco del acuerdo infame que el gobierno suscribi\u00f3 con el FMI, verdadero financiador de la campa\u00f1a electoral del mandatario.<img loading=\"lazy\" decoding=\"async\" class=\"alignright wp-image-48559 \" src=\"https:\/\/atecordoba.org\/wp-content\/uploads\/2025\/04\/WhatsApp-Image-2025-04-28-at-12.28.24-240x300.jpeg\" alt=\"\" width=\"401\" height=\"501\" srcset=\"https:\/\/atecordoba.org\/wp-content\/uploads\/2025\/04\/WhatsApp-Image-2025-04-28-at-12.28.24-240x300.jpeg 240w, https:\/\/atecordoba.org\/wp-content\/uploads\/2025\/04\/WhatsApp-Image-2025-04-28-at-12.28.24-819x1024.jpeg 819w, https:\/\/atecordoba.org\/wp-content\/uploads\/2025\/04\/WhatsApp-Image-2025-04-28-at-12.28.24-768x960.jpeg 768w, https:\/\/atecordoba.org\/wp-content\/uploads\/2025\/04\/WhatsApp-Image-2025-04-28-at-12.28.24-750x938.jpeg 750w, https:\/\/atecordoba.org\/wp-content\/uploads\/2025\/04\/WhatsApp-Image-2025-04-28-at-12.28.24.jpeg 1080w\" sizes=\"auto, (max-width: 401px) 100vw, 401px\" \/><\/p>\n<p>El Consejo Directo Provincial (CDP) dispuso movilizar a partir de las 10 horas, en reclamo de jubilaciones y salarios dignos, por paritarias libres, en rechazo de la reforma laboral y los despidos.<\/p>\n<p>La medida de fuerza fue dispuesta la semana pasada por el CDN en l\u00ednea a los resuelto por la CTA Aut\u00f3noma y las dem\u00e1s centrales sindicales.<\/p>\n<p>&nbsp;<\/p>\n<p>La agenda de reclamos, en abierta oposici\u00f3n a la pol\u00edtica de ajuste que el FMI impone al pueblo argentino de la mano de Milei, incluye:<\/p>\n<ul>\n<li>Reapertura de las paritarias e inmediato inicio de un proceso de recuperaci\u00f3n de los salarios.<\/li>\n<li>Reincorporaci\u00f3n de trabajadoras y trabajadores despedidos de manera ilegal.<\/li>\n<li>Rechazo a la privatizaci\u00f3n de empresas p\u00fablicas.<\/li>\n<li>Rechazo a la fusi\u00f3n y cierre de organismos.<\/li>\n<li>Repudio a la escandalosa decisi\u00f3n de aumentar el sueldo a los funcionarios que cesantean trabajadores. (Decisi\u00f3n Administrativa 7\/2025-JGM)<\/li>\n<li>Aumento de emergencia para todas las y los jubilados.<\/li>\n<li>Restituci\u00f3n del Fondo de Garant\u00eda de Sustentabilidad (FGS) de la ANSES.<\/li>\n<li>Restituci\u00f3n de la moratoria previsional y normalizaci\u00f3n del INSSJyP<\/li>\n<\/ul>\n<p><a href=\"https:\/\/atecordoba.org\/wp-content\/uploads\/2025\/04\/20250430-Jornada-Nacional-de-Lucha-1-1.pdf\" class=\"pdfemb-viewer\" style=\"\" data-width=\"max\" data-height=\"max\" data-toolbar=\"bottom\" data-toolbar-fixed=\"off\">20250430 Jornada Nacional de Lucha (1)<\/a> <a href=\"https:\/\/atecordoba.org\/wp-content\/uploads\/2025\/04\/PARO-30-2-1-1.pdf\" class=\"pdfemb-viewer\" style=\"\" data-width=\"max\" data-height=\"max\" data-toolbar=\"bottom\" data-toolbar-fixed=\"off\">PARO 30 (2) (1)<\/a><\/p>\n","protected":false},"excerpt":{"rendered":"<p>Conforme lo dispuesto por el Consejo Directivo Nacional (CDN), y ratificado el viernes pasado por el XVII Congreso Provincial de ATE C\u00f3rdoba, las y los estatales nacionales, provinciales y municipales llevaremos a cabo el pr\u00f3ximo mi\u00e9rcoles 30 de abril un paro nacional de actividades con Jornada Nacional de Lucha, en repudio al ajuste de Milei, [&hellip;]<\/p>\n","protected":false},"author":7,"featured_media":48558,"comment_status":"open","ping_status":"open","sticky":false,"template":"","format":"standard","meta":{"_exactmetrics_skip_tracking":false,"_exactmetrics_sitenote_active":false,"_exactmetrics_sitenote_note":"","_exactmetrics_sitenote_category":0,"jnews-multi-image_gallery":[],"jnews_single_post":{"format":"standard","override":[{"template":"1","parallax":"1","fullscreen":"1","layout":"no-sidebar-narrow","sidebar":"default-sidebar","second_sidebar":"default-sidebar","sticky_sidebar":"1","share_position":"bottom","share_float_style":"share-monocrhome","show_share_counter":"1","show_view_counter":"1","show_post_meta":"1","show_post_author_image":"1","show_post_date":"1","post_date_format":"default","post_date_format_custom":"Y\/m\/d","show_post_category":"1","show_post_reading_time":"0","post_reading_time_wpm":"300","post_calculate_word_method":"str_word_count","show_zoom_button":"0","zoom_button_out_step":"2","zoom_button_in_step":"3","show_post_tag":"1","number_popup_post":"1","show_post_related":"1","show_inline_post_related":"0"}],"image_override":[{"single_post_thumbnail_size":"crop-500","single_post_gallery_size":"crop-500"}],"trending_post_position":"meta","trending_post_label":"Trending","sponsored_post_label":"Sponsored by","disable_ad":"0"},"jnews_primary_category":[],"jnews_social_meta":[],"jnews_review":[],"enable_review":"","type":"percentage","name":"","summary":"","brand":"","sku":"","good":[],"bad":[],"score_override":"","override_value":"","rating":[],"price":[],"jnews_override_counter":{"view_counter_number":"0","share_counter_number":"0","like_counter_number":"0","dislike_counter_number":"0"},"jnews_post_split":{"post_split":[{"template":"1","tag":"h2","numbering":"asc","mode":"normal","first":"0","enable_toc":"0","toc_type":"normal"}]},"footnotes":""},"categories":[756,341],"tags":[],"class_list":["post-48550","post","type-post","status-publish","format-standard","has-post-thumbnail","hentry","category-consejo-directivo-nacional-cdn","category-cdp"],"jetpack_featured_media_url":"https:\/\/atecordoba.org\/wp-content\/uploads\/2025\/04\/CDRnocierre.jpeg","_links":{"self":[{"href":"https:\/\/atecordoba.org\/index.php?rest_route=\/wp\/v2\/posts\/48550","targetHints":{"allow":["GET"]}}],"collection":[{"href":"https:\/\/atecordoba.org\/index.php?rest_route=\/wp\/v2\/posts"}],"about":[{"href":"https:\/\/atecordoba.org\/index.php?rest_route=\/wp\/v2\/types\/post"}],"author":[{"embeddable":true,"href":"https:\/\/atecordoba.org\/index.php?rest_route=\/wp\/v2\/users\/7"}],"replies":[{"embeddable":true,"href":"https:\/\/atecordoba.org\/index.php?rest_route=%2Fwp%2Fv2%2Fcomments&post=48550"}],"version-history":[{"count":1,"href":"https:\/\/atecordoba.org\/index.php?rest_route=\/wp\/v2\/posts\/48550\/revisions"}],"predecessor-version":[{"id":48560,"href":"https:\/\/atecordoba.org\/index.php?rest_route=\/wp\/v2\/posts\/48550\/revisions\/48560"}],"wp:featuredmedia":[{"embeddable":true,"href":"https:\/\/atecordoba.org\/index.php?rest_route=\/wp\/v2\/media\/48558"}],"wp:attachment":[{"href":"https:\/\/atecordoba.org\/index.php?rest_route=%2Fwp%2Fv2%2Fmedia&parent=48550"}],"wp:term":[{"taxonomy":"category","embeddable":true,"href":"https:\/\/atecordoba.org\/index.php?rest_route=%2Fwp%2Fv2%2Fcategories&post=48550"},{"taxonomy":"post_tag","embeddable":true,"href":"https:\/\/atecordoba.org\/index.php?rest_route=%2Fwp%2Fv2%2Ftags&post=48550"}],"curies":[{"name":"wp","href":"https:\/\/api.w.org\/{rel}","templated":true}]}}