{"id":4855,"date":"2014-12-03T14:27:09","date_gmt":"2014-12-03T17:27:09","guid":{"rendered":"http:\/\/www.atecordoba.org\/?p=4855"},"modified":"2014-12-03T14:27:09","modified_gmt":"2014-12-03T17:27:09","slug":"primer-encuentro-nacional-de-ninez-en-provincia-de-buenos-aires-promoviendo-derechos-construimos-igualdad","status":"publish","type":"post","link":"https:\/\/atecordoba.org\/?p=4855","title":{"rendered":"Primer Encuentro Nacional de Ni\u00f1ez en provincia de Buenos Aires: \u201cPromoviendo derechos construimos igualdad\u201d"},"content":{"rendered":"<p><em>La actividad abord\u00f3 la problem\u00e1tica de nuestros pibes y adolescentes, con la exposici\u00f3n\u00a0\u00a0de 80\u00a0panelistas, y se desarroll\u00f3 en La Plata el 28 y 29 \u00a0de noviembre pasado. ATE particip\u00f3 de la organizaci\u00f3n, que estuvo a cargo del compa\u00f1ero Fito Aguirre, como\u00a0titular del Foro de Ni\u00f1ez, Adolescencia y Juventud de la provincia de Buenos Aires. Estuvo presente nuestra secretaria General, Mar\u00eda Teresa Romero.\u00a0<\/em><\/p>\n<p><a href=\"http:\/\/www.atecordoba.org\/wp-content\/uploads\/2014\/12\/foro-ni\u00f1ez-e1417627516326.jpg\"><img loading=\"lazy\" decoding=\"async\" class=\"aligncenter size-full wp-image-4856\" src=\"http:\/\/www.atecordoba.org\/wp-content\/uploads\/2014\/12\/foro-ni\u00f1ez-e1417627516326.jpg\" alt=\"foro ni\u00f1ez\" width=\"500\" height=\"333\" \/><\/a><\/p>\n<p>(fuente: www.ctabuenosaires.org.ar) Con la participaci\u00f3n de distintos sectores pol\u00edticos y sociales, provenientes de distintos puntos del pa\u00eds, arranc\u00f3 este jueves el Encuentro Nacional por la Ni\u00f1ez en el Centro Cultural Pasaje Dardo Rocha de La Plata en pos de discutir la nueva agenda de Ni\u00f1ez.<\/p>\n<p>Organizado por el Foro por los Derechos de la Ni\u00f1ez, la Adolescencia y la Juventud de la provincia de Buenos Aires, a diez a\u00f1os de su creaci\u00f3n, el evento tuvo su momento especial en el que se record\u00f3 a los estudiantes mexicanos desaparecidos de Ayotzinapa, en el estado de Guerrero. El coordinador del Foro, Adolfo \u201cFito\u201d Aguirre destac\u00f3 que el Foro se organiz\u00f3 sobre la uni\u00f3n de distintos sectores acad\u00e9micos, sociales y pol\u00edticos que se propusieron pelear por la derogaci\u00f3n del Patronato \u201cuna legislaci\u00f3n vigente hac\u00eda m\u00e1s de 80 a\u00f1os\u201d.<\/p>\n<p>En ese sentido, resalt\u00f3 que las tres premisas sobre las que se construy\u00f3 el Foro se lograron como\u00a0 la derogaci\u00f3n del Patronato, la adecuaci\u00f3n del marco jur\u00eddico a la Convenci\u00f3n Internacional de los Derechos del Ni\u00f1o, y la Asignaci\u00f3n Universal por Hijo, reclamo heredado del Frente Nacional contra la Pobreza (FRENAPO).<\/p>\n<p>\u201cFuimos capaces de construir acuerdos en 2004. Este acuerdo convoca a construir nuevos acuerdos para el tiempo actual en el que hay dos culturas la de la estigmatizaci\u00f3n y criminalizaci\u00f3n de la ni\u00f1ez, y la de la Promoci\u00f3n y Protecci\u00f3n de Derechos de la Ni\u00f1ez, que expresa este Foro\u201d.<\/p>\n<p>En ese sentido, el coordinador del Foro destac\u00f3 el prop\u00f3sito del Encuentro Nacional por la Ni\u00f1ez.\u00a0 \u201cTuvimos 80 panelistas para actualizar la agenda de ni\u00f1ez de Juventud. No vamos a retroceder en lo que hemos logrado, sabemos que falta mucho, pero lo vamos construir entre muchos para encontrar las mejores propuestas para nuestra Ni\u00f1ez\u201d.<\/p>\n<p>Por \u00faltimo, Aguirre resalt\u00f3 la importancia de construir un acuerdo nacional para la luchas por venir:<\/p>\n<p>\u201cTodo ese acumulado de la Provincia de Buenos Aires queremos ponerlo a disposici\u00f3n de todas las provincias para que haya una posici\u00f3n gravitante de la agenda de Ni\u00f1ez por construir\u201d.<\/p>\n<p>En el acto de celebraci\u00f3n por los 10 a\u00f1os del Foro, se proyectaron distintos videos alusivos sobre la historia, y adem\u00e1s la lucha que llevan adelante estudiantes paraguayos nucleados en la FENAES contra la represi\u00f3n de distintas demandas juveniles, as\u00ed como la experiencia de la Comisi\u00f3n Nacional a la Baja en Uruguay, cuya posici\u00f3n triunf\u00f3 en los \u00faltimos comicios.<\/p>\n<p><a href=\"http:\/\/www.atecordoba.org\/wp-content\/uploads\/2014\/12\/foro-ni\u00f1ez-maria-teresa-e1417627539408.jpg\"><img loading=\"lazy\" decoding=\"async\" class=\"aligncenter size-full wp-image-4857\" src=\"http:\/\/www.atecordoba.org\/wp-content\/uploads\/2014\/12\/foro-ni\u00f1ez-maria-teresa-e1417627539408.jpg\" alt=\"foro ni\u00f1ez - maria teresa\" width=\"500\" height=\"333\" \/><\/a><\/p>\n<p>Como representantes de la FENAES, participaron los estudiantes H\u00e9ctor Vera, Aldo Aquino, y Federico Encizo, mientras que los coordinadores de la Comisi\u00f3n Nacional No a la Baja, Federico Barreto y Fabiana Goyeneche, le pusieron voz a la iniciativa uruguaya.<\/p>\n<p>Por otro lado, se proyect\u00f3 un mensaje de Estela de Carlotto, titular de Abuelas de Plaza de Mayo y fundadora de la organizaci\u00f3n, que no pudo asistir, y destac\u00f3 el \u201ctrabajo y la perseverancia que desde hace 10 a\u00f1os est\u00e1 desarrollando el Foro\u201d.<\/p>\n<p>Del evento participaron distintas personalidades como la ex secretar\u00eda de Ni\u00f1ez, Cristina Tavolaro, y el ex gobernador Felipe Sol\u00e1, en cuya gesti\u00f3n se sancion\u00f3 la ley 13.298 del Sistema de Promoci\u00f3n y Protecci\u00f3n de Derechos del Ni\u00f1o, que derog\u00f3 el Patronato.<\/p>\n<p>Tambi\u00e9n, los diputados nacionales V\u00edctor De Gennaro (Unidad Popular), Gabriela Troiano (FAP), los diputados provinciales Rita Liempe (Unidad Popular), Juan Cocino(FAP), Diego Rovella (UCR), el senador Luciano Martini(FpV), las ex diputadas nacionales Graciela Iturraspe yLiliana Parada (Unidad Popular), los concejales de La Plata, Diego Rochetau(FAP), y Fernando Gando (UCR), entre otros.<\/p>\n<p>A su vez, asistieron tambi\u00e9n el secretario general de ATE Provincia, Oscar De Isasi, V\u00edctor Mendivil de la Federaci\u00f3n Judicial bonaerense; el ex embajador en el Vaticano y ex diputado, Carlos Custer; el director de Cultura de la Municipalidad de La Plata, Jos\u00e9 Cipollone; Hugo Blasco, secretario de Derechos Humanos de la CTA Naci\u00f3n;\u00a0 Eduardo Sigal, ex diputado y dirigente del Frente Grande,\u00a0 Hugo \u201cCachorro\u201d Godoy, secretario adjunto de la ATE Naci\u00f3n, Mar\u00eda Teresa Romero, secretaria General de ATE C\u00f3rdoba, y Ana Barletta, vicepresidenta de la Universidad Nacional de La Plata, entre otros.<\/p>\n<p>Al Encuentro Nacional por la Ni\u00f1ez asistieron referentes de distintos puntos de la Provincia de Buenos Aires, de Chubut, R\u00edo Negro, C\u00f3rdoba, Entre R\u00edos, Tucum\u00e1n, Misiones, Corrientes, Santa Fe, y Formosa, as\u00ed como de diversos sectores como colegios profesionales, institutos acad\u00e9micos y organizaciones sociales y pol\u00edticas.<\/p>\n<p>Debates<\/p>\n<p>Durante la jornada, se llev\u00f3 adelante el panel de Derechos Humanos y Sociedad, encabezado por Pablo Ceriani, investigar sobre Migraci\u00f3n de la Universidad de Lan\u00fas y miembro del Comit\u00e9 de Naciones Unidas para los Derechos de los Trabajadores Migratorios, y Sandra Raggio, en representaci\u00f3n de la Comisi\u00f3n Provincial por la Memoria (CPM).<\/p>\n<p>En simult\u00e1neo, se realiz\u00f3 el panel de Nutrici\u00f3n en la Ni\u00f1ez, la Adolescencia y la Juventud, con la presencia de Marcos Filardi, docente de la DSC_0163Escuela de Nutrici\u00f3n de la Universidad de Buenos Aires, Mercedes Paiva de la Federaci\u00f3n de Graduados en Nutrici\u00f3n; Lic. Miryam Gorban, Coordinadora de la C\u00e1tedra de Soberan\u00eda Alimentaria UBA. Vice- presidente de M\u00e9dicos del Mundo, y\u00a0 Liliana Parada, consejera del Frente Parlamentario contra el Hambre \u2013 Iniciativa para Am\u00e9rica Latina.<\/p>\n<p>A la vez, se desarroll\u00f3 la Mesa de Trabajo \u201cAmbiente y Salud\u201d que abord\u00f3 la problem\u00e1tica de los campos electromagn\u00e9ticos en las ciudades y en el que se present\u00f3 el estudio epidemiol\u00f3gico realizado por la Facultad de Ciencias Exactas de la UNLP sobre las poblaciones Berazategui y Ezpeleta, afectadas por la situaci\u00f3n.<\/p>\n<p>Tambi\u00e9n se present\u00f3 la publicaci\u00f3n \u201cNi un pibe menos: por pol\u00edticas p\u00fablicas que garanticen la protecci\u00f3n integral de los derechos de los ni\u00f1os en Argentina\u201d, realizada por el Instituto de Estado y Participaci\u00f3n de ATE.<\/p>\n<p>El segundo y \u00faltimo d\u00eda del Encuentro Nacional , se realiz\u00f3 el panel de Cultura Viva Comunitaria en el que participaron Lula Mart\u00ednez, (Per\u00fa) activista y promotora de la ordenanza de Promoci\u00f3n de Cultura Comunitaria en Lima, Iv\u00e1n Nogales (Bolivia), referente de la organizaci\u00f3n Compa y Teatro Trono, Alexandre Santini, l\u00edder del Movimiento Social por las Culturas en Brasil, y Eduardo Bal\u00e1n (Argentina), coordinador de la productora El Culebr\u00f3n Timbal e integrante de la Plataforma Latinoamericana por la Cultura Viva Comunitaria.<\/p>\n<p>A su vez, se realizaron distintas Mesas de Trabajo: Nuevas Experiencias Educativas, Adopci\u00f3n, Parto Respetado y Lactancia, El Estado Empleador, Derecho al H\u00e1bitat, Estrategias para la Observancia y Cumplimiento de los Derechos de ni\u00f1os y adolescentes con discapacidad, Adicciones, Los J\u00f3venes en los Medios, Ni\u00f1os sin cuidados parentales, el rol de los Municipios el Sistema de Promoci\u00f3n y Protecci\u00f3n de Derechos de la Ni\u00f1ez,\u00a0 el derecho a un Procedimiento Justo en el \u00e1mbito penal, Ni\u00f1ez en situaci\u00f3n de calle, y Presupuesto.<\/p>\n<p>M\u00e1s informaci\u00f3n:\u00a0www.foroporlaniez.org.ar<\/p>\n","protected":false},"excerpt":{"rendered":"<p>La actividad abord\u00f3 la problem\u00e1tica de nuestros pibes y adolescentes, con la exposici\u00f3n\u00a0\u00a0de 80\u00a0panelistas, y se desarroll\u00f3 en La Plata el 28 y 29 \u00a0de noviembre pasado. ATE particip\u00f3 de la organizaci\u00f3n, que estuvo a cargo del compa\u00f1ero Fito Aguirre, como\u00a0titular del Foro de Ni\u00f1ez, Adolescencia y Juventud de la provincia de Buenos Aires. Estuvo [&hellip;]<\/p>\n","protected":false},"author":1,"featured_media":19220,"comment_status":"open","ping_status":"open","sticky":false,"template":"","format":"standard","meta":{"_exactmetrics_skip_tracking":false,"_exactmetrics_sitenote_active":false,"_exactmetrics_sitenote_note":"","_exactmetrics_sitenote_category":0,"jnews-multi-image_gallery":[],"jnews_single_post":[],"jnews_primary_category":[],"jnews_social_meta":[],"jnews_review":[],"enable_review":"","type":"","name":"","summary":"","brand":"","sku":"","good":[],"bad":[],"score_override":"","override_value":"","rating":[],"price":[],"jnews_override_counter":[],"jnews_post_split":[],"footnotes":""},"categories":[18],"tags":[],"class_list":["post-4855","post","type-post","status-publish","format-standard","has-post-thumbnail","hentry","category-nacionales"],"jetpack_featured_media_url":"https:\/\/atecordoba.org\/wp-content\/uploads\/2020\/05\/logo-nuevochico-e1561581322808.png","_links":{"self":[{"href":"https:\/\/atecordoba.org\/index.php?rest_route=\/wp\/v2\/posts\/4855","targetHints":{"allow":["GET"]}}],"collection":[{"href":"https:\/\/atecordoba.org\/index.php?rest_route=\/wp\/v2\/posts"}],"about":[{"href":"https:\/\/atecordoba.org\/index.php?rest_route=\/wp\/v2\/types\/post"}],"author":[{"embeddable":true,"href":"https:\/\/atecordoba.org\/index.php?rest_route=\/wp\/v2\/users\/1"}],"replies":[{"embeddable":true,"href":"https:\/\/atecordoba.org\/index.php?rest_route=%2Fwp%2Fv2%2Fcomments&post=4855"}],"version-history":[{"count":0,"href":"https:\/\/atecordoba.org\/index.php?rest_route=\/wp\/v2\/posts\/4855\/revisions"}],"wp:featuredmedia":[{"embeddable":true,"href":"https:\/\/atecordoba.org\/index.php?rest_route=\/wp\/v2\/media\/19220"}],"wp:attachment":[{"href":"https:\/\/atecordoba.org\/index.php?rest_route=%2Fwp%2Fv2%2Fmedia&parent=4855"}],"wp:term":[{"taxonomy":"category","embeddable":true,"href":"https:\/\/atecordoba.org\/index.php?rest_route=%2Fwp%2Fv2%2Fcategories&post=4855"},{"taxonomy":"post_tag","embeddable":true,"href":"https:\/\/atecordoba.org\/index.php?rest_route=%2Fwp%2Fv2%2Ftags&post=4855"}],"curies":[{"name":"wp","href":"https:\/\/api.w.org\/{rel}","templated":true}]}}