{"id":4852,"date":"2014-12-02T16:05:21","date_gmt":"2014-12-02T19:05:21","guid":{"rendered":"http:\/\/www.atecordoba.org\/?p=4852"},"modified":"2014-12-02T16:05:21","modified_gmt":"2014-12-02T19:05:21","slug":"curso-de-formacion-para-delegados-la-negociacion-colectiva","status":"publish","type":"post","link":"https:\/\/atecordoba.org\/?p=4852","title":{"rendered":"Curso de formaci\u00f3n para delegados: la negociaci\u00f3n colectiva"},"content":{"rendered":"<p><em>La Secretar\u00eda de Formaci\u00f3n del Consejo Directivo Provincial organiza un nuevo m\u00f3dulo de capacitaci\u00f3n, esta vez sobre La Negociaci\u00f3n Colectiva. El mismo se dictar\u00e1 el jueves pr\u00f3ximo, <span id=\"OBJ_PREFIX_DWT444_com_zimbra_date\" class=\"Object\">4 de diciembre<\/span>, de 9.30 a 14 horas y est\u00e1 dirigido a delegados y delegadas\u00a0 de nuestro gremio.<\/em><\/p>\n<p><a href=\"http:\/\/www.atecordoba.org\/wp-content\/uploads\/2014\/12\/IMG_5266-e1417547054563.jpg\"><img loading=\"lazy\" decoding=\"async\" class=\"aligncenter size-full wp-image-4853\" src=\"http:\/\/www.atecordoba.org\/wp-content\/uploads\/2014\/12\/IMG_5266-e1417547054563.jpg\" alt=\"IMG_5266\" width=\"500\" height=\"375\" \/><\/a><\/p>\n<p>El objetivo del curso es <b><i>Reconocer a la Negociaci\u00f3n Colectiva como un derecho inalienable de los Trabajadores\/as\u00a0 y un deber del\u00a0 Estado.\u00a0<\/i><\/b>Sostenemos que en estos tiempos de discursos vac\u00edos por parte vastos sectores de poder, donde se confunde negociaci\u00f3n con imposici\u00f3n, es necesario encontrar espacios de debate y formaci\u00f3n de los trabajadores estatales donde nos nutramos de conceptos e informaci\u00f3n que hacen al verdadero ejercicio de nuestro derecho a negociar ya sea por nuestro salario como condiciones de trabajo.<\/p>\n<p>Es fundamental que los delegados nos formemos en este \u00e1mbito de la actividad gremial<b>. La cita es en la sede de ATE, Entre R\u00edos 450 el Jueves <span id=\"OBJ_PREFIX_DWT445_com_zimbra_date\" class=\"Object\">4 de Diciembre<\/span><\/b> <b>de 9:30 hs a 14 hs<\/b>. Contaremos con la presencia y colaboraci\u00f3n de nuestra abogada\u00a0 <span id=\"OBJ_PREFIX_DWT446_com_zimbra_date\" class=\"Object\">Mar<\/span>\u00eda Terragno.<\/p>\n<p>Para mayor informaci\u00f3n, los interesados pueden comunicarse con los compa\u00f1eros<\/p>\n<p>Compa\u00f1era:\u00a0<span id=\"DWT356\" class=\"ZmSearchResult\">Cintia<\/span>\u00a0<span id=\"DWT358\" class=\"ZmSearchResult\">Conesta<\/span>\u00a0155640618<\/p>\n<p>Compa\u00f1ero: Gustavo Peyroti\u00a0 153871664<\/p>\n","protected":false},"excerpt":{"rendered":"<p>La Secretar\u00eda de Formaci\u00f3n del Consejo Directivo Provincial organiza un nuevo m\u00f3dulo de capacitaci\u00f3n, esta vez sobre La Negociaci\u00f3n Colectiva. El mismo se dictar\u00e1 el jueves pr\u00f3ximo, 4 de diciembre, de 9.30 a 14 horas y est\u00e1 dirigido a delegados y delegadas\u00a0 de nuestro gremio. El objetivo del curso es Reconocer a la Negociaci\u00f3n Colectiva [&hellip;]<\/p>\n","protected":false},"author":1,"featured_media":19220,"comment_status":"open","ping_status":"open","sticky":false,"template":"","format":"standard","meta":{"_exactmetrics_skip_tracking":false,"_exactmetrics_sitenote_active":false,"_exactmetrics_sitenote_note":"","_exactmetrics_sitenote_category":0,"jnews-multi-image_gallery":[],"jnews_single_post":[],"jnews_primary_category":[],"jnews_social_meta":[],"jnews_review":[],"enable_review":"","type":"","name":"","summary":"","brand":"","sku":"","good":[],"bad":[],"score_override":"","override_value":"","rating":[],"price":[],"jnews_override_counter":[],"jnews_post_split":[],"footnotes":""},"categories":[88],"tags":[],"class_list":["post-4852","post","type-post","status-publish","format-standard","has-post-thumbnail","hentry","category-formacion"],"jetpack_featured_media_url":"https:\/\/atecordoba.org\/wp-content\/uploads\/2020\/05\/logo-nuevochico-e1561581322808.png","_links":{"self":[{"href":"https:\/\/atecordoba.org\/index.php?rest_route=\/wp\/v2\/posts\/4852","targetHints":{"allow":["GET"]}}],"collection":[{"href":"https:\/\/atecordoba.org\/index.php?rest_route=\/wp\/v2\/posts"}],"about":[{"href":"https:\/\/atecordoba.org\/index.php?rest_route=\/wp\/v2\/types\/post"}],"author":[{"embeddable":true,"href":"https:\/\/atecordoba.org\/index.php?rest_route=\/wp\/v2\/users\/1"}],"replies":[{"embeddable":true,"href":"https:\/\/atecordoba.org\/index.php?rest_route=%2Fwp%2Fv2%2Fcomments&post=4852"}],"version-history":[{"count":0,"href":"https:\/\/atecordoba.org\/index.php?rest_route=\/wp\/v2\/posts\/4852\/revisions"}],"wp:featuredmedia":[{"embeddable":true,"href":"https:\/\/atecordoba.org\/index.php?rest_route=\/wp\/v2\/media\/19220"}],"wp:attachment":[{"href":"https:\/\/atecordoba.org\/index.php?rest_route=%2Fwp%2Fv2%2Fmedia&parent=4852"}],"wp:term":[{"taxonomy":"category","embeddable":true,"href":"https:\/\/atecordoba.org\/index.php?rest_route=%2Fwp%2Fv2%2Fcategories&post=4852"},{"taxonomy":"post_tag","embeddable":true,"href":"https:\/\/atecordoba.org\/index.php?rest_route=%2Fwp%2Fv2%2Ftags&post=4852"}],"curies":[{"name":"wp","href":"https:\/\/api.w.org\/{rel}","templated":true}]}}