{"id":48518,"date":"2025-04-28T10:11:02","date_gmt":"2025-04-28T13:11:02","guid":{"rendered":"https:\/\/atecordoba.org\/?p=48518"},"modified":"2025-04-28T10:34:52","modified_gmt":"2025-04-28T13:34:52","slug":"48518","status":"publish","type":"post","link":"https:\/\/atecordoba.org\/?p=48518","title":{"rendered":"ATE C\u00f3rdoba y la CTAA repudian al G6 por considerar un \u201cprivilegio\u201d la protesta social"},"content":{"rendered":"<p><img loading=\"lazy\" decoding=\"async\" class=\"aligncenter wp-image-48517 \" src=\"https:\/\/atecordoba.org\/wp-content\/uploads\/2025\/04\/gomas-quemadas-1024x768.jpeg\" alt=\"\" width=\"619\" height=\"465\" \/>El Consejo Directivo Provincial y la CTA Aut\u00f3noma C\u00f3rdoba rechazaron las cr\u00edticas del Grupo de Entidades Empresarias (G6) al <a href=\"https:\/\/atecordoba.org\/?p=48499\">fallo de la C\u00e1mara de Acusaci\u00f3n<\/a>, que resolvi\u00f3 la semana pasada el sobreseimiento de dirigentes sociales y sindicales imputados por cortes de calles y obstrucci\u00f3n del tr\u00e1nsito en el centro de la capital en el a\u00f1o 2023,, entre ellos nuestro secretario General, Federico Giuliani.<\/p>\n<p>\u201cExpresamos nuestro m\u00e1s en\u00e9rgico repudio a la declaraci\u00f3n emitida por el G6 que se opone a la protesta social, a la que considera un \u2018privilegio\u2019. Adem\u00e1s, la entidad patronal cuestiona que la C\u00e1mara haya tomado &#8216;una decisi\u00f3n equivocada\u2019, por lo que insiste en reclamar que se aplique la mano dura que pregona Patricia Bullrich desde el Gobierno Nacional: \u2018No se pueden tolerar\u2019 estas medidas, afirma el bloque econ\u00f3mico dominante metiendo presi\u00f3n al poder pol\u00edtico y judicial para que se profundice la criminalizaci\u00f3n de los que reclaman respuestas a las demandas populares\u201d, sostuvo Giuliani, titular a su vez de la CTAA C\u00f3rdoba.<\/p>\n<p>Y agreg\u00f3: \u201cEl Grupo de Entidades Empresarias de C\u00f3rdoba est\u00e1 integrado por la Bolsa de Comercio de C\u00f3rdoba, la C\u00e1mara de Comercio de C\u00f3rdoba, la C\u00e1mara de Comercio Exterior de C\u00f3rdoba, la C\u00e1mara Argentina de la Construcci\u00f3n, Delegaci\u00f3n C\u00f3rdoba; la Federaci\u00f3n Comercial de C\u00f3rdoba y la Uni\u00f3n Industrial de C\u00f3rdoba y, junto a la Fundaci\u00f3n Mediterr\u00e1nea, imponen la l\u00ednea de pensamiento y acci\u00f3n que la clase pol\u00edtica gobernante -desde que retorn\u00f3 la democracia en 1983- sigue al pie de la letra para garantizar el modelo de desarrollo extractivista al servicio del agronegocio en la provincia\u201d.<\/p>\n<p>El dirigente sostuvo que \u201cvale la pena recordar que en la causa a la que el lobby empresario hace menci\u00f3n, los dirigentes sociales y sindicales hab\u00edamos sido imputados por el corte total de calles tras una protesta nacional piquetera realizada en abril de 2023. El Fiscal Ernesto de Arag\u00f3n nos acus\u00f3 en el marco del llamado Protocolo de Protesta generado por el Juez de Control Juan Manuel Fern\u00e1ndez, formulado a pedido de los vecinos del centro de la ciudad. Sin embargo, la acusaci\u00f3n del Fiscal choc\u00f3 contra la opini\u00f3n de los jueces en dos instancias\u201d.<\/p>\n<p>\u201cEl G6 habla de defender la libertad, pero s\u00f3lo se refiere a la libertad de comercio y de las patronales para acumular riqueza a costa de la explotaci\u00f3n de los trabajadores, sembrando pobreza y miseria a su paso. \u00bfQu\u00e9 pasa con la libertad de los trabajadores para hacer valer su fuerza de trabajo en condiciones justas y dignas?\u201d, se pregunt\u00f3.<\/p>\n<p>\u201cEs hora de dejar en claro que la libertad no es solo para unos pocos, sino para todos. Nosotros defendemos la libertad de nuestro pueblo para vivir con dignidad y justicia. Y denunciamos las decisiones que toman los verdaderos due\u00f1os de la provincia y que afectan directamente la vida y el bienestar de los trabajadores y de los m\u00e1s humildes. Es nuestro deber defender derechos como el de la protesta que est\u00e1 amparado en la Constituci\u00f3n Nacional. Nos vemos en las calles\u201d, remat\u00f3 Federico Giuliani.<\/p>\n<p>Vale mencionar que el fallo del tribunal de alzada en lo penal de C\u00f3rdoba remarc\u00f3 que no tiene validez el conocido como \u2018Protocolo Antipiquete\u2019 de Patricia Bullrich y deja herido de muerte el llamado protocolo de protesta generado por el juez de Control Juan Manuel Fern\u00e1ndez, una versi\u00f3n local que el fiscal De Arag\u00f3n utiliz\u00f3 como base para su acusaci\u00f3n, y que recibi\u00f3 el fuerte <a href=\"https:\/\/revistaelsur.com.ar\/nota\/829\/De-las-calles-al-Codigo-Penal\">rechazo de juristas<\/a> por considerarlo inconstitucional.<\/p>\n","protected":false},"excerpt":{"rendered":"<p>El Consejo Directivo Provincial y la CTA Aut\u00f3noma C\u00f3rdoba rechazaron las cr\u00edticas del Grupo de Entidades Empresarias (G6) al fallo de la C\u00e1mara de Acusaci\u00f3n, que resolvi\u00f3 la semana pasada el sobreseimiento de dirigentes sociales y sindicales imputados por cortes de calles y obstrucci\u00f3n del tr\u00e1nsito en el centro de la capital en el a\u00f1o [&hellip;]<\/p>\n","protected":false},"author":7,"featured_media":48517,"comment_status":"open","ping_status":"open","sticky":false,"template":"","format":"standard","meta":{"_exactmetrics_skip_tracking":false,"_exactmetrics_sitenote_active":false,"_exactmetrics_sitenote_note":"","_exactmetrics_sitenote_category":0,"jnews-multi-image_gallery":[],"jnews_single_post":{"format":"standard","override":[{"template":"1","parallax":"1","fullscreen":"1","layout":"no-sidebar-narrow","sidebar":"default-sidebar","second_sidebar":"default-sidebar","sticky_sidebar":"1","share_position":"bottom","share_float_style":"share-monocrhome","show_share_counter":"1","show_view_counter":"1","show_post_meta":"1","show_post_author_image":"1","show_post_date":"1","post_date_format":"default","post_date_format_custom":"Y\/m\/d","show_post_category":"1","show_post_reading_time":"0","post_reading_time_wpm":"300","post_calculate_word_method":"str_word_count","show_zoom_button":"0","zoom_button_out_step":"2","zoom_button_in_step":"3","show_post_tag":"1","number_popup_post":"1","show_post_related":"1","show_inline_post_related":"0"}],"image_override":[{"single_post_thumbnail_size":"crop-500","single_post_gallery_size":"crop-500"}],"trending_post_position":"meta","trending_post_label":"Trending","sponsored_post_label":"Sponsored by","disable_ad":"0"},"jnews_primary_category":[],"jnews_social_meta":[],"jnews_review":[],"enable_review":"","type":"percentage","name":"","summary":"","brand":"","sku":"","good":[],"bad":[],"score_override":"","override_value":"","rating":[],"price":[],"jnews_override_counter":{"view_counter_number":"0","share_counter_number":"0","like_counter_number":"0","dislike_counter_number":"0"},"jnews_post_split":{"post_split":[{"template":"1","tag":"h2","numbering":"asc","mode":"normal","first":"0","enable_toc":"0","toc_type":"normal"}]},"footnotes":""},"categories":[341],"tags":[1344,1160],"class_list":["post-48518","post","type-post","status-publish","format-standard","has-post-thumbnail","hentry","category-cdp","tag-acoso-judicial","tag-cordoba-2"],"jetpack_featured_media_url":"https:\/\/atecordoba.org\/wp-content\/uploads\/2025\/04\/gomas-quemadas-e1745845855444.jpeg","_links":{"self":[{"href":"https:\/\/atecordoba.org\/index.php?rest_route=\/wp\/v2\/posts\/48518","targetHints":{"allow":["GET"]}}],"collection":[{"href":"https:\/\/atecordoba.org\/index.php?rest_route=\/wp\/v2\/posts"}],"about":[{"href":"https:\/\/atecordoba.org\/index.php?rest_route=\/wp\/v2\/types\/post"}],"author":[{"embeddable":true,"href":"https:\/\/atecordoba.org\/index.php?rest_route=\/wp\/v2\/users\/7"}],"replies":[{"embeddable":true,"href":"https:\/\/atecordoba.org\/index.php?rest_route=%2Fwp%2Fv2%2Fcomments&post=48518"}],"version-history":[{"count":4,"href":"https:\/\/atecordoba.org\/index.php?rest_route=\/wp\/v2\/posts\/48518\/revisions"}],"predecessor-version":[{"id":48522,"href":"https:\/\/atecordoba.org\/index.php?rest_route=\/wp\/v2\/posts\/48518\/revisions\/48522"}],"wp:featuredmedia":[{"embeddable":true,"href":"https:\/\/atecordoba.org\/index.php?rest_route=\/wp\/v2\/media\/48517"}],"wp:attachment":[{"href":"https:\/\/atecordoba.org\/index.php?rest_route=%2Fwp%2Fv2%2Fmedia&parent=48518"}],"wp:term":[{"taxonomy":"category","embeddable":true,"href":"https:\/\/atecordoba.org\/index.php?rest_route=%2Fwp%2Fv2%2Fcategories&post=48518"},{"taxonomy":"post_tag","embeddable":true,"href":"https:\/\/atecordoba.org\/index.php?rest_route=%2Fwp%2Fv2%2Ftags&post=48518"}],"curies":[{"name":"wp","href":"https:\/\/api.w.org\/{rel}","templated":true}]}}