{"id":48507,"date":"2025-04-25T15:15:14","date_gmt":"2025-04-25T18:15:14","guid":{"rendered":"https:\/\/atecordoba.org\/?p=48507"},"modified":"2025-04-28T12:47:38","modified_gmt":"2025-04-28T15:47:38","slug":"el-xxvii-congreso-de-ate-cordoba-tras-aprobar-memoria-y-balance-del-2024-ate-resolvio-marchar-con-la-ctaa-el-30-de-abril-a-la-sede-de-la-fundacion-mediterranea-para-repudiar-el-ajuste","status":"publish","type":"post","link":"https:\/\/atecordoba.org\/?p=48507","title":{"rendered":"El XXVII Congreso: tras aprobar memoria y balance del 2024, de ATE C\u00f3rdoba resolvi\u00f3 marchar el 30 de abril con la CTAA"},"content":{"rendered":"<p><img loading=\"lazy\" decoding=\"async\" class=\"aligncenter wp-image-48508 \" src=\"https:\/\/atecordoba.org\/wp-content\/uploads\/2025\/04\/5852c85f-ade8-4372-a2d9-99a1131119f5-1024x769.jpeg\" alt=\"\" width=\"651\" height=\"489\" srcset=\"https:\/\/atecordoba.org\/wp-content\/uploads\/2025\/04\/5852c85f-ade8-4372-a2d9-99a1131119f5-1024x769.jpeg 1024w, https:\/\/atecordoba.org\/wp-content\/uploads\/2025\/04\/5852c85f-ade8-4372-a2d9-99a1131119f5-300x225.jpeg 300w, https:\/\/atecordoba.org\/wp-content\/uploads\/2025\/04\/5852c85f-ade8-4372-a2d9-99a1131119f5-768x577.jpeg 768w, https:\/\/atecordoba.org\/wp-content\/uploads\/2025\/04\/5852c85f-ade8-4372-a2d9-99a1131119f5-1536x1153.jpeg 1536w, https:\/\/atecordoba.org\/wp-content\/uploads\/2025\/04\/5852c85f-ade8-4372-a2d9-99a1131119f5-2048x1537.jpeg 2048w, https:\/\/atecordoba.org\/wp-content\/uploads\/2025\/04\/5852c85f-ade8-4372-a2d9-99a1131119f5-750x563.jpeg 750w, https:\/\/atecordoba.org\/wp-content\/uploads\/2025\/04\/5852c85f-ade8-4372-a2d9-99a1131119f5-1140x856.jpeg 1140w\" sizes=\"auto, (max-width: 651px) 100vw, 651px\" \/>Hoy ser desarroll\u00f3 en la sede del Consejo Directivo provincial el XXVII Congreso Ordinario y Extraordinario de ATE C\u00f3rdoba.<\/p>\n<p>En su primera parte, el XXVII Congreso Ordinario aprob\u00f3 la memoria y el balance de lo actuado en 2024, contando con 141 congresales presentes, de los 146 habilitados. La masiva participaci\u00f3n de las representaciones de todo el territorio provincial da cuenta del apoyo que logra la conducci\u00f3n que encabeza el secretario General, Federico Giuliani, en su segundo mandato al frente del sindicato de las y los estatales en C\u00f3rdoba.<\/p>\n<p>La convocatoria cont\u00f3 con la presencia de las seis seccionales del interior provincial (ATE R\u00edo Cuarto, ATE San Justo, ATE Villa Mar\u00eda, ATE Cruz del Eje, ATE Adelia Mar\u00eda y ATE R\u00edo Tercero) junto a las y los congresales del CDP, que incluye C\u00f3rdoba Capital, Gran C\u00f3rdoba, Sierras Chicas y Traslasierra.<\/p>\n<p>Por su parte, el Congreso XXVII Extraordinario avanz\u00f3 con el debate para definir la acci\u00f3n gremial para el corriente 2025.<img loading=\"lazy\" decoding=\"async\" class=\"aligncenter wp-image-48509 \" src=\"https:\/\/atecordoba.org\/wp-content\/uploads\/2025\/04\/181b5572-2646-479f-856e-05f345c1ddae-1024x769.jpeg\" alt=\"\" width=\"614\" height=\"461\" \/><\/p>\n<p><strong>Ordinario<\/strong><\/p>\n<p>Con la presencia de los delegados del Ministerio de Trabajo y de una escribana que dio fe de lo sucedido, el Congreso Ordinario constituy\u00f3 la mesa de conducci\u00f3n por nuestro secretario General, junto a la secretaria Adjunta Gabriela Alcoba y la jubilada Nora Cendra, compa\u00f1era muy querida que sufri\u00f3 el secuestro y persecuci\u00f3n de la dictadura c\u00edvico-militar cuando integraba en 1976 la seccional Santa Mar\u00eda de Punilla y trabajaba en el Hospital Santa Mar\u00eda.<img loading=\"lazy\" decoding=\"async\" class=\"aligncenter wp-image-48510 \" src=\"https:\/\/atecordoba.org\/wp-content\/uploads\/2025\/04\/67bd939a-70c2-43b5-9f45-6609defe0b40-1024x769.jpeg\" alt=\"\" width=\"615\" height=\"462\" srcset=\"https:\/\/atecordoba.org\/wp-content\/uploads\/2025\/04\/67bd939a-70c2-43b5-9f45-6609defe0b40-1024x769.jpeg 1024w, https:\/\/atecordoba.org\/wp-content\/uploads\/2025\/04\/67bd939a-70c2-43b5-9f45-6609defe0b40-300x225.jpeg 300w, https:\/\/atecordoba.org\/wp-content\/uploads\/2025\/04\/67bd939a-70c2-43b5-9f45-6609defe0b40-768x577.jpeg 768w, https:\/\/atecordoba.org\/wp-content\/uploads\/2025\/04\/67bd939a-70c2-43b5-9f45-6609defe0b40-1536x1153.jpeg 1536w, https:\/\/atecordoba.org\/wp-content\/uploads\/2025\/04\/67bd939a-70c2-43b5-9f45-6609defe0b40-2048x1537.jpeg 2048w, https:\/\/atecordoba.org\/wp-content\/uploads\/2025\/04\/67bd939a-70c2-43b5-9f45-6609defe0b40-750x563.jpeg 750w, https:\/\/atecordoba.org\/wp-content\/uploads\/2025\/04\/67bd939a-70c2-43b5-9f45-6609defe0b40-1140x856.jpeg 1140w\" sizes=\"auto, (max-width: 615px) 100vw, 615px\" \/><\/p>\n<p>Giuliani inici\u00f3 el acto proponiendo que el congreso funcione bajo el nombre de H\u00e9ctor La Perra Castro y los 30 mil desaparecidos de la dictadura.<\/p>\n<p>&#8220;Estamos ejerciendo la democracia sindical interna y veo mucha juventud y muchas mujeres presentes, lo que expresa que ATE est\u00e1 haciendo el recambio de dirigentes que necesita nuestra organizaci\u00f3n&#8221;, celebr\u00f3 el secretario General.<\/p>\n<p>Y subray\u00f3 que Castro fue &#8220;uno de los hacedores del Cordobazo. Su figura nos da la perspectiva hist\u00f3rica de donde debemos pararnos para construir la organizaci\u00f3n de las y los estatales&#8221;.<\/p>\n<p>En el seguimiento del las obligaciones que impone el Congreso, se eligi\u00f3 a las congresales Valeria Beltran y Mariela Lozano como Comisi\u00f3n de Poderes, que constataron la cantidad de congresales presentes, para luego hacer su aparici\u00f3n la Comisi\u00f3n Revisora de Cuentas, encabezada por la congresal Soledad Micoli, que brind\u00f3 un informe sobre el balance. Otra\/os dos congresales, Marcela Ch\u00e1vez y Javier Bracamonte, firmaron el acta respectiva.<img loading=\"lazy\" decoding=\"async\" class=\"aligncenter wp-image-48527 \" src=\"https:\/\/atecordoba.org\/wp-content\/uploads\/2025\/04\/d827bd78-10df-4ce7-bece-1fae0101ab6f-1-1024x769.jpeg\" alt=\"\" width=\"624\" height=\"469\" srcset=\"https:\/\/atecordoba.org\/wp-content\/uploads\/2025\/04\/d827bd78-10df-4ce7-bece-1fae0101ab6f-1-1024x769.jpeg 1024w, https:\/\/atecordoba.org\/wp-content\/uploads\/2025\/04\/d827bd78-10df-4ce7-bece-1fae0101ab6f-1-300x225.jpeg 300w, https:\/\/atecordoba.org\/wp-content\/uploads\/2025\/04\/d827bd78-10df-4ce7-bece-1fae0101ab6f-1-768x577.jpeg 768w, https:\/\/atecordoba.org\/wp-content\/uploads\/2025\/04\/d827bd78-10df-4ce7-bece-1fae0101ab6f-1-1536x1153.jpeg 1536w, https:\/\/atecordoba.org\/wp-content\/uploads\/2025\/04\/d827bd78-10df-4ce7-bece-1fae0101ab6f-1-2048x1537.jpeg 2048w, https:\/\/atecordoba.org\/wp-content\/uploads\/2025\/04\/d827bd78-10df-4ce7-bece-1fae0101ab6f-1-750x563.jpeg 750w, https:\/\/atecordoba.org\/wp-content\/uploads\/2025\/04\/d827bd78-10df-4ce7-bece-1fae0101ab6f-1-1140x856.jpeg 1140w\" sizes=\"auto, (max-width: 624px) 100vw, 624px\" \/><\/p>\n<p>Por su parte, le secretario de Finanzas del CDP, Ricardo Reyna, comparti\u00f3 un informe sobre el balance y el inventario de ATE C\u00f3rdoba.<\/p>\n<p>Todo fue aprobado por inmensa mayor\u00eda por las y los congresales acreditados.<\/p>\n<p><strong>Extraordinario<\/strong><\/p>\n<p>Iniciado el Congreso Extraordinario, se designaron las autoridades, donde a la mesa encabezada por Giuliani se sumaron las conducciones de las seccionales, incorpor\u00e1ndose la secretaria General de ATE R\u00edo Cuarto, Rafaela Alcoba, el secretario Administrativo de ATE Adelia Mar\u00eda, Luis Ontivero, el secretario Adjunto de ATE Cruz del Eje, Leandro Rueda, el secretario Gremial de ATE Rio Tercero, Juan Bazan, el secretario General de ATE San Justo, Dar\u00edo Paredes, y la secretaria General de ATE Villa Mar\u00eda, Mari Maturano.<img loading=\"lazy\" decoding=\"async\" class=\"aligncenter wp-image-48529 \" src=\"https:\/\/atecordoba.org\/wp-content\/uploads\/2025\/04\/96e1a828-ce83-4e83-b37f-e66a4c98c17b-1024x769.jpeg\" alt=\"\" width=\"622\" height=\"467\" srcset=\"https:\/\/atecordoba.org\/wp-content\/uploads\/2025\/04\/96e1a828-ce83-4e83-b37f-e66a4c98c17b-1024x769.jpeg 1024w, https:\/\/atecordoba.org\/wp-content\/uploads\/2025\/04\/96e1a828-ce83-4e83-b37f-e66a4c98c17b-300x225.jpeg 300w, https:\/\/atecordoba.org\/wp-content\/uploads\/2025\/04\/96e1a828-ce83-4e83-b37f-e66a4c98c17b-768x577.jpeg 768w, https:\/\/atecordoba.org\/wp-content\/uploads\/2025\/04\/96e1a828-ce83-4e83-b37f-e66a4c98c17b-1536x1153.jpeg 1536w, https:\/\/atecordoba.org\/wp-content\/uploads\/2025\/04\/96e1a828-ce83-4e83-b37f-e66a4c98c17b-2048x1537.jpeg 2048w, https:\/\/atecordoba.org\/wp-content\/uploads\/2025\/04\/96e1a828-ce83-4e83-b37f-e66a4c98c17b-750x563.jpeg 750w, https:\/\/atecordoba.org\/wp-content\/uploads\/2025\/04\/96e1a828-ce83-4e83-b37f-e66a4c98c17b-1140x856.jpeg 1140w\" sizes=\"auto, (max-width: 622px) 100vw, 622px\" \/><\/p>\n<p>El congreso dio comienzo con un fuerte discurso de Federico Giuliani, quien destac\u00f3 que &#8220;ATE y la centrales definieron movilizar el 30 de abril contra le ajuste de Milei. Yo quiero recordar que el 11 de diciembre de 2023, un d\u00eda despu\u00e9s de asumido este gobierno, estuvimos haciendo el primer piquetazo frente al Ministerio de Trabajo de la Naci\u00f3n, en repudio a lo que sab\u00edamos que se ven\u00eda: de ah\u00ed en m\u00e1s hasta ac\u00e1 no paramos&#8221;.<\/p>\n<p>Para el dirigente &#8220;no puede haber un parate, debe mantenerse una continuidad en el plan de lucha. Logramos que la CGT adormecida y bur\u00f3crata sacara el paro general del 9 y el 10 de abril. La definici\u00f3n es que el 30 de abril haya una movilizaci\u00f3n en una jornada nacional de lucha, donde cada uno va a territorializar las demandas contra el gobierno nacional, pero tambi\u00e9n los gobiernos provinciales y los municipales&#8221;.<\/p>\n<p>Y remarc\u00f3 que &#8220;desde que asumi\u00f3 Milei hasta el 31 de diciembre pasado el Estado Nacional despidi\u00f3 43778 trabajadores y trabajadoras, personal con 25 o 30 a\u00f1os de antig\u00fcedad que hoy tiene muy dif\u00edcil conseguir laburo en este contexto econ\u00f3mico&#8221;.<img loading=\"lazy\" decoding=\"async\" class=\"aligncenter wp-image-48530 \" src=\"https:\/\/atecordoba.org\/wp-content\/uploads\/2025\/04\/531259fd-0ac4-45fa-9c66-f769ce89503a-1024x769.jpeg\" alt=\"\" width=\"614\" height=\"461\" srcset=\"https:\/\/atecordoba.org\/wp-content\/uploads\/2025\/04\/531259fd-0ac4-45fa-9c66-f769ce89503a-1024x769.jpeg 1024w, https:\/\/atecordoba.org\/wp-content\/uploads\/2025\/04\/531259fd-0ac4-45fa-9c66-f769ce89503a-300x225.jpeg 300w, https:\/\/atecordoba.org\/wp-content\/uploads\/2025\/04\/531259fd-0ac4-45fa-9c66-f769ce89503a-768x577.jpeg 768w, https:\/\/atecordoba.org\/wp-content\/uploads\/2025\/04\/531259fd-0ac4-45fa-9c66-f769ce89503a-1536x1153.jpeg 1536w, https:\/\/atecordoba.org\/wp-content\/uploads\/2025\/04\/531259fd-0ac4-45fa-9c66-f769ce89503a-2048x1537.jpeg 2048w, https:\/\/atecordoba.org\/wp-content\/uploads\/2025\/04\/531259fd-0ac4-45fa-9c66-f769ce89503a-750x563.jpeg 750w, https:\/\/atecordoba.org\/wp-content\/uploads\/2025\/04\/531259fd-0ac4-45fa-9c66-f769ce89503a-1140x856.jpeg 1140w\" sizes=\"auto, (max-width: 614px) 100vw, 614px\" \/><\/p>\n<p>El dirigente reconoci\u00f3 que \u201cfueron pocas al reincorporaciones que logramos. Este gobierno no dialoga. Por eso debemos seguir teniendo en la agenda la situaci\u00f3n de estos compa\u00f1eros y compa\u00f1eras. Redujeron el 12.8% de la planta nacional\u201d.<\/p>\n<p>&#8220;Hay una decisi\u00f3n de este gobierno fascista de retirar el Estado de los territorios provinciales. Cerraron delegaciones completas y desmantelaron oficinas como Desarrollo Social, Inadi, Ministerio de la Mujer, Secretar\u00eda de Agricultura Familiar, entre otras. Adem\u00e1s, desde diciembre de 2023 perdimos los estatales nacionales el 40% de nuestro salario, con el concurso de UPCN que les firma las paritarias en vez de construir en conjunto un plan de lucha&#8221;, afirm\u00f3.<img loading=\"lazy\" decoding=\"async\" class=\"aligncenter wp-image-48531 \" src=\"https:\/\/atecordoba.org\/wp-content\/uploads\/2025\/04\/0be4a434-ff4e-4e7d-b579-aa80e19ae30e-1024x768.jpeg\" alt=\"\" width=\"630\" height=\"473\" srcset=\"https:\/\/atecordoba.org\/wp-content\/uploads\/2025\/04\/0be4a434-ff4e-4e7d-b579-aa80e19ae30e-1024x768.jpeg 1024w, https:\/\/atecordoba.org\/wp-content\/uploads\/2025\/04\/0be4a434-ff4e-4e7d-b579-aa80e19ae30e-300x225.jpeg 300w, https:\/\/atecordoba.org\/wp-content\/uploads\/2025\/04\/0be4a434-ff4e-4e7d-b579-aa80e19ae30e-768x576.jpeg 768w, https:\/\/atecordoba.org\/wp-content\/uploads\/2025\/04\/0be4a434-ff4e-4e7d-b579-aa80e19ae30e-1536x1152.jpeg 1536w, https:\/\/atecordoba.org\/wp-content\/uploads\/2025\/04\/0be4a434-ff4e-4e7d-b579-aa80e19ae30e-2048x1536.jpeg 2048w, https:\/\/atecordoba.org\/wp-content\/uploads\/2025\/04\/0be4a434-ff4e-4e7d-b579-aa80e19ae30e-750x563.jpeg 750w, https:\/\/atecordoba.org\/wp-content\/uploads\/2025\/04\/0be4a434-ff4e-4e7d-b579-aa80e19ae30e-1140x855.jpeg 1140w\" sizes=\"auto, (max-width: 630px) 100vw, 630px\" \/><\/p>\n<p>Giuliani destac\u00f3 que en el sector privado se perdieron en este periodo 119 mil puestos de trabajo registrado.<\/p>\n<p>&#8220;Seis de cada diez trabajadores estamos en negro, yo hace 22 a\u00f1os que trabajo como contratado en SENASA y el 50% de nuestros compatriotas viven bajo la l\u00ednea de la pobreza. Los compa\u00f1eros de las barriadas comen una vez al d\u00eda, nos lo dicen cuando la CTAA recorre los territorios&#8221;, denunci\u00f3 el dirigente.<\/p>\n<p>&#8220;Hoy la deuda externa, contra\u00edda con el FMI pero tambi\u00e9n con los fondos buitres y los timberos del mundo, es de 464 mil millones de d\u00f3lares. No la van a pagar ellos, porque el Estado es bobo pero cuando has que licuar la deuda la terminamos pagando nosotros&#8221;, dijo Giuliani.<\/p>\n<p>Acto seguido, alent\u00f3 a construir conciencia en los lugares de trabajo y destac\u00f3 el fallo de la justicia que lo sobresey\u00f3 en la causa armada en 2023 que sufri\u00f3 por el corte de calle que se realiz\u00f3 en una protesta.<img loading=\"lazy\" decoding=\"async\" class=\"alignleft wp-image-48532\" src=\"https:\/\/atecordoba.org\/wp-content\/uploads\/2025\/04\/9d2b2179-797e-4319-851a-9593be4d85d6-225x300.jpeg\" alt=\"\" width=\"307\" height=\"409\" srcset=\"https:\/\/atecordoba.org\/wp-content\/uploads\/2025\/04\/9d2b2179-797e-4319-851a-9593be4d85d6-225x300.jpeg 225w, https:\/\/atecordoba.org\/wp-content\/uploads\/2025\/04\/9d2b2179-797e-4319-851a-9593be4d85d6-769x1024.jpeg 769w, https:\/\/atecordoba.org\/wp-content\/uploads\/2025\/04\/9d2b2179-797e-4319-851a-9593be4d85d6-768x1023.jpeg 768w, https:\/\/atecordoba.org\/wp-content\/uploads\/2025\/04\/9d2b2179-797e-4319-851a-9593be4d85d6-1153x1536.jpeg 1153w, https:\/\/atecordoba.org\/wp-content\/uploads\/2025\/04\/9d2b2179-797e-4319-851a-9593be4d85d6-1537x2048.jpeg 1537w, https:\/\/atecordoba.org\/wp-content\/uploads\/2025\/04\/9d2b2179-797e-4319-851a-9593be4d85d6-750x999.jpeg 750w, https:\/\/atecordoba.org\/wp-content\/uploads\/2025\/04\/9d2b2179-797e-4319-851a-9593be4d85d6-1140x1519.jpeg 1140w, https:\/\/atecordoba.org\/wp-content\/uploads\/2025\/04\/9d2b2179-797e-4319-851a-9593be4d85d6-scaled.jpeg 1922w\" sizes=\"auto, (max-width: 307px) 100vw, 307px\" \/><\/p>\n<p>En ese marco, el secretario General de ATE C\u00f3rdoba critic\u00f3 al cordobesismo en sus distintas variantes pol\u00edticas, al se\u00f1alar que &#8220;todos est\u00e1n iluminados por el faro ideol\u00f3gico que constituye la Fundaci\u00f3n Mediterr\u00e1nea, con Domingo Cavallo como mayor exponente. Por eso esta casta pol\u00edtica termina siendo gerente de los grupos econ\u00f3micos.\u00a0C\u00f3rdoba es la \u00fanica provincia donde ATE no es paritario. Saben que no vamos a ir a firmar sino a discutir por nuestro salario&#8221;.<\/p>\n<p>En otro tramo, Giuliani dijo que &#8220;el ajuste que viene de arriba, que derrama por las provincias, termina en los municipios&#8221; por lo que defini\u00f3 el plan de lucha como \u201cuna pelea de largo plazo\u201d e inst\u00f3 a organizar la esperanza de manera colectiva. \u201cTenemos que seguir construyendo organizaci\u00f3n y poder popular\u201d, concluy\u00f3 entre aplausos<\/p>\n<p><strong>M\u00e1s testimonios\u00a0<\/strong><\/p>\n<ul>\n<li>Clarisa Gambera, secretaria de G\u00e9neros y Diversidaes del CDN: &#8220;Traigo el saludo del secretario General nacional Rodolfo Aguiar, que nos mand\u00f3 a estar presentes en todos los congresos provinciales para recorrer los territorios porque somos una organizaci\u00f3n federal. Estoy orgullosa de ser la primer secretaria de G\u00e9neros y Diversidades de ATE porque es un hito que logramos de manera colectiva despu\u00e9s de muchos a\u00f1os de lucha. Nos costaba durante muchos a\u00f1os institucionalizar esa de las miles de compa\u00f1eras estatales de ATE que constru\u00edamos espacios de lucha. ATE es pionera y se construy\u00f3 con el entusiasmo de la marea verde sindical, hablando con compa\u00f1eras de otros sindicatos. No fue f\u00e1cil pero logramos una reforma de estatuto que nos tenga como protagonistas&#8221;. la dirigente destac\u00f3 que &#8220;ATE tiene anclaje territorial por la experiencia del Estado en Argentina. Precisamente ahora estamos frente a un gobierno que plante\u00f3 un ajuste feroz y la retirada del Estado de los territoritos, lo que significa menos derechos para todo el pueblo&#8221;.<img loading=\"lazy\" decoding=\"async\" class=\"alignright wp-image-48533 \" src=\"https:\/\/atecordoba.org\/wp-content\/uploads\/2025\/04\/a556d47e-df0f-4ae0-a13f-f06ffc316b25-769x1024.jpeg\" alt=\"\" width=\"295\" height=\"393\" srcset=\"https:\/\/atecordoba.org\/wp-content\/uploads\/2025\/04\/a556d47e-df0f-4ae0-a13f-f06ffc316b25-769x1024.jpeg 769w, https:\/\/atecordoba.org\/wp-content\/uploads\/2025\/04\/a556d47e-df0f-4ae0-a13f-f06ffc316b25-225x300.jpeg 225w, https:\/\/atecordoba.org\/wp-content\/uploads\/2025\/04\/a556d47e-df0f-4ae0-a13f-f06ffc316b25-768x1023.jpeg 768w, https:\/\/atecordoba.org\/wp-content\/uploads\/2025\/04\/a556d47e-df0f-4ae0-a13f-f06ffc316b25-1153x1536.jpeg 1153w, https:\/\/atecordoba.org\/wp-content\/uploads\/2025\/04\/a556d47e-df0f-4ae0-a13f-f06ffc316b25-1537x2048.jpeg 1537w, https:\/\/atecordoba.org\/wp-content\/uploads\/2025\/04\/a556d47e-df0f-4ae0-a13f-f06ffc316b25-750x999.jpeg 750w, https:\/\/atecordoba.org\/wp-content\/uploads\/2025\/04\/a556d47e-df0f-4ae0-a13f-f06ffc316b25-1140x1519.jpeg 1140w, https:\/\/atecordoba.org\/wp-content\/uploads\/2025\/04\/a556d47e-df0f-4ae0-a13f-f06ffc316b25-scaled.jpeg 1922w\" sizes=\"auto, (max-width: 295px) 100vw, 295px\" \/><\/li>\n<li>Carlos Rang, delegado de la SAF, despedido: &#8220;Hoy vinimos en representaci\u00f3n del conjunto de los despedidos estatales y estamos participando para revertir esta situaci\u00f3n, en un marco de paritarias a la baja y con m\u00e1s ajuste porque el gobierno sigue tomando deuda. Queremos ratificar el plan de lucha fuerte para cambiar la correlaci\u00f3n de fuerzas para que los trabajadores podamos recuperar salario y que la renta del pa\u00eds se distribuya m\u00e1s en favor de la clase trabajadora&#8221;.<\/li>\n<li>Dar\u00edo Paredes, secretario General de ATE San Justo: &#8220;Estamos ac\u00e1 participando del congreso con la expectativa de que todo va a salir bien. Tenemos una agenda de luchas y con actividades de formaci\u00f3n para aquellos compa\u00f1eros que se quieran acerca a la seccional. Con la mirada puesta en el 30 de abril, pero tambi\u00e9n el 1\u00ba de mayo y el 25 de mayo, donde dimos unas lucha provincial el a\u00f1o pasado, que vamos a replicar&#8221;.<\/li>\n<li>Jos\u00e9 Baigorria, integrante del CDP y trabajador municipal de R\u00edo Primero: &#8220;Nuestra expectativa es buena, en un acto de democracia sindical con muchos compa\u00f1erismo. Venimos trabajando en el \u00e1mbito municipal desde el CDP en distintos localidades, planteando paritarias, recategorizaciones y pase a planta en una agenda muy amplia para el sector&#8221;.<\/li>\n<li>Leandro Rueda, secretario Adjunto de ATE Cruz del Eje: &#8220;El congreso fue muy valioso atento a las\u00a0 dificultades que pasamos y hoy logramos un ordenamiento y un planteo de unidad a nivel provincial y de las seccionales que nos permite cumplir con el objetivo de llevar adelante la resistencia desde todos los sectores al ajuste de Milei, que desbordas a las provincias y los municipios.\u00a0 En el territorio vamos a llevar adelante esta agenda de movilizaciones del mes de mayo junto con las multisectoriales de Cruz del Eje&#8221;.<img loading=\"lazy\" decoding=\"async\" class=\" wp-image-48536 alignleft\" src=\"https:\/\/atecordoba.org\/wp-content\/uploads\/2025\/04\/e026836e-e160-4af9-a4ab-7b2234e6714e-225x300.jpeg\" alt=\"\" width=\"294\" height=\"392\" srcset=\"https:\/\/atecordoba.org\/wp-content\/uploads\/2025\/04\/e026836e-e160-4af9-a4ab-7b2234e6714e-225x300.jpeg 225w, https:\/\/atecordoba.org\/wp-content\/uploads\/2025\/04\/e026836e-e160-4af9-a4ab-7b2234e6714e-769x1024.jpeg 769w, https:\/\/atecordoba.org\/wp-content\/uploads\/2025\/04\/e026836e-e160-4af9-a4ab-7b2234e6714e-768x1023.jpeg 768w, https:\/\/atecordoba.org\/wp-content\/uploads\/2025\/04\/e026836e-e160-4af9-a4ab-7b2234e6714e-1153x1536.jpeg 1153w, https:\/\/atecordoba.org\/wp-content\/uploads\/2025\/04\/e026836e-e160-4af9-a4ab-7b2234e6714e-1537x2048.jpeg 1537w, https:\/\/atecordoba.org\/wp-content\/uploads\/2025\/04\/e026836e-e160-4af9-a4ab-7b2234e6714e-750x999.jpeg 750w, https:\/\/atecordoba.org\/wp-content\/uploads\/2025\/04\/e026836e-e160-4af9-a4ab-7b2234e6714e-1140x1519.jpeg 1140w, https:\/\/atecordoba.org\/wp-content\/uploads\/2025\/04\/e026836e-e160-4af9-a4ab-7b2234e6714e-scaled.jpeg 1922w\" sizes=\"auto, (max-width: 294px) 100vw, 294px\" \/><\/li>\n<li>Rafaela Alcoba, secretaria General de ATE R\u00edo Cuarto: &#8220;La perspectiva de este Congreso es abrir la etapa de debate para unificar luchas frente a un gobierno nacional que nos ataca de manera permanente. En la veredas de enfrente tiene a un sindicato que desde el dia 1 estuvo en la calle y no estuvimos errados ni erradas. Dijimos que las medidas anunciadas iban en detrimento de la clase trabajadora. Nos espera un a\u00f1o muy complejo como lo fue 2024. Ahora vemos a otras organizaciones que ven en la calle como el lugar de lucha y de conquista por lo que este 2025 nos vamos a encontrar con muchos mas compa\u00f1ero y compa\u00f1eras para cumplir este plan de lucha&#8221;.<\/li>\n<li>Alejandra Agnone, secretaria de Acci\u00f3n pol\u00edtica del CDP y trabajadora de SENASA: &#8220;Los y las estatales nacionales vemos con gran satisfacci\u00f3n este congreso, en tiempos pol\u00edticos donde se pone en duda el rol de los sindicatos. Esta instancia democr\u00e1tica es muy importante, m\u00e1s atento que este a\u00f1o cumplimos un siglo de existencia.\u00a0 Los nacionales atravesamos una crisis muy fuerte por la baja de salarios, los despidos y el vaciamiento de los organismos que exige un plan de lucha para revertir esta situaci\u00f3n&#8221;.<\/li>\n<\/ul>\n<p><strong>Conclusiones<\/strong><\/p>\n<p>El XXVVII Congreso Extraordinario fij\u00f3 una serie de mandatos votados de manera un\u00e1nime.<\/p>\n<ul>\n<li>En primer t\u00e9rmino, movilizar el 30 de abril a las 10 horas a la sede de la Fundaci\u00f3n Mediterr\u00e1nea, en el marco de las marchas impulsadas por las centrales obreras.<\/li>\n<li>Otro punto aprobado fue profundizar el trabajo para concretar el convenio colectivo municipal.<\/li>\n<li>Adem\u00e1s, fortalecer en ATE el Departamento de discapacidad y realizar un relevamiento sobre el cumplimiento de la normativa en la materia en los lugares de trabajo.<\/li>\n<li>Otro punto fue la necesidad de establecer estrategias de lucha en el \u00e1mbito de G\u00e9neros y Diversidades.<\/li>\n<li>Por \u00faltimo se resolvi\u00f3 un plan de lucha para el mes de mayo.<\/li>\n<\/ul>\n<p><img loading=\"lazy\" decoding=\"async\" class=\"aligncenter wp-image-48535 \" src=\"https:\/\/atecordoba.org\/wp-content\/uploads\/2025\/04\/fb22e115-bb5d-45d9-8cee-ab37e96f1786-1024x769.jpeg\" alt=\"\" width=\"615\" height=\"462\" srcset=\"https:\/\/atecordoba.org\/wp-content\/uploads\/2025\/04\/fb22e115-bb5d-45d9-8cee-ab37e96f1786-1024x769.jpeg 1024w, https:\/\/atecordoba.org\/wp-content\/uploads\/2025\/04\/fb22e115-bb5d-45d9-8cee-ab37e96f1786-300x225.jpeg 300w, https:\/\/atecordoba.org\/wp-content\/uploads\/2025\/04\/fb22e115-bb5d-45d9-8cee-ab37e96f1786-768x577.jpeg 768w, https:\/\/atecordoba.org\/wp-content\/uploads\/2025\/04\/fb22e115-bb5d-45d9-8cee-ab37e96f1786-1536x1153.jpeg 1536w, https:\/\/atecordoba.org\/wp-content\/uploads\/2025\/04\/fb22e115-bb5d-45d9-8cee-ab37e96f1786-2048x1537.jpeg 2048w, https:\/\/atecordoba.org\/wp-content\/uploads\/2025\/04\/fb22e115-bb5d-45d9-8cee-ab37e96f1786-750x563.jpeg 750w, https:\/\/atecordoba.org\/wp-content\/uploads\/2025\/04\/fb22e115-bb5d-45d9-8cee-ab37e96f1786-1140x856.jpeg 1140w\" sizes=\"auto, (max-width: 615px) 100vw, 615px\" \/><\/p>\n<p>&nbsp;<\/p>\n<p>&nbsp;<\/p>\n<p>&nbsp;<\/p>\n<p>&nbsp;<\/p>\n","protected":false},"excerpt":{"rendered":"<p>Hoy ser desarroll\u00f3 en la sede del Consejo Directivo provincial el XXVII Congreso Ordinario y Extraordinario de ATE C\u00f3rdoba. En su primera parte, el XXVII Congreso Ordinario aprob\u00f3 la memoria y el balance de lo actuado en 2024, contando con 141 congresales presentes, de los 146 habilitados. La masiva participaci\u00f3n de las representaciones de todo [&hellip;]<\/p>\n","protected":false},"author":7,"featured_media":48509,"comment_status":"open","ping_status":"open","sticky":false,"template":"","format":"standard","meta":{"_exactmetrics_skip_tracking":false,"_exactmetrics_sitenote_active":false,"_exactmetrics_sitenote_note":"","_exactmetrics_sitenote_category":0,"jnews-multi-image_gallery":[],"jnews_single_post":{"format":"standard","override":[{"template":"1","parallax":"1","fullscreen":"1","layout":"no-sidebar-narrow","sidebar":"default-sidebar","second_sidebar":"default-sidebar","sticky_sidebar":"1","share_position":"bottom","share_float_style":"share-monocrhome","show_share_counter":"1","show_view_counter":"1","show_post_meta":"1","show_post_author_image":"1","show_post_date":"1","post_date_format":"default","post_date_format_custom":"Y\/m\/d","show_post_category":"1","show_post_reading_time":"0","post_reading_time_wpm":"300","post_calculate_word_method":"str_word_count","show_zoom_button":"0","zoom_button_out_step":"2","zoom_button_in_step":"3","show_post_tag":"1","number_popup_post":"1","show_post_related":"1","show_inline_post_related":"0"}],"image_override":[{"single_post_thumbnail_size":"crop-500","single_post_gallery_size":"crop-500"}],"trending_post_position":"meta","trending_post_label":"Trending","sponsored_post_label":"Sponsored by","disable_ad":"0"},"jnews_primary_category":[],"jnews_social_meta":[],"jnews_review":[],"enable_review":"","type":"percentage","name":"","summary":"","brand":"","sku":"","good":[],"bad":[],"score_override":"","override_value":"","rating":[],"price":[],"jnews_override_counter":{"view_counter_number":"0","share_counter_number":"0","like_counter_number":"0","dislike_counter_number":"0"},"jnews_post_split":{"post_split":[{"template":"1","tag":"h2","numbering":"asc","mode":"normal","first":"0","enable_toc":"0","toc_type":"normal"}]},"footnotes":""},"categories":[341],"tags":[1490],"class_list":["post-48507","post","type-post","status-publish","format-standard","has-post-thumbnail","hentry","category-cdp","tag-xxvii-congreso-ate-cordoba"],"jetpack_featured_media_url":"https:\/\/atecordoba.org\/wp-content\/uploads\/2025\/04\/181b5572-2646-479f-856e-05f345c1ddae-scaled-e1745604875521.jpeg","_links":{"self":[{"href":"https:\/\/atecordoba.org\/index.php?rest_route=\/wp\/v2\/posts\/48507","targetHints":{"allow":["GET"]}}],"collection":[{"href":"https:\/\/atecordoba.org\/index.php?rest_route=\/wp\/v2\/posts"}],"about":[{"href":"https:\/\/atecordoba.org\/index.php?rest_route=\/wp\/v2\/types\/post"}],"author":[{"embeddable":true,"href":"https:\/\/atecordoba.org\/index.php?rest_route=\/wp\/v2\/users\/7"}],"replies":[{"embeddable":true,"href":"https:\/\/atecordoba.org\/index.php?rest_route=%2Fwp%2Fv2%2Fcomments&post=48507"}],"version-history":[{"count":8,"href":"https:\/\/atecordoba.org\/index.php?rest_route=\/wp\/v2\/posts\/48507\/revisions"}],"predecessor-version":[{"id":48541,"href":"https:\/\/atecordoba.org\/index.php?rest_route=\/wp\/v2\/posts\/48507\/revisions\/48541"}],"wp:featuredmedia":[{"embeddable":true,"href":"https:\/\/atecordoba.org\/index.php?rest_route=\/wp\/v2\/media\/48509"}],"wp:attachment":[{"href":"https:\/\/atecordoba.org\/index.php?rest_route=%2Fwp%2Fv2%2Fmedia&parent=48507"}],"wp:term":[{"taxonomy":"category","embeddable":true,"href":"https:\/\/atecordoba.org\/index.php?rest_route=%2Fwp%2Fv2%2Fcategories&post=48507"},{"taxonomy":"post_tag","embeddable":true,"href":"https:\/\/atecordoba.org\/index.php?rest_route=%2Fwp%2Fv2%2Ftags&post=48507"}],"curies":[{"name":"wp","href":"https:\/\/api.w.org\/{rel}","templated":true}]}}