{"id":48499,"date":"2025-04-23T17:00:23","date_gmt":"2025-04-23T20:00:23","guid":{"rendered":"https:\/\/atecordoba.org\/?p=48499"},"modified":"2025-04-23T17:39:50","modified_gmt":"2025-04-23T20:39:50","slug":"acoso-judicial-la-camara-de-acusacion-sobreseyo-a-giuliani-en-la-causa-armada-por-el-fiscal-de-aragon","status":"publish","type":"post","link":"https:\/\/atecordoba.org\/?p=48499","title":{"rendered":"Acoso Judicial: la C\u00e1mara de Acusaci\u00f3n sobresey\u00f3 a Giuliani en la causa armada por el fiscal De Arag\u00f3n"},"content":{"rendered":"<figure id=\"attachment_48500\" aria-describedby=\"caption-attachment-48500\" style=\"width: 610px\" class=\"wp-caption aligncenter\"><img loading=\"lazy\" decoding=\"async\" class=\"wp-image-48500 \" src=\"https:\/\/atecordoba.org\/wp-content\/uploads\/2025\/04\/giuliasni-y-abogados.jpg\" alt=\"\" width=\"610\" height=\"343\" srcset=\"https:\/\/atecordoba.org\/wp-content\/uploads\/2025\/04\/giuliasni-y-abogados.jpg 1024w, https:\/\/atecordoba.org\/wp-content\/uploads\/2025\/04\/giuliasni-y-abogados-300x169.jpg 300w, https:\/\/atecordoba.org\/wp-content\/uploads\/2025\/04\/giuliasni-y-abogados-768x432.jpg 768w, https:\/\/atecordoba.org\/wp-content\/uploads\/2025\/04\/giuliasni-y-abogados-750x422.jpg 750w\" sizes=\"auto, (max-width: 610px) 100vw, 610px\" \/><figcaption id=\"caption-attachment-48500\" class=\"wp-caption-text\">Federico Giuliani, junto a los abogados de ATE Eugenio Biafore y Claudio Orosz, en tribunales el a\u00f1o pasado.<\/figcaption><\/figure>\n<p>La justicia provincial dict\u00f3 el sobreseimiento del secretario General de ATE C\u00f3rdoba, Federico Giuliani en la causa donde el fiscal Ernesto De Arag\u00f3n distrito 4 turno 1, \u00a0lo proces\u00f3 por \u201centorpecimiento al transporte\u201d ante la jornada de protestas piqueteras de la Marcha Contra el Hambre, que se realiz\u00f3 en 2023.<\/p>\n<p>La sentencia de la C\u00e1mara de Acusaci\u00f3n del Poder Judicial de C\u00f3rdoba marca un punto de inflexi\u00f3n respecto al acoso judicial que viene sufriendo Giuliani al ejercer el derecho constitucional a la protesta que fija el art\u00edculo 14 de la carta magna.<\/p>\n<p>\u201cEst\u00e1 dirigido a criminalizar la protesta social, a castigar a las organizaciones populares, donde se ataca la consecuencia ante la falta de respuesta de los reclamos por la grave crisis social que vivimos&#8221;, hab\u00eda denunciado Giuliani oportunamente al fustigar la actuaci\u00f3n del fiscal.<\/p>\n<p>Ahora la C\u00e1mara dio la raz\u00f3n a los defensores letrados del dirigente estatal, que fundaron su rechazo a la elevaci\u00f3n a juicio, impulsada por el fiscal, en el derecho internacional, las sentencias de la Corte Interamericana de DDHH, sentencias de la Corte Suprema de Justicia de la Naci\u00f3n en relaci\u00f3n a los hechos del 19 y 20 de diciembre de 2001, dictada recientemente, entre otros argumentos.<\/p>\n<p>De Arag\u00f3n le hab\u00eda imputado a Giuliani el delito previsto en el art 194 de CP \u201cobstrucci\u00f3n de la circulaci\u00f3n en la v\u00eda p\u00fablica\u201d.<\/p>\n<p>Giuliani dijo en su momento que \u201cel llamado de fiscal\u00eda es netamente pol\u00edtico y constituye la respuesta a los cortes y la movilizaci\u00f3n que hicimos en C\u00f3rdoba Capital. La marcha termin\u00f3 a las 13 y a las 13.30 nos llega la notificaci\u00f3n del fiscal\u201d. Tres d\u00edas despu\u00e9s se realiz\u00f3 la elecci\u00f3n de gobernador.<\/p>\n<p>Por eso el dirigente estatal acus\u00f3 a De Arag\u00f3n de ser \u201cel brazo ejecutor del cordobesismo\u201d. \u201cSe trata de un intento por disciplinar la protesta social. Nosotras y nosotros ratificamos la inconstitucionalidad de la imputaci\u00f3n por lo que nuestro camino seguir\u00e1 siendo la unidad, la lucha y la calle\u201d, denunci\u00f3.<\/p>\n<p>El fallo fija entonces un claro l\u00edmite al Gobierno de C\u00f3rdoba sobre los intentos por frenar la protesta social y fundamentalmente a la Justicia obediente con esa intensi\u00f3n.<\/p>\n<p>En uno de los punto significativos de la resoluci\u00f3n judicial, la C\u00e1mara estableci\u00f3 que \u201cno existe a nivel provincial una legislaci\u00f3n similar a la nacional\u201d a los fines de regular el derecho a la protesta que impuso el \u201cProtocolo para el mantenimiento del orden p\u00fablico ante el corte de v\u00edas de circulaci\u00f3n\u201d, que habilita a las fuerzas de seguridad federales a intervenir ante casos de \u201cimpedimentos al tr\u00e1nsito de personas o medios de transporte, cortes parciales o totales de rutas nacionales\u201d que promovi\u00f3 la ministra de Seguridad Patricia Bullrich a nivel federal.<\/p>\n<p>Adem\u00e1s, el tribunal dej\u00f3 claro que \u201c\u2026Es indiscutible el derecho de los ciudadanos a transitar por el territorio argentino, a reunirse y a peticionar a las autoridades (art. 14 de la Constituci\u00f3n Nacional), en cuyo marco se ejerce, o en s\u00ed mismo consiste, el derecho a manifestar sus opiniones y reclamos en la v\u00eda p\u00fablica\u201d.<\/p>\n<p>Sin duda, se trata de un fuerte golpe a la pretensi\u00f3n del cordobesismo que restringir la movilizaci\u00f3n popular.<\/p>\n","protected":false},"excerpt":{"rendered":"<p>La justicia provincial dict\u00f3 el sobreseimiento del secretario General de ATE C\u00f3rdoba, Federico Giuliani en la causa donde el fiscal Ernesto De Arag\u00f3n distrito 4 turno 1, \u00a0lo proces\u00f3 por \u201centorpecimiento al transporte\u201d ante la jornada de protestas piqueteras de la Marcha Contra el Hambre, que se realiz\u00f3 en 2023. La sentencia de la C\u00e1mara [&hellip;]<\/p>\n","protected":false},"author":7,"featured_media":48500,"comment_status":"open","ping_status":"open","sticky":false,"template":"","format":"standard","meta":{"_exactmetrics_skip_tracking":false,"_exactmetrics_sitenote_active":false,"_exactmetrics_sitenote_note":"","_exactmetrics_sitenote_category":0,"jnews-multi-image_gallery":[],"jnews_single_post":{"format":"standard","override":[{"template":"1","parallax":"1","fullscreen":"1","layout":"no-sidebar-narrow","sidebar":"default-sidebar","second_sidebar":"default-sidebar","sticky_sidebar":"1","share_position":"bottom","share_float_style":"share-monocrhome","show_share_counter":"1","show_view_counter":"1","show_post_meta":"1","show_post_author_image":"1","show_post_date":"1","post_date_format":"default","post_date_format_custom":"Y\/m\/d","show_post_category":"1","show_post_reading_time":"0","post_reading_time_wpm":"300","post_calculate_word_method":"str_word_count","show_zoom_button":"0","zoom_button_out_step":"2","zoom_button_in_step":"3","show_post_tag":"1","number_popup_post":"1","show_post_related":"1","show_inline_post_related":"0"}],"image_override":[{"single_post_thumbnail_size":"crop-500","single_post_gallery_size":"crop-500"}],"trending_post_position":"meta","trending_post_label":"Trending","sponsored_post_label":"Sponsored by","disable_ad":"0"},"jnews_primary_category":[],"jnews_social_meta":[],"jnews_review":[],"enable_review":"","type":"percentage","name":"","summary":"","brand":"","sku":"","good":[],"bad":[],"score_override":"","override_value":"","rating":[],"price":[],"jnews_override_counter":{"view_counter_number":"0","share_counter_number":"0","like_counter_number":"0","dislike_counter_number":"0"},"jnews_post_split":{"post_split":[{"template":"1","tag":"h2","numbering":"asc","mode":"normal","first":"0","enable_toc":"0","toc_type":"normal"}]},"footnotes":""},"categories":[341],"tags":[1491],"class_list":["post-48499","post","type-post","status-publish","format-standard","has-post-thumbnail","hentry","category-cdp","tag-persecucion-antisindical"],"jetpack_featured_media_url":"https:\/\/atecordoba.org\/wp-content\/uploads\/2025\/04\/giuliasni-y-abogados.jpg","_links":{"self":[{"href":"https:\/\/atecordoba.org\/index.php?rest_route=\/wp\/v2\/posts\/48499","targetHints":{"allow":["GET"]}}],"collection":[{"href":"https:\/\/atecordoba.org\/index.php?rest_route=\/wp\/v2\/posts"}],"about":[{"href":"https:\/\/atecordoba.org\/index.php?rest_route=\/wp\/v2\/types\/post"}],"author":[{"embeddable":true,"href":"https:\/\/atecordoba.org\/index.php?rest_route=\/wp\/v2\/users\/7"}],"replies":[{"embeddable":true,"href":"https:\/\/atecordoba.org\/index.php?rest_route=%2Fwp%2Fv2%2Fcomments&post=48499"}],"version-history":[{"count":2,"href":"https:\/\/atecordoba.org\/index.php?rest_route=\/wp\/v2\/posts\/48499\/revisions"}],"predecessor-version":[{"id":48502,"href":"https:\/\/atecordoba.org\/index.php?rest_route=\/wp\/v2\/posts\/48499\/revisions\/48502"}],"wp:featuredmedia":[{"embeddable":true,"href":"https:\/\/atecordoba.org\/index.php?rest_route=\/wp\/v2\/media\/48500"}],"wp:attachment":[{"href":"https:\/\/atecordoba.org\/index.php?rest_route=%2Fwp%2Fv2%2Fmedia&parent=48499"}],"wp:term":[{"taxonomy":"category","embeddable":true,"href":"https:\/\/atecordoba.org\/index.php?rest_route=%2Fwp%2Fv2%2Fcategories&post=48499"},{"taxonomy":"post_tag","embeddable":true,"href":"https:\/\/atecordoba.org\/index.php?rest_route=%2Fwp%2Fv2%2Ftags&post=48499"}],"curies":[{"name":"wp","href":"https:\/\/api.w.org\/{rel}","templated":true}]}}