{"id":48495,"date":"2025-04-23T16:03:27","date_gmt":"2025-04-23T19:03:27","guid":{"rendered":"https:\/\/atecordoba.org\/?p=48495"},"modified":"2025-04-23T16:03:27","modified_gmt":"2025-04-23T19:03:27","slug":"informe-el-65-de-las-y-los-trabajadores-sufren-estres-laboral","status":"publish","type":"post","link":"https:\/\/atecordoba.org\/?p=48495","title":{"rendered":"Informe: el 65% de las y los trabajadores sufren estr\u00e9s laboral"},"content":{"rendered":"<p><img loading=\"lazy\" decoding=\"async\" class=\"aligncenter wp-image-48496 size-full\" src=\"https:\/\/atecordoba.org\/wp-content\/uploads\/2025\/04\/estres.jpg\" alt=\"\" width=\"804\" height=\"247\" srcset=\"https:\/\/atecordoba.org\/wp-content\/uploads\/2025\/04\/estres.jpg 804w, https:\/\/atecordoba.org\/wp-content\/uploads\/2025\/04\/estres-300x92.jpg 300w, https:\/\/atecordoba.org\/wp-content\/uploads\/2025\/04\/estres-768x236.jpg 768w, https:\/\/atecordoba.org\/wp-content\/uploads\/2025\/04\/estres-750x230.jpg 750w\" sizes=\"auto, (max-width: 804px) 100vw, 804px\" \/><\/p>\n<p>Un relevamiento privado de la consultora ADECO, realizado en abril, indica que m\u00e1s de la mitad de los trabajadores sufre de estr\u00e9s laboral. En concreto, el 65% de los empleados afirma haber sido afectado por esta problem\u00e1tica silenciosa pero creciente.<\/p>\n<p>Las causas del estr\u00e9s laboral son alarmantes. El informe destaca tres elementos principales. Primero, el 44% de los trabajadores menciona el exceso de trabajo como un factor determinante. En segundo lugar, el 43% se\u00f1ala la falta de apoyo por parte de los l\u00edderes como una causa significativa. Por \u00faltimo, la asunci\u00f3n de responsabilidades adicionales sin reemplazos tambi\u00e9n contribuye a esta situaci\u00f3n.<\/p>\n<p>Seg\u00fan el informe, este contexto genera un aumento en el riesgo del s\u00edndrome de burnout, que se traduce en agotamiento f\u00edsico y mental. Las consecuencias son visibles: ansiedad, depresi\u00f3n, trastornos del sue\u00f1o e irritabilidad son solo algunos de los trastornos que afectan a los equipos de trabajo.<\/p>\n<p>El impacto de estas situaciones es evidente entre las y los estatales, donde los bajos salarios y las p\u00e9simas condiciones laborales tienen efectos concretos en la salud mental del personal.<\/p>\n<p>ATE C\u00f3rdoba viene desarrollando <a href=\"https:\/\/atecordoba.org\/?p=40419\">pol\u00edticas de contenci\u00f3n<\/a>, en un marco de despidos masivos y cierre de organismos p\u00fablico que est\u00e1 imponiendo el ajuste del gobierno de Javier Milei.<\/p>\n<p>Cuatro d\u00edas despu\u00e9s de asumido Milei en la Presidencia de la Naci\u00f3n, ATE C\u00f3rdoba dict\u00f3 un taller de contenci\u00f3n psicosocial Tejiendo en Redes, destinado a capacitar delegadas, delegados y referentes de sectores de trabajo para dotarlos de herramientas de contenci\u00f3n de las y los trabajadores estatales, frente a la crisis laboral que avizoraba desatar la gesti\u00f3n libertaria, por iniciativa de la Secretaria de Salud Laboral y Medio Ambiente de Trabajo del Consejo Directivo Provincial.<\/p>\n<p>(fuente cadena3.com)<\/p>\n","protected":false},"excerpt":{"rendered":"<p>Un relevamiento privado de la consultora ADECO, realizado en abril, indica que m\u00e1s de la mitad de los trabajadores sufre de estr\u00e9s laboral. En concreto, el 65% de los empleados afirma haber sido afectado por esta problem\u00e1tica silenciosa pero creciente. Las causas del estr\u00e9s laboral son alarmantes. El informe destaca tres elementos principales. Primero, el [&hellip;]<\/p>\n","protected":false},"author":7,"featured_media":48496,"comment_status":"open","ping_status":"open","sticky":false,"template":"","format":"standard","meta":{"_exactmetrics_skip_tracking":false,"_exactmetrics_sitenote_active":false,"_exactmetrics_sitenote_note":"","_exactmetrics_sitenote_category":0,"jnews-multi-image_gallery":[],"jnews_single_post":{"format":"standard","override":[{"template":"1","parallax":"1","fullscreen":"1","layout":"no-sidebar-narrow","sidebar":"default-sidebar","second_sidebar":"default-sidebar","sticky_sidebar":"1","share_position":"bottom","share_float_style":"share-monocrhome","show_share_counter":"1","show_view_counter":"1","show_post_meta":"1","show_post_author_image":"1","show_post_date":"1","post_date_format":"default","post_date_format_custom":"Y\/m\/d","show_post_category":"1","show_post_reading_time":"0","post_reading_time_wpm":"300","post_calculate_word_method":"str_word_count","show_zoom_button":"0","zoom_button_out_step":"2","zoom_button_in_step":"3","show_post_tag":"1","number_popup_post":"1","show_post_related":"1","show_inline_post_related":"0"}],"image_override":[{"single_post_thumbnail_size":"crop-500","single_post_gallery_size":"crop-500"}],"trending_post_position":"meta","trending_post_label":"Trending","sponsored_post_label":"Sponsored by","disable_ad":"0"},"jnews_primary_category":[],"jnews_social_meta":[],"jnews_review":[],"enable_review":"","type":"percentage","name":"","summary":"","brand":"","sku":"","good":[],"bad":[],"score_override":"","override_value":"","rating":[],"price":[],"jnews_override_counter":{"view_counter_number":"0","share_counter_number":"0","like_counter_number":"0","dislike_counter_number":"0"},"jnews_post_split":{"post_split":[{"template":"1","tag":"h2","numbering":"asc","mode":"normal","first":"0","enable_toc":"0","toc_type":"normal"}]},"footnotes":""},"categories":[104],"tags":[],"class_list":["post-48495","post","type-post","status-publish","format-standard","has-post-thumbnail","hentry","category-departamento-de-salud"],"jetpack_featured_media_url":"https:\/\/atecordoba.org\/wp-content\/uploads\/2025\/04\/estres.jpg","_links":{"self":[{"href":"https:\/\/atecordoba.org\/index.php?rest_route=\/wp\/v2\/posts\/48495","targetHints":{"allow":["GET"]}}],"collection":[{"href":"https:\/\/atecordoba.org\/index.php?rest_route=\/wp\/v2\/posts"}],"about":[{"href":"https:\/\/atecordoba.org\/index.php?rest_route=\/wp\/v2\/types\/post"}],"author":[{"embeddable":true,"href":"https:\/\/atecordoba.org\/index.php?rest_route=\/wp\/v2\/users\/7"}],"replies":[{"embeddable":true,"href":"https:\/\/atecordoba.org\/index.php?rest_route=%2Fwp%2Fv2%2Fcomments&post=48495"}],"version-history":[{"count":1,"href":"https:\/\/atecordoba.org\/index.php?rest_route=\/wp\/v2\/posts\/48495\/revisions"}],"predecessor-version":[{"id":48497,"href":"https:\/\/atecordoba.org\/index.php?rest_route=\/wp\/v2\/posts\/48495\/revisions\/48497"}],"wp:featuredmedia":[{"embeddable":true,"href":"https:\/\/atecordoba.org\/index.php?rest_route=\/wp\/v2\/media\/48496"}],"wp:attachment":[{"href":"https:\/\/atecordoba.org\/index.php?rest_route=%2Fwp%2Fv2%2Fmedia&parent=48495"}],"wp:term":[{"taxonomy":"category","embeddable":true,"href":"https:\/\/atecordoba.org\/index.php?rest_route=%2Fwp%2Fv2%2Fcategories&post=48495"},{"taxonomy":"post_tag","embeddable":true,"href":"https:\/\/atecordoba.org\/index.php?rest_route=%2Fwp%2Fv2%2Ftags&post=48495"}],"curies":[{"name":"wp","href":"https:\/\/api.w.org\/{rel}","templated":true}]}}