{"id":4849,"date":"2014-12-02T15:07:02","date_gmt":"2014-12-02T18:07:02","guid":{"rendered":"http:\/\/www.atecordoba.org\/?p=4849"},"modified":"2014-12-02T15:07:02","modified_gmt":"2014-12-02T18:07:02","slug":"paro-naiconal-manana-3-de-diciembre-ate-cordoba-realizara-una-jornada-de-protesta","status":"publish","type":"post","link":"https:\/\/atecordoba.org\/?p=4849","title":{"rendered":"Paro nacional: Ma\u00f1ana 3 de diciembre ATE C\u00f3rdoba realizar\u00e1 una jornada de protesta"},"content":{"rendered":"<p><em>Seg\u00fan lo dispuesto por la conducci\u00f3n nacional de ATE, y atento a que el gobierno se niega a reconocer la p\u00e9rdida de poder adquisitivo por la inflaci\u00f3n, e insiste en mantener el impuesto al trabajo mientras exime de impuestos a bancos y corporaciones, ATE est\u00e1 una vez m\u00e1s en la calle. Porque los estatales no vamos a pagar el ajuste. Ma\u00f1ana a las 11 horas, estaremos haciendo una actividad de difusi\u00f3n y volanteada en la Plaza San Mart\u00edn.<\/em><\/p>\n<p><a href=\"http:\/\/www.atecordoba.org\/wp-content\/uploads\/2013\/08\/presentacion-video2.jpg\"><img loading=\"lazy\" decoding=\"async\" class=\"aligncenter  wp-image-3023\" src=\"http:\/\/www.atecordoba.org\/wp-content\/uploads\/2013\/08\/presentacion-video2.jpg\" alt=\"presentacion video\" width=\"551\" height=\"413\" \/><\/a><\/p>\n<p>Luchamos por:<\/p>\n<ul>\n<li>Bono de fin de a\u00f1o de $4000<\/li>\n<li>Reapertura de paritarias<\/li>\n<li>Pase a planta permanente<\/li>\n<li>Aumento de emergencia para los jubilados<\/li>\n<li>Convenio Colectivo de Trabajo<\/li>\n<li>Reclamo solidario por piso nacional salarial para los trabajadores de la salud<\/li>\n<\/ul>\n<p>&nbsp;<\/p>\n<p style=\"text-align: center;\"><span style=\"font-size: 18.0pt;\">En defensa del salario y de la dignidad de los trabajadores del Estado.<\/span><\/p>\n<p>&nbsp;<\/p>\n","protected":false},"excerpt":{"rendered":"<p>Seg\u00fan lo dispuesto por la conducci\u00f3n nacional de ATE, y atento a que el gobierno se niega a reconocer la p\u00e9rdida de poder adquisitivo por la inflaci\u00f3n, e insiste en mantener el impuesto al trabajo mientras exime de impuestos a bancos y corporaciones, ATE est\u00e1 una vez m\u00e1s en la calle. Porque los estatales no [&hellip;]<\/p>\n","protected":false},"author":1,"featured_media":19220,"comment_status":"open","ping_status":"open","sticky":false,"template":"","format":"standard","meta":{"_exactmetrics_skip_tracking":false,"_exactmetrics_sitenote_active":false,"_exactmetrics_sitenote_note":"","_exactmetrics_sitenote_category":0,"jnews-multi-image_gallery":[],"jnews_single_post":[],"jnews_primary_category":[],"jnews_social_meta":[],"jnews_review":[],"enable_review":"","type":"","name":"","summary":"","brand":"","sku":"","good":[],"bad":[],"score_override":"","override_value":"","rating":[],"price":[],"jnews_override_counter":[],"jnews_post_split":[],"footnotes":""},"categories":[18],"tags":[],"class_list":["post-4849","post","type-post","status-publish","format-standard","has-post-thumbnail","hentry","category-nacionales"],"jetpack_featured_media_url":"https:\/\/atecordoba.org\/wp-content\/uploads\/2020\/05\/logo-nuevochico-e1561581322808.png","_links":{"self":[{"href":"https:\/\/atecordoba.org\/index.php?rest_route=\/wp\/v2\/posts\/4849","targetHints":{"allow":["GET"]}}],"collection":[{"href":"https:\/\/atecordoba.org\/index.php?rest_route=\/wp\/v2\/posts"}],"about":[{"href":"https:\/\/atecordoba.org\/index.php?rest_route=\/wp\/v2\/types\/post"}],"author":[{"embeddable":true,"href":"https:\/\/atecordoba.org\/index.php?rest_route=\/wp\/v2\/users\/1"}],"replies":[{"embeddable":true,"href":"https:\/\/atecordoba.org\/index.php?rest_route=%2Fwp%2Fv2%2Fcomments&post=4849"}],"version-history":[{"count":0,"href":"https:\/\/atecordoba.org\/index.php?rest_route=\/wp\/v2\/posts\/4849\/revisions"}],"wp:featuredmedia":[{"embeddable":true,"href":"https:\/\/atecordoba.org\/index.php?rest_route=\/wp\/v2\/media\/19220"}],"wp:attachment":[{"href":"https:\/\/atecordoba.org\/index.php?rest_route=%2Fwp%2Fv2%2Fmedia&parent=4849"}],"wp:term":[{"taxonomy":"category","embeddable":true,"href":"https:\/\/atecordoba.org\/index.php?rest_route=%2Fwp%2Fv2%2Fcategories&post=4849"},{"taxonomy":"post_tag","embeddable":true,"href":"https:\/\/atecordoba.org\/index.php?rest_route=%2Fwp%2Fv2%2Ftags&post=4849"}],"curies":[{"name":"wp","href":"https:\/\/api.w.org\/{rel}","templated":true}]}}