{"id":48457,"date":"2025-04-21T11:44:47","date_gmt":"2025-04-21T14:44:47","guid":{"rendered":"https:\/\/atecordoba.org\/?p=48457"},"modified":"2025-04-28T09:34:02","modified_gmt":"2025-04-28T12:34:02","slug":"apross-en-llamas-la-necesidad-urgente-de-una-participacion-sindical-activa-en-el-directorio","status":"publish","type":"post","link":"https:\/\/atecordoba.org\/?p=48457","title":{"rendered":"APROSS en llamas: la necesidad urgente de una participaci\u00f3n sindical activa en el directorio"},"content":{"rendered":"<p><img loading=\"lazy\" decoding=\"async\" class=\"aligncenter wp-image-48458 \" src=\"https:\/\/atecordoba.org\/wp-content\/uploads\/2025\/04\/incendio-apross.webp\" alt=\"\" width=\"615\" height=\"346\" srcset=\"https:\/\/atecordoba.org\/wp-content\/uploads\/2025\/04\/incendio-apross.webp 987w, https:\/\/atecordoba.org\/wp-content\/uploads\/2025\/04\/incendio-apross-300x169.webp 300w, https:\/\/atecordoba.org\/wp-content\/uploads\/2025\/04\/incendio-apross-768x432.webp 768w, https:\/\/atecordoba.org\/wp-content\/uploads\/2025\/04\/incendio-apross-750x422.webp 750w\" sizes=\"auto, (max-width: 615px) 100vw, 615px\" \/><\/p>\n<p>El reciente incendio sufrido en la sede de la APROSS expresa la grave desidia que envuelve la gesti\u00f3n del cordobesismo en la obra social de las y los estatales provinciales y municipales de C\u00f3rdoba.<\/p>\n<p>Se trat\u00f3 de un siniestro de dudoso origen, sobre todo atento que se origin\u00f3 en el \u00e1rea administrativa y en momentos que el organismo se encuentra investigado por una grav\u00edsima trama de corrupci\u00f3n.<\/p>\n<p>Desde ATE exigimos que el gobierno que abra a la participaci\u00f3n gremial el directorio de la APROSS, cumpliendo con la ley que as\u00ed lo establece, para que las y los trabajadores tengamos una voz que garantice la plena prestaci\u00f3n de los servicios, hoy con falencias de todo tipo para la cobertura de la salud de las y los afiliados, as\u00ed como de sus familias.<\/p>\n<p>En esa l\u00ednea, como entidad gremial reclamamos por la falta de prestaciones en el interior provincial y exigimos el cese del cobro confiscatorio del Fondo de Enfermedades Catastr\u00f3ficas.<\/p>\n<p>La APROSS debe dejar de ser una caja que utiliza el Gobierno de C\u00f3rdoba para la pol\u00edtica y la recaudaci\u00f3n y retomar el fin para la que fue creada: atender la salud de sus afiliados y afiliadas.<\/p>\n<p>La participaci\u00f3n sindical en su directorio, contemplando la diversidad de representaciones gremiales en la Provincia y los municipios, es fundamental para cumplir con ese objetivo.<\/p>\n","protected":false},"excerpt":{"rendered":"<p>El reciente incendio sufrido en la sede de la APROSS expresa la grave desidia que envuelve la gesti\u00f3n del cordobesismo en la obra social de las y los estatales provinciales y municipales de C\u00f3rdoba. Se trat\u00f3 de un siniestro de dudoso origen, sobre todo atento que se origin\u00f3 en el \u00e1rea administrativa y en momentos [&hellip;]<\/p>\n","protected":false},"author":7,"featured_media":48458,"comment_status":"open","ping_status":"open","sticky":false,"template":"","format":"standard","meta":{"_exactmetrics_skip_tracking":false,"_exactmetrics_sitenote_active":false,"_exactmetrics_sitenote_note":"","_exactmetrics_sitenote_category":0,"jnews-multi-image_gallery":[],"jnews_single_post":{"format":"standard","override":[{"template":"1","parallax":"1","fullscreen":"1","layout":"no-sidebar-narrow","sidebar":"default-sidebar","second_sidebar":"default-sidebar","sticky_sidebar":"1","share_position":"bottom","share_float_style":"share-monocrhome","show_share_counter":"1","show_view_counter":"1","show_post_meta":"1","show_post_author_image":"1","show_post_date":"1","post_date_format":"default","post_date_format_custom":"Y\/m\/d","show_post_category":"1","show_post_reading_time":"0","post_reading_time_wpm":"300","post_calculate_word_method":"str_word_count","show_zoom_button":"0","zoom_button_out_step":"2","zoom_button_in_step":"3","show_post_tag":"1","number_popup_post":"1","show_post_related":"1","show_inline_post_related":"0"}],"image_override":[{"single_post_thumbnail_size":"crop-500","single_post_gallery_size":"crop-500"}],"trending_post_position":"meta","trending_post_label":"Trending","sponsored_post_label":"Sponsored by","disable_ad":"0"},"jnews_primary_category":[],"jnews_social_meta":[],"jnews_review":[],"enable_review":"","type":"percentage","name":"","summary":"","brand":"","sku":"","good":[],"bad":[],"score_override":"","override_value":"","rating":[],"price":[],"jnews_override_counter":{"view_counter_number":"0","share_counter_number":"0","like_counter_number":"0","dislike_counter_number":"0"},"jnews_post_split":{"post_split":[{"template":"1","tag":"h2","numbering":"asc","mode":"normal","first":"0","enable_toc":"0","toc_type":"normal"}]},"footnotes":""},"categories":[341],"tags":[1377],"class_list":["post-48457","post","type-post","status-publish","format-standard","has-post-thumbnail","hentry","category-cdp","tag-apross"],"jetpack_featured_media_url":"https:\/\/atecordoba.org\/wp-content\/uploads\/2025\/04\/incendio-apross.webp","_links":{"self":[{"href":"https:\/\/atecordoba.org\/index.php?rest_route=\/wp\/v2\/posts\/48457","targetHints":{"allow":["GET"]}}],"collection":[{"href":"https:\/\/atecordoba.org\/index.php?rest_route=\/wp\/v2\/posts"}],"about":[{"href":"https:\/\/atecordoba.org\/index.php?rest_route=\/wp\/v2\/types\/post"}],"author":[{"embeddable":true,"href":"https:\/\/atecordoba.org\/index.php?rest_route=\/wp\/v2\/users\/7"}],"replies":[{"embeddable":true,"href":"https:\/\/atecordoba.org\/index.php?rest_route=%2Fwp%2Fv2%2Fcomments&post=48457"}],"version-history":[{"count":3,"href":"https:\/\/atecordoba.org\/index.php?rest_route=\/wp\/v2\/posts\/48457\/revisions"}],"predecessor-version":[{"id":48461,"href":"https:\/\/atecordoba.org\/index.php?rest_route=\/wp\/v2\/posts\/48457\/revisions\/48461"}],"wp:featuredmedia":[{"embeddable":true,"href":"https:\/\/atecordoba.org\/index.php?rest_route=\/wp\/v2\/media\/48458"}],"wp:attachment":[{"href":"https:\/\/atecordoba.org\/index.php?rest_route=%2Fwp%2Fv2%2Fmedia&parent=48457"}],"wp:term":[{"taxonomy":"category","embeddable":true,"href":"https:\/\/atecordoba.org\/index.php?rest_route=%2Fwp%2Fv2%2Fcategories&post=48457"},{"taxonomy":"post_tag","embeddable":true,"href":"https:\/\/atecordoba.org\/index.php?rest_route=%2Fwp%2Fv2%2Ftags&post=48457"}],"curies":[{"name":"wp","href":"https:\/\/api.w.org\/{rel}","templated":true}]}}