{"id":48447,"date":"2025-04-16T15:06:11","date_gmt":"2025-04-16T18:06:11","guid":{"rendered":"https:\/\/atecordoba.org\/?p=48447"},"modified":"2025-04-21T09:52:06","modified_gmt":"2025-04-21T12:52:06","slug":"traslasierra-ate-trabaja-por-los-salarios-y-las-condiciones-laborales-de-las-y-los-municipales","status":"publish","type":"post","link":"https:\/\/atecordoba.org\/?p=48447","title":{"rendered":"Traslasierra: &#8220;ATE trabaja por los salarios y las condiciones laborales de las y los municipales&#8221;"},"content":{"rendered":"<p><img loading=\"lazy\" decoding=\"async\" class=\"aligncenter wp-image-48448 \" src=\"https:\/\/atecordoba.org\/wp-content\/uploads\/2025\/04\/julia2.jpeg\" alt=\"\" width=\"612\" height=\"623\" srcset=\"https:\/\/atecordoba.org\/wp-content\/uploads\/2025\/04\/julia2.jpeg 903w, https:\/\/atecordoba.org\/wp-content\/uploads\/2025\/04\/julia2-295x300.jpeg 295w, https:\/\/atecordoba.org\/wp-content\/uploads\/2025\/04\/julia2-768x782.jpeg 768w, https:\/\/atecordoba.org\/wp-content\/uploads\/2025\/04\/julia2-75x75.jpeg 75w, https:\/\/atecordoba.org\/wp-content\/uploads\/2025\/04\/julia2-750x763.jpeg 750w\" sizes=\"auto, (max-width: 612px) 100vw, 612px\" \/>Tras la recorrida que una comitiva de ATE C\u00f3rdoba realiz\u00f3 por <a href=\"https:\/\/atecordoba.org\/?p=48366\">distintos municipios del Valle de Traslasierra<\/a>, la secretaria de Prensa, Julia Giuliani, brind\u00f3 una entrevista a una radio local donde hizo un balance de lo actuado y fij\u00f3 posici\u00f3n sobre la situaci\u00f3n actual de los estatales nacionales, as\u00ed como de Fabricaciones Militares.<\/p>\n<p><strong>\u00bfQu\u00e9 saldo dej\u00f3 la recorrida de ATE por Traslasierra?<\/strong><\/p>\n<p>Fue muy interesante. Comenzamos en Salsacate y terminamos en Los Hornillos, donde pudimos conversar con las y los municipales, as\u00ed como con los cuerpos de delegados de la zona, y mantener dos audiencias muy fruct\u00edferas. Una fue a trav\u00e9s de las primera mesa de relaciones laborales con el Departamento Ejecutivo en Los Hornillos y la otra en Mina Clavero en el Consejo Deliberante para empezar a trabajar cuestiones en materia de la licencia por violencia de g\u00e9nero para las trabajadoras del municipio.<\/p>\n<p><strong>\u00bfC\u00f3mo est\u00e1n los salarios municipales en Traslasierra?<\/strong><\/p>\n<p>No es muy diferente a lo que sucede en el resto de la provincia. Se hace muy dif\u00edcil discutir aumentos paritarios en un contexto donde las paritarias nacionales no existen, les han puesto un techo o est\u00e1n frizzadas. Sobre todo habiendo perdido las y los estatales un 40% de nuestro poder adquisitivo.<\/p>\n<p>En ese sentido, apostamos a trabajar por los aumentos salariales y a modificar los distintos \u00edtems que conforman los haberes: suplementos, adicionales. Tambi\u00e9n estamos trabajando en la estabilidad laboral, objetivos a corto, mediano y largo plazo, teniendo en cuenta que a largo plazo los sueldos tienen que alcanzar, a plata de hoy, un mill\u00f3n y medio de pesos que es el piso para vivir hoy dignamente. La verdad es que estamos muy lejos de eso pero est\u00e1 la disposici\u00f3n de seguir discutiendo con los ejecutivos, proponiendo aumentos en \u00edtems como antig\u00fcedad, presentismo, cuestiones familiares, para lograr un mango m\u00e1s en el bolsillo de los laburantes. No es un dato menor y creemos que eso debe ir acompa\u00f1ado por la estabilidad laboral. Por eso trabajamos en la modificaci\u00f3n de los estatutos municipales, donde podamos hablar del pase a planta permanente en el corto plazo.<\/p>\n<p><strong>\u00bfEn Mina Clavero van a seguir manteniendo la mesa de relaciones laborales en el Concejo Deliberante o hablar\u00e1n con Quiroga directamente? \u00a0\u00a0<\/strong><\/p>\n<p>ATE ya hizo una presentaci\u00f3n ante el Ejecutivo pidiendo la reactivaci\u00f3n de la mesa de relaciones laborales que se cort\u00f3 el a\u00f1o pasado. Creemos que hay cosas que debemos sentarnos a dialogar para los trabajadores, m\u00e1s all\u00e1 de los aumentos salariales. En ese sentido, nos pareci\u00f3 una buena posibilidad poner hablar con el Concejo Deliberante de la localidad para arrimar posiciones para activar los canales de di\u00e1logo, que son tan importantes en este contexto de crisis econ\u00f3mica nacional.<\/p>\n<p><strong>\u00bfC\u00f3mo viene el crecimiento del sindicato en Cura Brochero, en Los Hornillos o en La Paz?<\/strong><\/p>\n<p>Con Milagros Sozzi, que adem\u00e1s de delegada de su hospital tambi\u00e9n es integrante del Consejo Directivo Provincial en el \u00e1rea de formaci\u00f3n, participamos de las distintas mesas que estamos logrando activar porque venimos con un crecimiento en las afiliaciones bastante interesante. Claro que hay mesetas porque hay gente que prefiere guardarse el descuento de la cuota sindical para los gastos b\u00e1sicos. Pero tambi\u00e9n bregamos por la conciencia colectiva, m\u00e1s teniendo detr\u00e1s un sindicato como ATE con toda su historia. Si somos muchos y nos organizamos es mucho m\u00e1s dif\u00edcil que puedan cambiar las condiciones laborales, salariales, etc.<img loading=\"lazy\" decoding=\"async\" class=\"alignright wp-image-48449 \" src=\"https:\/\/atecordoba.org\/wp-content\/uploads\/2025\/04\/julia-909x1024.jpeg\" alt=\"\" width=\"445\" height=\"501\" srcset=\"https:\/\/atecordoba.org\/wp-content\/uploads\/2025\/04\/julia-909x1024.jpeg 909w, https:\/\/atecordoba.org\/wp-content\/uploads\/2025\/04\/julia-266x300.jpeg 266w, https:\/\/atecordoba.org\/wp-content\/uploads\/2025\/04\/julia-768x865.jpeg 768w, https:\/\/atecordoba.org\/wp-content\/uploads\/2025\/04\/julia-750x845.jpeg 750w, https:\/\/atecordoba.org\/wp-content\/uploads\/2025\/04\/julia-1140x1285.jpeg 1140w, https:\/\/atecordoba.org\/wp-content\/uploads\/2025\/04\/julia.jpeg 1182w\" sizes=\"auto, (max-width: 445px) 100vw, 445px\" \/><\/p>\n<p><strong>Situaci\u00f3n nacional<\/strong><\/p>\n<p><strong>\u00bfC\u00f3mo leen desde el gremio el acuerdo con el FMI y la devaluaci\u00f3n?<\/strong><\/p>\n<p>Creemos que lso anuncios son parte de lo que viene sucediendo hace un a\u00f1o y medio y no causan sorpresa. Al menos para las que ven\u00edamos anunciando desde la asunci\u00f3n de Javier Milei como Presidente el ajuste iba a recaer sobre el pueblo sobre los jubilados, sobre las y los trabajadores. Es lo que viene sucediendo. Al fin y al cabo la casta resultamos ser los que sobrevivimos con nuestro salario y no quienes son los due\u00f1os reales del poder econ\u00f3mico y financiero, de la Argentina. A qui\u00e9n benefician est\u00e1s medidas? A un sector minoritario que tiene plata, que hace negocios con nuestras tierras, con nuestros bienes comunes y tambi\u00e9n con nuestras vidas, si tenemos en cuenta que hoy un jubilado gana 295 mil pesos y va a ver aun afectado su ingreso por la devaluaci\u00f3n, por el aumento de la comida, por la reforma jubilatoria que le pide el FMI.<\/p>\n<p>Estamos viendo claramente quienes son los sectores m\u00e1s perjudicados, aquellos que trabajaron toda su vida.<\/p>\n<p><strong>\u00bfCu\u00e1les son las novedades respecto a la situaci\u00f3n de Fabricaciones Militares, que pas\u00f3 a ser una sociedad an\u00f3nima, al igual que pas\u00f3 con EPEC en la Provincia? <\/strong><\/p>\n<p>Si bien se cambi\u00f3 la figura jur\u00eddica de FFMM a sociedad an\u00f3nima unipersonal y quedan de momento en manos del Estado las f\u00e1bricas de Villa Mar\u00eda y de R\u00edo Tercero, seguimos en estado de alerta por la falta de inversi\u00f3n. Lo que avizoramos es que adem\u00e1s de cambiar su figura legal, los retiros voluntarios buscan vaciar las f\u00e1bricas y generar un estado de desinversi\u00f3n y desguace que genere las condiciones de su privatizaci\u00f3n. Hoy por hoy no hay ning\u00fan anuncio. Pero este es un gobierno que no se caracteriza por el di\u00e1logo as\u00ed que es dif\u00edcil saber que va a pasar.<\/p>\n<p>En ese sentido ATE sigue realizando asambleas mientras los compa\u00f1eros de las f\u00e1bricas siguen haciendo las medidas de fuerza que nuestro gremio lleva adelante a nivel nacional, pero todo con suma cautela porque hasta el momento no hay anuncios de privatizaci\u00f3n ni se cierre de las f\u00e1bricas.<\/p>\n<p><strong>\u00bfC\u00f3mo est\u00e1 la situaci\u00f3n en las oficinas del Ministerio de Desarrollo Social en C\u00f3rdoba?<\/strong><\/p>\n<p>El Centro de Referencia cerr\u00f3 su oficinas de C\u00f3rdoba a fines del a\u00f1o pasado y algunos trabajadores est\u00e1n cumpliendo tareas de manera remota y otros fueron puestos en disponibilidad. Hablamos de gente de planta permanente, con m\u00e1s de 20 a\u00f1os de antig\u00fcedad, que pueden ser trasladados a otras \u00e1reas ya que el organismo dej\u00f3 de funcionar por decisi\u00f3n del gobierno nacional, de dejar de brindarle a la poblaci\u00f3n cordobesa pol\u00edticas p\u00fablicas en materia social para los sectores m\u00e1s vulnerables, como se ven\u00edan haciendo. Ya no existe posibilidad de atenci\u00f3n para las infancias y adolescencias, no hay territorialidad ni pol\u00edticas p\u00fablicas de parte del Estado nacional para este franja etaria.<\/p>\n<p><strong>Respecto a la paritaria nacional donde ATE rechaz\u00f3 pauta de 1,3% que acord\u00f3 el gobierno con UPCN, qu\u00e9 perspectiva tiene el plan de lucha para adelante. \u00bfCu\u00e1l fue el resultado del paro de 36 horas que hicieron la semana pasada?<\/strong><\/p>\n<p>ATE viene haciendo un plan de lucha hace un a\u00f1o y medio. Esta es una carrera de larga resistencia y no podemos quemar todos los cartuchos en una vez. M\u00e1s con la intervenci\u00f3n de UPCN, que expresa la complicidad de algunos sindicatos amarillos que no quieren perder sus privilegios, gobierne quien gobierne. Pero lo mismo pasa con la oposici\u00f3n partidaria. \u00a1Milei tiene minor\u00eda en el Congreso! \u00a1Muchachos ganenle una! Siendo minor\u00eda Milei saca todas las leyes que quiere porque hay complicidad. En este a\u00f1o de elecciones mucha oposici\u00f3n no quiere hacer olas para conservar tambi\u00e9n sus privilegios, sentados en una banca cobrando millones de pesos, mientras el pueblo pone el cuerpo ante el ajuste.<\/p>\n<p>No hay oposici\u00f3n seria ni hay quien aglutine el rechazo a esta pol\u00edtica. Por eso gan\u00f3 Milei, ni el peronismo ni el albertismo lograron darle soluciones reales a la gente en materia de vivienda, de salud, de trabajo digno.<\/p>\n<p>\u00bfPor qu\u00e9 hoy tenemos m\u00e1s de 43 mil despidos en el Estado nacional? Porque ni Alberto ni en los a\u00f1os de Cristina realizaron el pase a planta permanente de los precarizados. Ante eso, los laburantes usamos nuestras organizaciones sindicales no solo para defender nuestros salarios y los puestos de trabajo, sino tambi\u00e9n para defender el Estado, que hoy est\u00e1 funcionando para una minor\u00eda privilegiada que no le falta nada.<\/p>\n","protected":false},"excerpt":{"rendered":"<p>Tras la recorrida que una comitiva de ATE C\u00f3rdoba realiz\u00f3 por distintos municipios del Valle de Traslasierra, la secretaria de Prensa, Julia Giuliani, brind\u00f3 una entrevista a una radio local donde hizo un balance de lo actuado y fij\u00f3 posici\u00f3n sobre la situaci\u00f3n actual de los estatales nacionales, as\u00ed como de Fabricaciones Militares. \u00bfQu\u00e9 saldo [&hellip;]<\/p>\n","protected":false},"author":7,"featured_media":48448,"comment_status":"open","ping_status":"open","sticky":false,"template":"","format":"standard","meta":{"_exactmetrics_skip_tracking":false,"_exactmetrics_sitenote_active":false,"_exactmetrics_sitenote_note":"","_exactmetrics_sitenote_category":0,"jnews-multi-image_gallery":[],"jnews_single_post":{"format":"standard","override":[{"template":"1","parallax":"1","fullscreen":"1","layout":"no-sidebar-narrow","sidebar":"default-sidebar","second_sidebar":"default-sidebar","sticky_sidebar":"1","share_position":"bottom","share_float_style":"share-monocrhome","show_share_counter":"1","show_view_counter":"1","show_post_meta":"1","show_post_author_image":"1","show_post_date":"1","post_date_format":"default","post_date_format_custom":"Y\/m\/d","show_post_category":"1","show_post_reading_time":"0","post_reading_time_wpm":"300","post_calculate_word_method":"str_word_count","show_zoom_button":"0","zoom_button_out_step":"2","zoom_button_in_step":"3","show_post_tag":"1","number_popup_post":"1","show_post_related":"1","show_inline_post_related":"0"}],"image_override":[{"single_post_thumbnail_size":"crop-500","single_post_gallery_size":"crop-500"}],"trending_post_position":"meta","trending_post_label":"Trending","sponsored_post_label":"Sponsored by","disable_ad":"0"},"jnews_primary_category":[],"jnews_social_meta":[],"jnews_review":[],"enable_review":"","type":"percentage","name":"","summary":"","brand":"","sku":"","good":[],"bad":[],"score_override":"","override_value":"","rating":[],"price":[],"jnews_override_counter":{"view_counter_number":"0","share_counter_number":"0","like_counter_number":"0","dislike_counter_number":"0"},"jnews_post_split":{"post_split":[{"template":"1","tag":"h2","numbering":"asc","mode":"normal","first":"0","enable_toc":"0","toc_type":"normal"}]},"footnotes":""},"categories":[20],"tags":[],"class_list":["post-48447","post","type-post","status-publish","format-standard","has-post-thumbnail","hentry","category-municipales"],"jetpack_featured_media_url":"https:\/\/atecordoba.org\/wp-content\/uploads\/2025\/04\/julia2.jpeg","_links":{"self":[{"href":"https:\/\/atecordoba.org\/index.php?rest_route=\/wp\/v2\/posts\/48447","targetHints":{"allow":["GET"]}}],"collection":[{"href":"https:\/\/atecordoba.org\/index.php?rest_route=\/wp\/v2\/posts"}],"about":[{"href":"https:\/\/atecordoba.org\/index.php?rest_route=\/wp\/v2\/types\/post"}],"author":[{"embeddable":true,"href":"https:\/\/atecordoba.org\/index.php?rest_route=\/wp\/v2\/users\/7"}],"replies":[{"embeddable":true,"href":"https:\/\/atecordoba.org\/index.php?rest_route=%2Fwp%2Fv2%2Fcomments&post=48447"}],"version-history":[{"count":3,"href":"https:\/\/atecordoba.org\/index.php?rest_route=\/wp\/v2\/posts\/48447\/revisions"}],"predecessor-version":[{"id":48455,"href":"https:\/\/atecordoba.org\/index.php?rest_route=\/wp\/v2\/posts\/48447\/revisions\/48455"}],"wp:featuredmedia":[{"embeddable":true,"href":"https:\/\/atecordoba.org\/index.php?rest_route=\/wp\/v2\/media\/48448"}],"wp:attachment":[{"href":"https:\/\/atecordoba.org\/index.php?rest_route=%2Fwp%2Fv2%2Fmedia&parent=48447"}],"wp:term":[{"taxonomy":"category","embeddable":true,"href":"https:\/\/atecordoba.org\/index.php?rest_route=%2Fwp%2Fv2%2Fcategories&post=48447"},{"taxonomy":"post_tag","embeddable":true,"href":"https:\/\/atecordoba.org\/index.php?rest_route=%2Fwp%2Fv2%2Ftags&post=48447"}],"curies":[{"name":"wp","href":"https:\/\/api.w.org\/{rel}","templated":true}]}}