{"id":48441,"date":"2025-04-16T11:29:47","date_gmt":"2025-04-16T14:29:47","guid":{"rendered":"https:\/\/atecordoba.org\/?p=48441"},"modified":"2025-04-16T11:29:47","modified_gmt":"2025-04-16T14:29:47","slug":"ate-cordoba-se-alista-a-realizar-el-xxvii-congreso-ordinario-y-extraordinario-el-25-de-abril","status":"publish","type":"post","link":"https:\/\/atecordoba.org\/?p=48441","title":{"rendered":"ATE C\u00f3rdoba se alista a realizar el XXVII Congreso Ordinario y Extraordinario el 25 de abril"},"content":{"rendered":"<p><img loading=\"lazy\" decoding=\"async\" class=\"aligncenter wp-image-48442 \" src=\"https:\/\/atecordoba.org\/wp-content\/uploads\/2025\/04\/WhatsApp-Image-2025-04-16-at-09.05.25-819x1024.jpeg\" alt=\"\" width=\"617\" height=\"772\" srcset=\"https:\/\/atecordoba.org\/wp-content\/uploads\/2025\/04\/WhatsApp-Image-2025-04-16-at-09.05.25-819x1024.jpeg 819w, https:\/\/atecordoba.org\/wp-content\/uploads\/2025\/04\/WhatsApp-Image-2025-04-16-at-09.05.25-240x300.jpeg 240w, https:\/\/atecordoba.org\/wp-content\/uploads\/2025\/04\/WhatsApp-Image-2025-04-16-at-09.05.25-768x960.jpeg 768w, https:\/\/atecordoba.org\/wp-content\/uploads\/2025\/04\/WhatsApp-Image-2025-04-16-at-09.05.25-750x938.jpeg 750w, https:\/\/atecordoba.org\/wp-content\/uploads\/2025\/04\/WhatsApp-Image-2025-04-16-at-09.05.25.jpeg 1080w\" sizes=\"auto, (max-width: 617px) 100vw, 617px\" \/>El Consejo Directivo Provincial (CDP) realizar\u00e1 el viernes 25 de abril el XXVII Congreso Ordinario y Extraordinario de ATE C\u00f3rdoba.<\/p>\n<p>En la ocasi\u00f3n, en la primera parte de la jornada se desarrollar\u00e1 el Congreso Ordinario donde se pondr\u00e1 a disposici\u00f3n de 144 delegadas y delegados de toda la provincia, tanto de trabajadoras\/es activos y jubiladas\/os, la Memoria y Balance de nuestra organizaci\u00f3n sobre lo actuado para su aprobaci\u00f3n.<\/p>\n<p>Posteriormente, en el Congreso Extraordinario las y los estatales debatiremos la acci\u00f3n pol\u00edtica de ATE para el corriente 2025.<\/p>\n<p>Estar\u00e1n presentes junto al CDP las seis seccionales del interior provincial: ATE R\u00edo Tercero, ATE R\u00edo Cuarto, ATE Adelia Mar\u00eda, ATE Villa Mar\u00eda, ATE San Justo y ATE Cruz del Eje.<\/p>\n<p>El XXVII Congreso Ordinario y Extraordinario de ATE C\u00f3rdoba dar\u00e1 comienzo a las 10 horas, en la sede del CDP, Entre R\u00edos 450, C\u00f3rdoba Capital.<\/p>\n","protected":false},"excerpt":{"rendered":"<p>El Consejo Directivo Provincial (CDP) realizar\u00e1 el viernes 25 de abril el XXVII Congreso Ordinario y Extraordinario de ATE C\u00f3rdoba. En la ocasi\u00f3n, en la primera parte de la jornada se desarrollar\u00e1 el Congreso Ordinario donde se pondr\u00e1 a disposici\u00f3n de 144 delegadas y delegados de toda la provincia, tanto de trabajadoras\/es activos y jubiladas\/os, [&hellip;]<\/p>\n","protected":false},"author":7,"featured_media":48444,"comment_status":"open","ping_status":"open","sticky":false,"template":"","format":"standard","meta":{"_exactmetrics_skip_tracking":false,"_exactmetrics_sitenote_active":false,"_exactmetrics_sitenote_note":"","_exactmetrics_sitenote_category":0,"jnews-multi-image_gallery":[],"jnews_single_post":{"format":"standard","override":[{"template":"1","parallax":"1","fullscreen":"1","layout":"no-sidebar-narrow","sidebar":"default-sidebar","second_sidebar":"default-sidebar","sticky_sidebar":"1","share_position":"bottom","share_float_style":"share-monocrhome","show_share_counter":"1","show_view_counter":"1","show_post_meta":"1","show_post_author_image":"1","show_post_date":"1","post_date_format":"default","post_date_format_custom":"Y\/m\/d","show_post_category":"1","show_post_reading_time":"0","post_reading_time_wpm":"300","post_calculate_word_method":"str_word_count","show_zoom_button":"0","zoom_button_out_step":"2","zoom_button_in_step":"3","show_post_tag":"1","number_popup_post":"1","show_post_related":"1","show_inline_post_related":"0"}],"image_override":[{"single_post_thumbnail_size":"crop-500","single_post_gallery_size":"crop-500"}],"trending_post_position":"meta","trending_post_label":"Trending","sponsored_post_label":"Sponsored by","disable_ad":"0"},"jnews_primary_category":[],"jnews_social_meta":[],"jnews_review":[],"enable_review":"","type":"percentage","name":"","summary":"","brand":"","sku":"","good":[],"bad":[],"score_override":"","override_value":"","rating":[],"price":[],"jnews_override_counter":{"view_counter_number":"0","share_counter_number":"0","like_counter_number":"0","dislike_counter_number":"0"},"jnews_post_split":{"post_split":[{"template":"1","tag":"h2","numbering":"asc","mode":"normal","first":"0","enable_toc":"0","toc_type":"normal"}]},"footnotes":""},"categories":[341],"tags":[1067],"class_list":["post-48441","post","type-post","status-publish","format-standard","has-post-thumbnail","hentry","category-cdp","tag-congreso-provincial-ate-cordoba"],"jetpack_featured_media_url":"https:\/\/atecordoba.org\/wp-content\/uploads\/2025\/04\/IMG_20230428_104650174-scaled-e1744813774247.jpg","_links":{"self":[{"href":"https:\/\/atecordoba.org\/index.php?rest_route=\/wp\/v2\/posts\/48441","targetHints":{"allow":["GET"]}}],"collection":[{"href":"https:\/\/atecordoba.org\/index.php?rest_route=\/wp\/v2\/posts"}],"about":[{"href":"https:\/\/atecordoba.org\/index.php?rest_route=\/wp\/v2\/types\/post"}],"author":[{"embeddable":true,"href":"https:\/\/atecordoba.org\/index.php?rest_route=\/wp\/v2\/users\/7"}],"replies":[{"embeddable":true,"href":"https:\/\/atecordoba.org\/index.php?rest_route=%2Fwp%2Fv2%2Fcomments&post=48441"}],"version-history":[{"count":1,"href":"https:\/\/atecordoba.org\/index.php?rest_route=\/wp\/v2\/posts\/48441\/revisions"}],"predecessor-version":[{"id":48445,"href":"https:\/\/atecordoba.org\/index.php?rest_route=\/wp\/v2\/posts\/48441\/revisions\/48445"}],"wp:featuredmedia":[{"embeddable":true,"href":"https:\/\/atecordoba.org\/index.php?rest_route=\/wp\/v2\/media\/48444"}],"wp:attachment":[{"href":"https:\/\/atecordoba.org\/index.php?rest_route=%2Fwp%2Fv2%2Fmedia&parent=48441"}],"wp:term":[{"taxonomy":"category","embeddable":true,"href":"https:\/\/atecordoba.org\/index.php?rest_route=%2Fwp%2Fv2%2Fcategories&post=48441"},{"taxonomy":"post_tag","embeddable":true,"href":"https:\/\/atecordoba.org\/index.php?rest_route=%2Fwp%2Fv2%2Ftags&post=48441"}],"curies":[{"name":"wp","href":"https:\/\/api.w.org\/{rel}","templated":true}]}}