{"id":48419,"date":"2025-04-16T09:27:47","date_gmt":"2025-04-16T12:27:47","guid":{"rendered":"https:\/\/atecordoba.org\/?p=48419"},"modified":"2025-04-16T09:29:08","modified_gmt":"2025-04-16T12:29:08","slug":"ate-definio-protestas-simultaneas-en-todos-los-organismos-publicos-el-miercoles-23-en-rechazo-a-las-paritarias-y-la-devaluacion","status":"publish","type":"post","link":"https:\/\/atecordoba.org\/?p=48419","title":{"rendered":"Rechazo a las paritarias a la baja y la devaluaci\u00f3n: ATE defini\u00f3 protestas simult\u00e1neas en todos los organismos p\u00fablicos el mi\u00e9rcoles 23 de abril"},"content":{"rendered":"<p><em>\u201cNo le podemos dar tregua a un Gobierno que est\u00e1 perdiendo el consenso social. El da\u00f1o que nos causaron a los estatales con la complicidad de otro sindicato en la \u00faltima paritaria es irreparable\u201d, apunt\u00f3 Rodolfo Aguiar. El sindicato adem\u00e1s convoc\u00f3 a una afiliaci\u00f3n masiva para poder revertir la situaci\u00f3n salarial en el Sector P\u00fablico.<\/em><\/p>\n<p><img loading=\"lazy\" decoding=\"async\" class=\"aligncenter wp-image-48420 \" src=\"https:\/\/atecordoba.org\/wp-content\/uploads\/2025\/04\/CD-ATE-nacion-1024x683.webp\" alt=\"\" width=\"626\" height=\"417\" srcset=\"https:\/\/atecordoba.org\/wp-content\/uploads\/2025\/04\/CD-ATE-nacion-1024x683.webp 1024w, https:\/\/atecordoba.org\/wp-content\/uploads\/2025\/04\/CD-ATE-nacion-300x200.webp 300w, https:\/\/atecordoba.org\/wp-content\/uploads\/2025\/04\/CD-ATE-nacion-768x512.webp 768w, https:\/\/atecordoba.org\/wp-content\/uploads\/2025\/04\/CD-ATE-nacion-750x500.webp 750w, https:\/\/atecordoba.org\/wp-content\/uploads\/2025\/04\/CD-ATE-nacion-1140x760.webp 1140w, https:\/\/atecordoba.org\/wp-content\/uploads\/2025\/04\/CD-ATE-nacion.webp 1536w\" sizes=\"auto, (max-width: 626px) 100vw, 626px\" \/><\/p>\n<p>La Asociaci\u00f3n Trabajadores del Estado (ATE) declar\u00f3 el Estado de Asamblea Permanente en la Administraci\u00f3n P\u00fablica y decidi\u00f3 realizar protestas simult\u00e1neas en todos los organismos p\u00fablicos y ministerios este mi\u00e9rcoles 23 de abril, en el marco de una Jornada Nacional de Lucha en rechazo a la paritaria firmada por debajo de la inflaci\u00f3n y la devaluaci\u00f3n impulsada por el Gobierno Nacional.<\/p>\n<p>&#8220;No le podemos dar tregua a un Gobierno que est\u00e1 perdiendo el consenso social. El da\u00f1o que nos causaron a los estatales, con la complicidad de otro sindicato, en la \u00faltima paritaria es irreparable. Tenemos que multiplicar las protestas en todos los sectores para rechazar la posibilidad que se siga recortando en el Estado y convocar a seguir afili\u00e1ndose a ATE. Necesitamos ser mayor\u00eda en el Estado Nacional para impedir el fraude en las paritarias\u201d, indico Rodolfo Aguiar, Secretario General de ATE Nacional.<\/p>\n<p>La medida se defini\u00f3 a partir de una reuni\u00f3n del Secretario Ampliado, realizada en el Hotel H\u00e9ctor Quagliaro del sindicato (Moreno 2654, CABA). En este sentido, el dirigente de ATE apunt\u00f3: \u201cEl plan de lucha que hemos mantenido los estatales ha evitado que haya una mayor cantidad de despedidos y que la transformaci\u00f3n del Estado encarada por el Gobierno no sea tan profunda\u201d.<\/p>\n<p><img loading=\"lazy\" decoding=\"async\" class=\"alignleft wp-image-48421 \" src=\"https:\/\/atecordoba.org\/wp-content\/uploads\/2025\/04\/aguiar-rezando.webp\" alt=\"\" width=\"396\" height=\"264\" srcset=\"https:\/\/atecordoba.org\/wp-content\/uploads\/2025\/04\/aguiar-rezando.webp 768w, https:\/\/atecordoba.org\/wp-content\/uploads\/2025\/04\/aguiar-rezando-300x200.webp 300w, https:\/\/atecordoba.org\/wp-content\/uploads\/2025\/04\/aguiar-rezando-750x500.webp 750w\" sizes=\"auto, (max-width: 396px) 100vw, 396px\" \/><\/p>\n<p>\u201cTenemos que impedir que el presidente Milei cumpla con las amenazas que hizo por Cadena Nacional: seguir ajustando sobre el sector p\u00fablico y acelerar el proceso de privatizaciones\u201d, agreg\u00f3 el Secretario General de ATE Nacional.<\/p>\n<p>\u201cLa medida de fuerza que hemos definido nos tiene que permitir tambi\u00e9n poner en cuestionamiento el nuevo acuerdo con el FMI. Un entendimiento que se traduce en m\u00e1s ajuste para los jubilados y menos derechos para todos los trabajadores. Tenemos que rechazar la injerencia del Fondo en la econom\u00eda y en la vida cotidiana de las argentinas y los argentinos. No estamos dispuestos a tolerar las reformas que intentan llevar adelante como la jubilatoria, tributaria, laboral y de la coparticipaci\u00f3n\u201d, concluy\u00f3 Aguiar.<\/p>\n<p><strong>FMI: una condena a nuestros hijos y nietos<\/strong><\/p>\n<p>Por su parte, la Secretaria Adjunta de ATE Nacional, Mercedes Cabezas, indic\u00f3: \u00abDirigentes nacionales de nuestro sindicato nos reunimos para poner en agenda nuevas medidas de fuerza para las pr\u00f3ximas semanas. Estamos de acuerdo en que la imagen del Gobierno en todo el pa\u00eds se est\u00e1 derrumbando y en parte, es gracias a la lucha que venimos dando desde antes que asumiera.<img loading=\"lazy\" decoding=\"async\" class=\"alignright wp-image-48422 \" src=\"https:\/\/atecordoba.org\/wp-content\/uploads\/2025\/04\/mercedes-cabezas.webp\" alt=\"\" width=\"392\" height=\"261\" srcset=\"https:\/\/atecordoba.org\/wp-content\/uploads\/2025\/04\/mercedes-cabezas.webp 768w, https:\/\/atecordoba.org\/wp-content\/uploads\/2025\/04\/mercedes-cabezas-300x200.webp 300w, https:\/\/atecordoba.org\/wp-content\/uploads\/2025\/04\/mercedes-cabezas-750x500.webp 750w\" sizes=\"auto, (max-width: 392px) 100vw, 392px\" \/><\/p>\n<p>&#8220;El nuevo acuerdo con el FMI no es s\u00f3lo una nueva toma de deuda, sino que esconde detr\u00e1s, un nuevo ajuste que otra vez pagaremos jubilados, estatales, docentes: es decir la clase trabajadora. Es una nueva condena a nuestros hijos y nietos, a que no puedan tener proyectos a largo plazo en su propio pa\u00eds. Nuestro compromiso desde la conducci\u00f3n del sindicato ser\u00e1 seguir dando la pelea en todos los frentes, y poner en agenda que el gobierno est\u00e1 perdiendo credibilidad, que parar es un derecho y que organizarse nos da garant\u00edas de que nadie se salva solo&#8221;, manifest\u00f3 la dirigenta.<\/p>\n<p>Las protestas comenzar\u00e1n el mi\u00e9rcoles 23, a las 11 horas, con asambleas, paros, radios abiertas, cese de tareas, retiros de los lugares de trabajo. No se descarta que en algunos casos puedan existir bloqueos, cada organismo definir\u00e1 sus modalidades de protesta. En este marco, ATE convoc\u00f3 a una campa\u00f1a masiva de afiliaciones para alcanzar la mayor\u00eda en el Estado y revertir la situaci\u00f3n salarial en el Sector P\u00fablico.<\/p>\n<p><img loading=\"lazy\" decoding=\"async\" class=\"alignleft wp-image-48423 \" src=\"https:\/\/atecordoba.org\/wp-content\/uploads\/2025\/04\/reunion-cdnac.webp\" alt=\"\" width=\"395\" height=\"263\" srcset=\"https:\/\/atecordoba.org\/wp-content\/uploads\/2025\/04\/reunion-cdnac.webp 768w, https:\/\/atecordoba.org\/wp-content\/uploads\/2025\/04\/reunion-cdnac-300x200.webp 300w, https:\/\/atecordoba.org\/wp-content\/uploads\/2025\/04\/reunion-cdnac-750x500.webp 750w\" sizes=\"auto, (max-width: 395px) 100vw, 395px\" \/>Cabe recordar que la \u00faltima paritaria, rechazada por ATE y aceptada por el otro gremio participante de la discusi\u00f3n salarial en la Administraci\u00f3n P\u00fablica Nacional (UPCN), fue de un tercio de la inflaci\u00f3n anunciada ese mismo d\u00eda: 1,3% para los meses de marzo, abril y mayo, mientras que el \u00cdndice de Precios al Consumidor del INDEC dio un 3,7% en marzo.<\/p>\n<p>&nbsp;<\/p>\n<p>Adem\u00e1s, nuestro sindicato reclamar\u00e1 contra el nuevo acuerdo con el Fondo Monetario Internacional, que no s\u00f3lo implica un nuevo endeudamiento de 20 mil millones de d\u00f3lares, sino tambi\u00e9n una serie de exigencias como una reforma previsional, reforma y flexibilizaci\u00f3n laboral, reforma tributaria, reforma en el r\u00e9gimen de coparticipaci\u00f3n y la privatizaci\u00f3n de empresas p\u00fablicas.<\/p>\n<p>Adem\u00e1s, ATE alert\u00f3 sobre la devaluaci\u00f3n del 13% de la \u00faltima semana, a partir de las medidas econ\u00f3micas anunciadas por el Ejecutivo nacional.<\/p>\n","protected":false},"excerpt":{"rendered":"<p>\u201cNo le podemos dar tregua a un Gobierno que est\u00e1 perdiendo el consenso social. El da\u00f1o que nos causaron a los estatales con la complicidad de otro sindicato en la \u00faltima paritaria es irreparable\u201d, apunt\u00f3 Rodolfo Aguiar. El sindicato adem\u00e1s convoc\u00f3 a una afiliaci\u00f3n masiva para poder revertir la situaci\u00f3n salarial en el Sector P\u00fablico. [&hellip;]<\/p>\n","protected":false},"author":7,"featured_media":48421,"comment_status":"open","ping_status":"open","sticky":false,"template":"","format":"standard","meta":{"_exactmetrics_skip_tracking":false,"_exactmetrics_sitenote_active":false,"_exactmetrics_sitenote_note":"","_exactmetrics_sitenote_category":0,"jnews-multi-image_gallery":[],"jnews_single_post":{"format":"standard","override":[{"template":"1","parallax":"1","fullscreen":"1","layout":"no-sidebar-narrow","sidebar":"default-sidebar","second_sidebar":"default-sidebar","sticky_sidebar":"1","share_position":"bottom","share_float_style":"share-monocrhome","show_share_counter":"1","show_view_counter":"1","show_post_meta":"1","show_post_author_image":"1","show_post_date":"1","post_date_format":"default","post_date_format_custom":"Y\/m\/d","show_post_category":"1","show_post_reading_time":"0","post_reading_time_wpm":"300","post_calculate_word_method":"str_word_count","show_zoom_button":"0","zoom_button_out_step":"2","zoom_button_in_step":"3","show_post_tag":"1","number_popup_post":"1","show_post_related":"1","show_inline_post_related":"0"}],"image_override":[{"single_post_thumbnail_size":"crop-500","single_post_gallery_size":"crop-500"}],"trending_post_position":"meta","trending_post_label":"Trending","sponsored_post_label":"Sponsored by","disable_ad":"0"},"jnews_primary_category":[],"jnews_social_meta":[],"jnews_review":[],"enable_review":"","type":"percentage","name":"","summary":"","brand":"","sku":"","good":[],"bad":[],"score_override":"","override_value":"","rating":[],"price":[],"jnews_override_counter":{"view_counter_number":"0","share_counter_number":"0","like_counter_number":"0","dislike_counter_number":"0"},"jnews_post_split":{"post_split":[{"template":"1","tag":"h2","numbering":"asc","mode":"normal","first":"0","enable_toc":"0","toc_type":"normal"}]},"footnotes":""},"categories":[756],"tags":[595],"class_list":["post-48419","post","type-post","status-publish","format-standard","has-post-thumbnail","hentry","category-consejo-directivo-nacional-cdn","tag-paro-nacional"],"jetpack_featured_media_url":"https:\/\/atecordoba.org\/wp-content\/uploads\/2025\/04\/aguiar-rezando.webp","_links":{"self":[{"href":"https:\/\/atecordoba.org\/index.php?rest_route=\/wp\/v2\/posts\/48419","targetHints":{"allow":["GET"]}}],"collection":[{"href":"https:\/\/atecordoba.org\/index.php?rest_route=\/wp\/v2\/posts"}],"about":[{"href":"https:\/\/atecordoba.org\/index.php?rest_route=\/wp\/v2\/types\/post"}],"author":[{"embeddable":true,"href":"https:\/\/atecordoba.org\/index.php?rest_route=\/wp\/v2\/users\/7"}],"replies":[{"embeddable":true,"href":"https:\/\/atecordoba.org\/index.php?rest_route=%2Fwp%2Fv2%2Fcomments&post=48419"}],"version-history":[{"count":2,"href":"https:\/\/atecordoba.org\/index.php?rest_route=\/wp\/v2\/posts\/48419\/revisions"}],"predecessor-version":[{"id":48426,"href":"https:\/\/atecordoba.org\/index.php?rest_route=\/wp\/v2\/posts\/48419\/revisions\/48426"}],"wp:featuredmedia":[{"embeddable":true,"href":"https:\/\/atecordoba.org\/index.php?rest_route=\/wp\/v2\/media\/48421"}],"wp:attachment":[{"href":"https:\/\/atecordoba.org\/index.php?rest_route=%2Fwp%2Fv2%2Fmedia&parent=48419"}],"wp:term":[{"taxonomy":"category","embeddable":true,"href":"https:\/\/atecordoba.org\/index.php?rest_route=%2Fwp%2Fv2%2Fcategories&post=48419"},{"taxonomy":"post_tag","embeddable":true,"href":"https:\/\/atecordoba.org\/index.php?rest_route=%2Fwp%2Fv2%2Ftags&post=48419"}],"curies":[{"name":"wp","href":"https:\/\/api.w.org\/{rel}","templated":true}]}}