{"id":48409,"date":"2025-04-14T14:57:17","date_gmt":"2025-04-14T17:57:17","guid":{"rendered":"https:\/\/atecordoba.org\/?p=48409"},"modified":"2025-04-14T14:57:17","modified_gmt":"2025-04-14T17:57:17","slug":"la-devaluacion-y-la-inflacion-un-combo-que-golpea-a-la-clase-trabajadora","status":"publish","type":"post","link":"https:\/\/atecordoba.org\/?p=48409","title":{"rendered":"La devaluaci\u00f3n y la inflaci\u00f3n: un combo que golpea a la clase trabajadora"},"content":{"rendered":"<p><strong><img loading=\"lazy\" decoding=\"async\" class=\"aligncenter wp-image-48410 size-full\" src=\"https:\/\/atecordoba.org\/wp-content\/uploads\/2025\/04\/Dolar_Inflacion.jpeg\" alt=\"\" width=\"640\" height=\"480\" srcset=\"https:\/\/atecordoba.org\/wp-content\/uploads\/2025\/04\/Dolar_Inflacion.jpeg 640w, https:\/\/atecordoba.org\/wp-content\/uploads\/2025\/04\/Dolar_Inflacion-300x225.jpeg 300w\" sizes=\"auto, (max-width: 640px) 100vw, 640px\" \/>Por Carlos Rang, ATE Agricultura Familiar. Integrante del CDP.<\/strong><\/p>\n<p>Mientras el Gobierno ajusta el tipo de cambio y mantiene fuertes restricciones al d\u00f3lar, la clase trabajadora argentina enfrenta otro duro golpe: la inflaci\u00f3n se dispara, los salarios pierden poder adquisitivo y la devaluaci\u00f3n encarece a\u00fan m\u00e1s la vida. Con un d\u00f3lar oficial artificialmente retrasado y un blue que no deja de trepar, los precios de los alimentos, la ropa y los servicios b\u00e1sicos se vuelven inalcanzables para millones de familias.<\/p>\n<p>Los fondos, los bancos y las trasnacionales siguen repatriando sus ganancias en d\u00f3lares. La apertura importadora va destruyendo puestos de trabajo. Millones de familias caen por debajo de la l\u00ednea de pobreza porque sus ingresos no alcanzan. Y otras, porque ni salario tienen ya.<\/p>\n<p>Los datos del INDEC son contundentes: la inflaci\u00f3n interanual supera el 280%. Los rubros que m\u00e1s subieron golpean el coraz\u00f3n de las familias: alimentos, medicamentos y servicios (luz, gas, transporte) con m\u00e1s de 200% en un a\u00f1o y con recortes de subsidios.<\/p>\n<p>La Canasta B\u00e1sica es inalcanzable para la familia tipo: cuesta 800.000 pesos (solo para no ser pobre) mientras el salario m\u00ednimo ronda los 250.000. Aunque con aumentos nominales, las paritarias no logran recuperar lo perdido. Seg\u00fan un informe del Centro de Econom\u00eda Pol\u00edtica Argentina (CEPA), el salario real cay\u00f3 m\u00e1s del 20% en el \u00faltimo a\u00f1o.<\/p>\n<p>\u00bfPor qu\u00e9 los trabajadores debemos luchar contra la devaluaci\u00f3n y el ajuste?<\/p>\n<p>Cada vez que el peso pierde valor frente al d\u00f3lar vemos como los precios (alimentos, medicamentos, combustibles y servicios) suben de la noche a la ma\u00f1ana. Los salarios valen menos aunque prometan aumentos nominales: el poder adquisitivo se derrumba.<\/p>\n<p>Los economistas cercanos al Gobierno insisten en que &#8220;hay que esperar&#8221; a que el plan de ajuste d\u00e9 resultados. Pero en las barriadas populares, las ollas populares crecen y los comedores comunitarios no dan abasto. Ya no se trata de tener o no tener paciencia.<\/p>\n<p>La devaluaci\u00f3n del peso, las pol\u00edticas de ajuste y la inflaci\u00f3n galopante no son errores ni medidas &#8220;t\u00e9cnicas&#8221; necesarias para ordenar \u201cla\u201d econom\u00eda, como lo dicen justificadamente el gobierno, los empresarios y el FMI. Seguimos viendo que sus pol\u00edticas (sean de derecha o neo-progresistas) tienen un punto com\u00fan: mantener bajo el salario con las paritarias por debajo de la inflaci\u00f3n, con los recortes en subsidios y los tarifazos en luz, gas y transporte. Lo que ordenan entonces es \u201csu\u201d econom\u00eda a costa de licuar sus costos y empeorar cada vez m\u00e1s nuestras condiciones de vida, las de hoy y las de ma\u00f1ana.<\/p>\n<p>Por lo visto, el ajuste va a ser m\u00e1s brutal y nada nos van a regalar si no nos movilizamos. La movilizaci\u00f3n masiva es la demostraci\u00f3n de que no estamos dispuestos a pagar la crisis. Y a la vez, es una demostraci\u00f3n de fuerza para torcer realmente el brazo de ese poder que nos mantiene sometidos y empobrecidos.<\/p>\n<p>La \u00fanica salida es la organizaci\u00f3n: la organizaci\u00f3n del paro activo y la movilizaci\u00f3n en todo el pa\u00eds. Es lo que tenemos que ir debatiendo en nuestros lugares de trabajo, en las universidades, en los lugares de estudio y en los barrios, porque est\u00e1 visto que no hay salida individual.<\/p>\n<p>Si no luchamos, nos seguir\u00e1n ajustando<\/p>\n","protected":false},"excerpt":{"rendered":"<p>Por Carlos Rang, ATE Agricultura Familiar. Integrante del CDP. Mientras el Gobierno ajusta el tipo de cambio y mantiene fuertes restricciones al d\u00f3lar, la clase trabajadora argentina enfrenta otro duro golpe: la inflaci\u00f3n se dispara, los salarios pierden poder adquisitivo y la devaluaci\u00f3n encarece a\u00fan m\u00e1s la vida. Con un d\u00f3lar oficial artificialmente retrasado y [&hellip;]<\/p>\n","protected":false},"author":7,"featured_media":48410,"comment_status":"open","ping_status":"open","sticky":false,"template":"","format":"standard","meta":{"_exactmetrics_skip_tracking":false,"_exactmetrics_sitenote_active":false,"_exactmetrics_sitenote_note":"","_exactmetrics_sitenote_category":0,"jnews-multi-image_gallery":[],"jnews_single_post":{"format":"standard","override":[{"template":"1","parallax":"1","fullscreen":"1","layout":"no-sidebar-narrow","sidebar":"default-sidebar","second_sidebar":"default-sidebar","sticky_sidebar":"1","share_position":"bottom","share_float_style":"share-monocrhome","show_share_counter":"1","show_view_counter":"1","show_post_meta":"1","show_post_author_image":"1","show_post_date":"1","post_date_format":"default","post_date_format_custom":"Y\/m\/d","show_post_category":"1","show_post_reading_time":"0","post_reading_time_wpm":"300","post_calculate_word_method":"str_word_count","show_zoom_button":"0","zoom_button_out_step":"2","zoom_button_in_step":"3","show_post_tag":"1","number_popup_post":"1","show_post_related":"1","show_inline_post_related":"0"}],"image_override":[{"single_post_thumbnail_size":"crop-500","single_post_gallery_size":"crop-500"}],"trending_post_position":"meta","trending_post_label":"Trending","sponsored_post_label":"Sponsored by","disable_ad":"0"},"jnews_primary_category":[],"jnews_social_meta":[],"jnews_review":[],"enable_review":"","type":"percentage","name":"","summary":"","brand":"","sku":"","good":[],"bad":[],"score_override":"","override_value":"","rating":[],"price":[],"jnews_override_counter":{"view_counter_number":"0","share_counter_number":"0","like_counter_number":"0","dislike_counter_number":"0"},"jnews_post_split":{"post_split":[{"template":"1","tag":"h2","numbering":"asc","mode":"normal","first":"0","enable_toc":"0","toc_type":"normal"}]},"footnotes":""},"categories":[350],"tags":[572,1507],"class_list":["post-48409","post","type-post","status-publish","format-standard","has-post-thumbnail","hentry","category-opinion","tag-dolar","tag-inflacion"],"jetpack_featured_media_url":"https:\/\/atecordoba.org\/wp-content\/uploads\/2025\/04\/Dolar_Inflacion.jpeg","_links":{"self":[{"href":"https:\/\/atecordoba.org\/index.php?rest_route=\/wp\/v2\/posts\/48409","targetHints":{"allow":["GET"]}}],"collection":[{"href":"https:\/\/atecordoba.org\/index.php?rest_route=\/wp\/v2\/posts"}],"about":[{"href":"https:\/\/atecordoba.org\/index.php?rest_route=\/wp\/v2\/types\/post"}],"author":[{"embeddable":true,"href":"https:\/\/atecordoba.org\/index.php?rest_route=\/wp\/v2\/users\/7"}],"replies":[{"embeddable":true,"href":"https:\/\/atecordoba.org\/index.php?rest_route=%2Fwp%2Fv2%2Fcomments&post=48409"}],"version-history":[{"count":1,"href":"https:\/\/atecordoba.org\/index.php?rest_route=\/wp\/v2\/posts\/48409\/revisions"}],"predecessor-version":[{"id":48411,"href":"https:\/\/atecordoba.org\/index.php?rest_route=\/wp\/v2\/posts\/48409\/revisions\/48411"}],"wp:featuredmedia":[{"embeddable":true,"href":"https:\/\/atecordoba.org\/index.php?rest_route=\/wp\/v2\/media\/48410"}],"wp:attachment":[{"href":"https:\/\/atecordoba.org\/index.php?rest_route=%2Fwp%2Fv2%2Fmedia&parent=48409"}],"wp:term":[{"taxonomy":"category","embeddable":true,"href":"https:\/\/atecordoba.org\/index.php?rest_route=%2Fwp%2Fv2%2Fcategories&post=48409"},{"taxonomy":"post_tag","embeddable":true,"href":"https:\/\/atecordoba.org\/index.php?rest_route=%2Fwp%2Fv2%2Ftags&post=48409"}],"curies":[{"name":"wp","href":"https:\/\/api.w.org\/{rel}","templated":true}]}}