{"id":48400,"date":"2025-04-14T14:50:00","date_gmt":"2025-04-14T17:50:00","guid":{"rendered":"https:\/\/atecordoba.org\/?p=48400"},"modified":"2025-04-15T09:57:07","modified_gmt":"2025-04-15T12:57:07","slug":"mesa-de-ciencia-y-tecnica-el-duro-diagnostico-realizado-en-el-conversatorio-de-la-unc-como-paso-inicial-para-construir-el-rescate-del-sector","status":"publish","type":"post","link":"https:\/\/atecordoba.org\/?p=48400","title":{"rendered":"Mesa de Ciencia y T\u00e9cnica: el duro diagn\u00f3stico realizado en el conversatorio de la UNC como paso inicial para la reconstrucci\u00f3n del sector"},"content":{"rendered":"<p><img loading=\"lazy\" decoding=\"async\" class=\"aligncenter wp-image-48401 \" src=\"https:\/\/atecordoba.org\/wp-content\/uploads\/2025\/04\/WhatsApp-Image-2025-04-14-at-12.44.09.jpeg\" alt=\"\" width=\"616\" height=\"463\" srcset=\"https:\/\/atecordoba.org\/wp-content\/uploads\/2025\/04\/WhatsApp-Image-2025-04-14-at-12.44.09.jpeg 1280w, https:\/\/atecordoba.org\/wp-content\/uploads\/2025\/04\/WhatsApp-Image-2025-04-14-at-12.44.09-300x226.jpeg 300w, https:\/\/atecordoba.org\/wp-content\/uploads\/2025\/04\/WhatsApp-Image-2025-04-14-at-12.44.09-1024x770.jpeg 1024w, https:\/\/atecordoba.org\/wp-content\/uploads\/2025\/04\/WhatsApp-Image-2025-04-14-at-12.44.09-768x578.jpeg 768w, https:\/\/atecordoba.org\/wp-content\/uploads\/2025\/04\/WhatsApp-Image-2025-04-14-at-12.44.09-750x564.jpeg 750w, https:\/\/atecordoba.org\/wp-content\/uploads\/2025\/04\/WhatsApp-Image-2025-04-14-at-12.44.09-1140x858.jpeg 1140w\" sizes=\"auto, (max-width: 616px) 100vw, 616px\" \/>Hoy se desarrollo en el Aula Magna de la Facultad de Matem\u00e1tica, Astronom\u00eda y F\u00edsica (FAMAF), de la UNC, un conversatorio abierto para abordar la realidad del sector de ciencia y t\u00e9cnica, organizado por la Mesa Sindical que agrupa a gremios como ATE ( que agrupa organismos de peso y basta trayectoria en la provincia como ATE CONAE, ATE VENG, ATE INTI, ATE DIOXITEK), Adiuc (docentes e investigadores universitarios) y Apinta (gremio de INTA seccional Manfredi).<\/p>\n<p>En la oportunidad participaron en panel profesionales de larga trayectoria como la doctora de CONICET M\u00f3nica Balzarini, el paritario nacional de ATE Flavio Vergara, el diputado nacional y reconocido sanitarista Daniel Gollan y el f\u00edsico y especialista en historia de la ciencia y la tecnolog\u00eda argentina Diego Hurtado.<\/p>\n<p>Se destac\u00f3 tambi\u00e9n la presencia de las diputadas nacionales Natalia De la Sota y Gabriela Estevez.<\/p>\n<p><img loading=\"lazy\" decoding=\"async\" class=\"aligncenter wp-image-48402 \" src=\"https:\/\/atecordoba.org\/wp-content\/uploads\/2025\/04\/WhatsApp-Image-2025-04-14-at-12.43.42-1024x770.jpeg\" alt=\"\" width=\"616\" height=\"463\" srcset=\"https:\/\/atecordoba.org\/wp-content\/uploads\/2025\/04\/WhatsApp-Image-2025-04-14-at-12.43.42-1024x770.jpeg 1024w, https:\/\/atecordoba.org\/wp-content\/uploads\/2025\/04\/WhatsApp-Image-2025-04-14-at-12.43.42-300x226.jpeg 300w, https:\/\/atecordoba.org\/wp-content\/uploads\/2025\/04\/WhatsApp-Image-2025-04-14-at-12.43.42-768x578.jpeg 768w, https:\/\/atecordoba.org\/wp-content\/uploads\/2025\/04\/WhatsApp-Image-2025-04-14-at-12.43.42-750x564.jpeg 750w, https:\/\/atecordoba.org\/wp-content\/uploads\/2025\/04\/WhatsApp-Image-2025-04-14-at-12.43.42-1140x858.jpeg 1140w, https:\/\/atecordoba.org\/wp-content\/uploads\/2025\/04\/WhatsApp-Image-2025-04-14-at-12.43.42.jpeg 1280w\" sizes=\"auto, (max-width: 616px) 100vw, 616px\" \/><\/p>\n<p>ATE C\u00f3rdoba estuvo presente con distintos compa\u00f1eros que forman parte de organismos nacionales en la material, encabezados por nuestro secretario General, Federico Giuliani, acompa\u00f1ado por el secretario Gremial, Jorge Chalup, y sus pares de Acci\u00f3n pol\u00edtica y Finanzas, Alejandra Agnone y Ricardo Reyna.<\/p>\n<p>Giuliani valor\u00f3 la actividad ya que &#8220;la idea no es solo reagruparnos y pelear contra un gobierno fascista que ataca lo p\u00fablico, tanto al Estado nacional como a las universidades, entendiendo que estamos en un proceso de resistencia, sino tambi\u00e9n para empezar a debatir cu\u00e1l va a ser el d\u00eda despu\u00e9s que este gobierno se vaya&#8221;.<\/p>\n<p>El dirigente asegur\u00f3 que &#8220;esta etapa es de lucha y resistencia, ATE lo ha demostrado en este a\u00f1o y medio de gobierno de Milei pero tambi\u00e9n necesitamos encontrar espacios de debate y de reflexi\u00f3n para debatir la pol\u00edtica, sobre qu\u00e9 pa\u00eds hay que construir para un proyecto de liberaci\u00f3n nacional con la ciencia y la tecnolog\u00eda como pilares basales de la nueva etapa. Eso va a ser el d\u00eda despu\u00e9s que se vaya Milei&#8221;.<\/p>\n<p><img loading=\"lazy\" decoding=\"async\" class=\"aligncenter wp-image-48403 \" src=\"https:\/\/atecordoba.org\/wp-content\/uploads\/2025\/04\/WhatsApp-Image-2025-04-14-at-12.43.39-1-1024x770.jpeg\" alt=\"\" width=\"617\" height=\"464\" srcset=\"https:\/\/atecordoba.org\/wp-content\/uploads\/2025\/04\/WhatsApp-Image-2025-04-14-at-12.43.39-1-1024x770.jpeg 1024w, https:\/\/atecordoba.org\/wp-content\/uploads\/2025\/04\/WhatsApp-Image-2025-04-14-at-12.43.39-1-300x226.jpeg 300w, https:\/\/atecordoba.org\/wp-content\/uploads\/2025\/04\/WhatsApp-Image-2025-04-14-at-12.43.39-1-768x578.jpeg 768w, https:\/\/atecordoba.org\/wp-content\/uploads\/2025\/04\/WhatsApp-Image-2025-04-14-at-12.43.39-1-750x564.jpeg 750w, https:\/\/atecordoba.org\/wp-content\/uploads\/2025\/04\/WhatsApp-Image-2025-04-14-at-12.43.39-1-1140x858.jpeg 1140w, https:\/\/atecordoba.org\/wp-content\/uploads\/2025\/04\/WhatsApp-Image-2025-04-14-at-12.43.39-1.jpeg 1280w\" sizes=\"auto, (max-width: 617px) 100vw, 617px\" \/><\/p>\n<p>&#8220;Si bien este conversatorio est\u00e1 enmarcado en el \u00e1mbito de las universidades nacionales y los organismos nacionales, claro que estamos en una provincia que construye el mismo imaginario que en el Estado sobra gente, que es gasto y que ante eso generan la tercerizaci\u00f3n y privatizaci\u00f3n de \u00e1reas que son indelegables de Estado&#8221;, advirti\u00f3 Giuliani.<\/p>\n<p>El secretario General de ATE C\u00f3rdoba fustig\u00f3 tambi\u00e9n al gobierno de C\u00f3rdoba al destacar que &#8220;frente a los 800 cordobeses y cordobesas que trabajaban en el Estado nacional, una cat\u00e1strofe social que denunciamos en la Legislatura cordobesa, hubieron pronunciamientos muy lindos y prolijos que no resolvieron la cuesti\u00f3n de fondo sobre el avance de las pol\u00edticas de ajuste de Milei. Respecto a los organismos que a\u00fan siguen en pie, hay que destacar no solo el empleo directo sino el indirecto que generan, sobre todo en localidades como R\u00edo Tercero o Villas Mar\u00eda, pero tambi\u00e9n en C\u00f3rdoba Capital o Embalse y c\u00f3mo impactan los salarios del personal en las econom\u00edas regionales&#8221;.<\/p>\n<p>Por su parte, la coordinadora de la mesa del conversatorio, Valeria Plaza, investigadora doctora de Ciencias Sociales de CONICET, CIECS, afirm\u00f3 que &#8220;la propuesta que hacemos desde la Mesa Sindical es empezar a construir un diagn\u00f3stico y dise\u00f1ar l\u00edneas posibles en el horizonte. Creemos que este espacio puede ser un punto de partida para ponerlo en papel para elaborar una agenda en com\u00fan entre los distintos actores que integran la Mesa para agilizar un di\u00e1logo m\u00e1s frecuente que desarrollen propuestas y que la sociedad advierta nuestras iniciativas, m\u00e1s all\u00e1 de las medidas de fuerza que realizamos en defensa de los salarios y los puestos de trabajo que tuvieron escasos \u00e9xitos sobre las paritarias y contra los despidos&#8221;.<img loading=\"lazy\" decoding=\"async\" class=\"aligncenter wp-image-48404 \" src=\"https:\/\/atecordoba.org\/wp-content\/uploads\/2025\/04\/WhatsApp-Image-2025-04-14-at-12.43.40-1024x770.jpeg\" alt=\"\" width=\"616\" height=\"463\" srcset=\"https:\/\/atecordoba.org\/wp-content\/uploads\/2025\/04\/WhatsApp-Image-2025-04-14-at-12.43.40-1024x770.jpeg 1024w, https:\/\/atecordoba.org\/wp-content\/uploads\/2025\/04\/WhatsApp-Image-2025-04-14-at-12.43.40-300x226.jpeg 300w, https:\/\/atecordoba.org\/wp-content\/uploads\/2025\/04\/WhatsApp-Image-2025-04-14-at-12.43.40-768x578.jpeg 768w, https:\/\/atecordoba.org\/wp-content\/uploads\/2025\/04\/WhatsApp-Image-2025-04-14-at-12.43.40-750x564.jpeg 750w, https:\/\/atecordoba.org\/wp-content\/uploads\/2025\/04\/WhatsApp-Image-2025-04-14-at-12.43.40-1140x858.jpeg 1140w, https:\/\/atecordoba.org\/wp-content\/uploads\/2025\/04\/WhatsApp-Image-2025-04-14-at-12.43.40.jpeg 1280w\" sizes=\"auto, (max-width: 616px) 100vw, 616px\" \/><\/p>\n<p>&#8220;La idea de proyectar esto en una facultad con los actores que convocamos, que son referentes nacionales pero tambi\u00e9n locales, para bajar ese diagn\u00f3stico y esa construcci\u00f3n en clave local. Tenemos una trayectoria de organizaciones con las que proyectar futuras medidas de fuerza, pero creemos que hay un desconocimiento en la sociedad sobre lo que hacemos y para qu\u00e9 sirve, en un pa\u00eds que necesita claramente la construcci\u00f3n de soberan\u00eda&#8221;.<\/p>\n<p>La investigadora dijo que &#8220;el gobierno est\u00e1 aplicando la muerte por inanici\u00f3n del sistema, los recortes en todas las \u00e1reas de investigaci\u00f3n lo que impacta en el deterioro de los equipos de investigaci\u00f3n. En C\u00f3rdoba necesitamos un nuevo impulso nacional porque las y los investigadores tenemos mucho que aportar para los problemas locales&#8221;.<\/p>\n<p>En tanto,\u00a0Emiliano Baum, delegado de ATE CONAE, destac\u00f3 que &#8220;queremos pensar un poco sobre el futuro, porque est\u00e1 claro que este proceso de Milei se va a acabar, esperemos que m\u00e1s temprano que tarde. Y vamos tener que reconstruir, para eso los trabajadores tenemos un rol y necesitamos delinear cu\u00e1l va a ser la estrategia&#8221;.<\/p>\n<p>&#8220;Es importante haber podido juntar compa\u00f1eros de Adiuc, de Apinta, de distintos sectores de ciencia y tecnolog\u00eda de ATE con referentes como Gollan, que es presidente de la Comisi\u00f3n de Ciencia y Tecnolog\u00eda de la C\u00e1mara de Diputados, o Diego Hurtado, referente del sector Ciencia y Tecnolog\u00eda. Entre todos vamos a dar este debate&#8221;, se\u00f1al\u00f3 el dirigente.<img loading=\"lazy\" decoding=\"async\" class=\"aligncenter wp-image-48405 \" src=\"https:\/\/atecordoba.org\/wp-content\/uploads\/2025\/04\/WhatsApp-Image-2025-04-14-at-12.43.39-1024x770.jpeg\" alt=\"\" width=\"618\" height=\"465\" srcset=\"https:\/\/atecordoba.org\/wp-content\/uploads\/2025\/04\/WhatsApp-Image-2025-04-14-at-12.43.39-1024x770.jpeg 1024w, https:\/\/atecordoba.org\/wp-content\/uploads\/2025\/04\/WhatsApp-Image-2025-04-14-at-12.43.39-300x226.jpeg 300w, https:\/\/atecordoba.org\/wp-content\/uploads\/2025\/04\/WhatsApp-Image-2025-04-14-at-12.43.39-768x578.jpeg 768w, https:\/\/atecordoba.org\/wp-content\/uploads\/2025\/04\/WhatsApp-Image-2025-04-14-at-12.43.39-750x564.jpeg 750w, https:\/\/atecordoba.org\/wp-content\/uploads\/2025\/04\/WhatsApp-Image-2025-04-14-at-12.43.39-1140x858.jpeg 1140w, https:\/\/atecordoba.org\/wp-content\/uploads\/2025\/04\/WhatsApp-Image-2025-04-14-at-12.43.39.jpeg 1280w\" sizes=\"auto, (max-width: 618px) 100vw, 618px\" \/><\/p>\n<p>Para luego sentenciar que &#8220;hoy estamos mal. El sector de ciencia y tecnolog\u00eda est\u00e1 siendo muy castigado por un gobierno oscurantista en muchos de sus planteos, terraplanista, antivacunas, planteando cosas que ya estaban saldadas, no solo en nuestro sector sino tambi\u00e9n en DDHH, lo hace en todos lados de la mano de un ajuste tremendo en los presupuestos y los salarios. As\u00ed matan los proyectos y expulsan a los trabajadores que buscan salida laboral en el sector privado o en el exterior, de donde buscan nuestros profesionales y t\u00e9cnicos, se los llevan y perdemos conocimiento muy dif\u00edcil de reponer&#8221;.<\/p>\n","protected":false},"excerpt":{"rendered":"<p>Hoy se desarrollo en el Aula Magna de la Facultad de Matem\u00e1tica, Astronom\u00eda y F\u00edsica (FAMAF), de la UNC, un conversatorio abierto para abordar la realidad del sector de ciencia y t\u00e9cnica, organizado por la Mesa Sindical que agrupa a gremios como ATE ( que agrupa organismos de peso y basta trayectoria en la provincia [&hellip;]<\/p>\n","protected":false},"author":7,"featured_media":48402,"comment_status":"open","ping_status":"open","sticky":false,"template":"","format":"standard","meta":{"_exactmetrics_skip_tracking":false,"_exactmetrics_sitenote_active":false,"_exactmetrics_sitenote_note":"","_exactmetrics_sitenote_category":0,"jnews-multi-image_gallery":[],"jnews_single_post":{"format":"standard","override":[{"template":"1","parallax":"1","fullscreen":"1","layout":"no-sidebar-narrow","sidebar":"default-sidebar","second_sidebar":"default-sidebar","sticky_sidebar":"1","share_position":"bottom","share_float_style":"share-monocrhome","show_share_counter":"1","show_view_counter":"1","show_post_meta":"1","show_post_author_image":"1","show_post_date":"1","post_date_format":"default","post_date_format_custom":"Y\/m\/d","show_post_category":"1","show_post_reading_time":"0","post_reading_time_wpm":"300","post_calculate_word_method":"str_word_count","show_zoom_button":"0","zoom_button_out_step":"2","zoom_button_in_step":"3","show_post_tag":"1","number_popup_post":"1","show_post_related":"1","show_inline_post_related":"0"}],"image_override":[{"single_post_thumbnail_size":"crop-500","single_post_gallery_size":"crop-500"}],"trending_post_position":"meta","trending_post_label":"Trending","sponsored_post_label":"Sponsored by","disable_ad":"0"},"jnews_primary_category":[],"jnews_social_meta":[],"jnews_review":[],"enable_review":"","type":"percentage","name":"","summary":"","brand":"","sku":"","good":[],"bad":[],"score_override":"","override_value":"","rating":[],"price":[],"jnews_override_counter":{"view_counter_number":"0","share_counter_number":"0","like_counter_number":"0","dislike_counter_number":"0"},"jnews_post_split":{"post_split":[{"template":"1","tag":"h2","numbering":"asc","mode":"normal","first":"0","enable_toc":"0","toc_type":"normal"}]},"footnotes":""},"categories":[10,18],"tags":[1082],"class_list":["post-48400","post","type-post","status-publish","format-standard","has-post-thumbnail","hentry","category-accion-politica","category-nacionales","tag-ciencia-y-tecnica"],"jetpack_featured_media_url":"https:\/\/atecordoba.org\/wp-content\/uploads\/2025\/04\/WhatsApp-Image-2025-04-14-at-12.43.42.jpeg","_links":{"self":[{"href":"https:\/\/atecordoba.org\/index.php?rest_route=\/wp\/v2\/posts\/48400","targetHints":{"allow":["GET"]}}],"collection":[{"href":"https:\/\/atecordoba.org\/index.php?rest_route=\/wp\/v2\/posts"}],"about":[{"href":"https:\/\/atecordoba.org\/index.php?rest_route=\/wp\/v2\/types\/post"}],"author":[{"embeddable":true,"href":"https:\/\/atecordoba.org\/index.php?rest_route=\/wp\/v2\/users\/7"}],"replies":[{"embeddable":true,"href":"https:\/\/atecordoba.org\/index.php?rest_route=%2Fwp%2Fv2%2Fcomments&post=48400"}],"version-history":[{"count":4,"href":"https:\/\/atecordoba.org\/index.php?rest_route=\/wp\/v2\/posts\/48400\/revisions"}],"predecessor-version":[{"id":48418,"href":"https:\/\/atecordoba.org\/index.php?rest_route=\/wp\/v2\/posts\/48400\/revisions\/48418"}],"wp:featuredmedia":[{"embeddable":true,"href":"https:\/\/atecordoba.org\/index.php?rest_route=\/wp\/v2\/media\/48402"}],"wp:attachment":[{"href":"https:\/\/atecordoba.org\/index.php?rest_route=%2Fwp%2Fv2%2Fmedia&parent=48400"}],"wp:term":[{"taxonomy":"category","embeddable":true,"href":"https:\/\/atecordoba.org\/index.php?rest_route=%2Fwp%2Fv2%2Fcategories&post=48400"},{"taxonomy":"post_tag","embeddable":true,"href":"https:\/\/atecordoba.org\/index.php?rest_route=%2Fwp%2Fv2%2Ftags&post=48400"}],"curies":[{"name":"wp","href":"https:\/\/api.w.org\/{rel}","templated":true}]}}